{"id":2608,"date":"2020-04-18T18:50:15","date_gmt":"2020-04-18T16:50:15","guid":{"rendered":"http:\/\/agora.xtec.cat\/ceiptallo\/?p=2608"},"modified":"2020-04-18T18:56:51","modified_gmt":"2020-04-18T16:56:51","slug":"els-nostres-aplaudiments","status":"publish","type":"post","link":"https:\/\/agora.xtec.cat\/ceiptallo\/general\/els-nostres-aplaudiments\/","title":{"rendered":"Els nostres aplaudiments!"},"content":{"rendered":"<p>Des de l&#8217;escola ens sumem a aplaudir als sanitaris i ho fem d&#8217;una manera especial&#8230; Cada dia a les 20.00 sona pels altaveus del nostre centre la can\u00e7\u00f3 <span style=\"color: #993366;\">AVUI CANVIEM EL M\u00d3N<\/span> de Gertrudis!<\/p>\n<p>Aquest reconeixement tamb\u00e9 el volem dedicar a tots aquells que us quedeu a casa, als que oferiu serveis b\u00e0sics, als que cuideu als m\u00e9s vulnerables, als que heu tirat endavant propostes solid\u00e0ries, a les fam\u00edlies que cuideu als m\u00e9s petits i als m\u00e9s grans, la llista \u00e9s llarga&#8230;. <span style=\"color: #993366;\">Per\u00f2 en especial tamb\u00e9 als nostres alumnes!!!!<\/span><\/p>\n<p><iframe loading=\"lazy\" src=\"https:\/\/www.youtube.com\/embed\/p9diR38kpNY\" width=\"640\" height=\"360\" frameborder=\"0\"><\/iframe><\/p>\n<p><strong><span style=\"color: #993366;\">AVUI CANVIEM EL M\u00d3N (Gertrudis)<\/span><\/strong><\/p>\n<p>Guardem aquells moments<br \/>\nOn el nostre cos es fonia amb la gent<br \/>\nGuardem aquell instant<br \/>\nOn tan fort ens agaf\u00e0vem de les mans<\/p>\n<p>Guardem-ho ben tancat<br \/>\nDins el record del passat<br \/>\nQue tornarem a obrir<br \/>\nQuan l\u2019escalfor del sol torni a sortir<\/p>\n<p>Avui, avui canviem el m\u00f3n<br \/>\nDes de l\u2019habitaci\u00f3<br \/>\nAvui no ens movem d\u2019aquest rac\u00f3<\/p>\n<p>Avui, avui canviem el m\u00f3n<br \/>\nSense moure\u2019ns fem el gest<br \/>\nM\u00e9s important de l\u2019univers<\/p>\n<p>Podem mirar-nos tant<br \/>\nQue trencarem la llunyania m\u00e9s gegant<br \/>\nPodem parlar-nos tant<br \/>\nQue potser ens coneixerem millor que mai<\/p>\n<p>Que no pugui abra\u00e7ar-te no vol dir<br \/>\nQue no pugui esperar-te fins que estiguis amb mi<br \/>\nQue no pugui abra\u00e7ar-te no vol dir<br \/>\nQue et pensi amb la impaci\u00e8ncia de la nit<\/p>\n<p>Avui, avui canviem el m\u00f3n<br \/>\nDes de l\u2019habitaci\u00f3<br \/>\nAvui no ens movem d\u2019aquest rac\u00f3<\/p>\n<p>Avui, avui canviem el m\u00f3n<br \/>\nSense moure\u2019ns fem el gest<br \/>\nM\u00e9s important de l\u2019univers<\/p>\n<p>&nbsp;<\/p>\n","protected":false},"excerpt":{"rendered":"<p>Des de l&#8217;escola ens sumem a aplaudir als sanitaris i ho fem d&#8217;una manera especial&#8230; Cada dia a les 20.00 sona pels altaveus del nostre centre la can\u00e7\u00f3 AVUI CANVIEM EL M\u00d3N de Gertrudis! Aquest reconeixement tamb\u00e9 el volem dedicar a tots aquells que us quedeu a casa, als que oferiu serveis b\u00e0sics, als que cuideu als m\u00e9s vulnerables, als que heu tirat endavant propostes solid\u00e0ries, a les fam\u00edlies que cuideu als m\u00e9s petits i als m\u00e9s grans, la llista \u00e9s llarga&#8230;. Per\u00f2 en especial tamb\u00e9 als nostres alumnes!!!!&hellip;  <a href=\"https:\/\/agora.xtec.cat\/ceiptallo\/general\/els-nostres-aplaudiments\/\" title=\"Read Els nostres aplaudiments!\">Llegeix m\u00e9s\u00bb<\/a><\/p>\n","protected":false},"author":1,"featured_media":2610,"comment_status":"open","ping_status":"closed","sticky":false,"template":"","format":"standard","meta":{"_bbp_topic_count":0,"_bbp_reply_count":0,"_bbp_total_topic_count":0,"_bbp_total_reply_count":0,"_bbp_voice_count":0,"_bbp_anonymous_reply_count":0,"_bbp_topic_count_hidden":0,"_bbp_reply_count_hidden":0,"_bbp_forum_subforum_count":0,"footnotes":""},"categories":[1,4],"tags":[],"class_list":["post-2608","post","type-post","status-publish","format-standard","has-post-thumbnail","hentry","category-general","category-portada"],"post_mailing_queue_ids":[],"_links":{"self":[{"href":"https:\/\/agora.xtec.cat\/ceiptallo\/wp-json\/wp\/v2\/posts\/2608","targetHints":{"allow":["GET"]}}],"collection":[{"href":"https:\/\/agora.xtec.cat\/ceiptallo\/wp-json\/wp\/v2\/posts"}],"about":[{"href":"https:\/\/agora.xtec.cat\/ceiptallo\/wp-json\/wp\/v2\/types\/post"}],"author":[{"embeddable":true,"href":"https:\/\/agora.xtec.cat\/ceiptallo\/wp-json\/wp\/v2\/users\/1"}],"replies":[{"embeddable":true,"href":"https:\/\/agora.xtec.cat\/ceiptallo\/wp-json\/wp\/v2\/comments?post=2608"}],"version-history":[{"count":3,"href":"https:\/\/agora.xtec.cat\/ceiptallo\/wp-json\/wp\/v2\/posts\/2608\/revisions"}],"predecessor-version":[{"id":2615,"href":"https:\/\/agora.xtec.cat\/ceiptallo\/wp-json\/wp\/v2\/posts\/2608\/revisions\/2615"}],"wp:featuredmedia":[{"embeddable":true,"href":"https:\/\/agora.xtec.cat\/ceiptallo\/wp-json\/wp\/v2\/media\/2610"}],"wp:attachment":[{"href":"https:\/\/agora.xtec.cat\/ceiptallo\/wp-json\/wp\/v2\/media?parent=2608"}],"wp:term":[{"taxonomy":"category","embeddable":true,"href":"https:\/\/agora.xtec.cat\/ceiptallo\/wp-json\/wp\/v2\/categories?post=2608"},{"taxonomy":"post_tag","embeddable":true,"href":"https:\/\/agora.xtec.cat\/ceiptallo\/wp-json\/wp\/v2\/tags?post=2608"}],"curies":[{"name":"wp","href":"https:\/\/api.w.org\/{rel}","templated":true}]}}