{"id":2114,"date":"2020-03-12T16:12:45","date_gmt":"2020-03-12T15:12:45","guid":{"rendered":"http:\/\/agora.xtec.cat\/ceiptallo\/?p=2114"},"modified":"2020-03-12T16:12:45","modified_gmt":"2020-03-12T15:12:45","slug":"tancament-preventiu-escola","status":"publish","type":"post","link":"https:\/\/agora.xtec.cat\/ceiptallo\/general\/tancament-preventiu-escola\/","title":{"rendered":"Tancament preventiu escola"},"content":{"rendered":"<div><span style=\"font-family: tahoma, sans-serif;\">El Dep<\/span>artament d&#8217;Educaci\u00f3, seguint instruccions del departament de Salut i com a mesura excepcional per contenir el coronavirus, ha pres la decisi\u00f3 de\u00a0 <b>tancar a partir del dia 13 de mar\u00e7 i fins al proper dia 27 mar\u00e7, ambd\u00f3s inclosos, tots els centres educatius del pa\u00eds<\/b>\u00a0i, per tant, han quedat suspeses les classes en horari lectiu i les activitats extraescolars.<\/div>\n<div><span style=\"font-family: tahoma, sans-serif;\">\u00a0<\/span><\/div>\n<div><span style=\"font-family: tahoma, sans-serif;\">Estigueu atents al correu electr\u00f2nic ja que us anirem informant de les novetats que vagin sortint.<\/span><\/div>\n","protected":false},"excerpt":{"rendered":"<p>El Departament d&#8217;Educaci\u00f3, seguint instruccions del departament de Salut i com a mesura excepcional per contenir el coronavirus, ha pres la decisi\u00f3 de\u00a0 tancar a partir del dia 13 de mar\u00e7 i fins al proper dia 27 mar\u00e7, ambd\u00f3s inclosos, tots els centres educatius del&hellip;  <a href=\"https:\/\/agora.xtec.cat\/ceiptallo\/general\/tancament-preventiu-escola\/\" title=\"Read Tancament preventiu escola\">Llegeix m\u00e9s\u00bb<\/a><\/p>\n","protected":false},"author":1,"featured_media":0,"comment_status":"open","ping_status":"closed","sticky":false,"template":"","format":"standard","meta":{"_bbp_topic_count":0,"_bbp_reply_count":0,"_bbp_total_topic_count":0,"_bbp_total_reply_count":0,"_bbp_voice_count":0,"_bbp_anonymous_reply_count":0,"_bbp_topic_count_hidden":0,"_bbp_reply_count_hidden":0,"_bbp_forum_subforum_count":0,"footnotes":""},"categories":[1,4],"tags":[],"class_list":["post-2114","post","type-post","status-publish","format-standard","hentry","category-general","category-portada"],"post_mailing_queue_ids":[],"_links":{"self":[{"href":"https:\/\/agora.xtec.cat\/ceiptallo\/wp-json\/wp\/v2\/posts\/2114","targetHints":{"allow":["GET"]}}],"collection":[{"href":"https:\/\/agora.xtec.cat\/ceiptallo\/wp-json\/wp\/v2\/posts"}],"about":[{"href":"https:\/\/agora.xtec.cat\/ceiptallo\/wp-json\/wp\/v2\/types\/post"}],"author":[{"embeddable":true,"href":"https:\/\/agora.xtec.cat\/ceiptallo\/wp-json\/wp\/v2\/users\/1"}],"replies":[{"embeddable":true,"href":"https:\/\/agora.xtec.cat\/ceiptallo\/wp-json\/wp\/v2\/comments?post=2114"}],"version-history":[{"count":1,"href":"https:\/\/agora.xtec.cat\/ceiptallo\/wp-json\/wp\/v2\/posts\/2114\/revisions"}],"predecessor-version":[{"id":2115,"href":"https:\/\/agora.xtec.cat\/ceiptallo\/wp-json\/wp\/v2\/posts\/2114\/revisions\/2115"}],"wp:attachment":[{"href":"https:\/\/agora.xtec.cat\/ceiptallo\/wp-json\/wp\/v2\/media?parent=2114"}],"wp:term":[{"taxonomy":"category","embeddable":true,"href":"https:\/\/agora.xtec.cat\/ceiptallo\/wp-json\/wp\/v2\/categories?post=2114"},{"taxonomy":"post_tag","embeddable":true,"href":"https:\/\/agora.xtec.cat\/ceiptallo\/wp-json\/wp\/v2\/tags?post=2114"}],"curies":[{"name":"wp","href":"https:\/\/api.w.org\/{rel}","templated":true}]}}