{"id":2054,"date":"2020-03-10T13:51:51","date_gmt":"2020-03-10T12:51:51","guid":{"rendered":"http:\/\/agora.xtec.cat\/ceiptallo\/?p=2054"},"modified":"2021-05-14T13:37:47","modified_gmt":"2021-05-14T11:37:47","slug":"dimecres-de-cendra","status":"publish","type":"post","link":"https:\/\/agora.xtec.cat\/ceiptallo\/general\/dimecres-de-cendra\/","title":{"rendered":"Dimecres de cendra"},"content":{"rendered":"<h6>El dimecres 26 de mar\u00e7, vam celebrar el dimecres de cendra. Enguany no hem pogut cremar el Carnestoltes perqu\u00e8 ha fet molt vent. Tot i aix\u00f2 ens hem despedit d&#8217;ell fent un bon berenar i escoltant el seu testament, aqu\u00ed el teniu:<\/h6>\n<p>&nbsp;<\/p>\n<h6><span style=\"color: #99cc00;\">TESTAMENT REI CARNESTOLTES (Escrit pels alumnes de 6\u00e8)<\/span><\/h6>\n<h6>Hola petits poca-soltes, jo s\u00f3c el rei carnestoltes.<\/h6>\n<h6>Per carnaval tot s\u2019hi val i no hi haur\u00e0 cap funeral.<\/h6>\n<h6>Aqu\u00ed us deixo un testament que he fet a l&#8217;\u00faltim moment.<\/h6>\n<h6><\/h6>\n<h6>Als de P3 els li traur\u00e9 l&#8217;estr\u00e8s.<\/h6>\n<h6>Als de P4 la classe els hi netejar\u00e9 i ben maca els hi deixar\u00e9.<\/h6>\n<h6>Pels de P5 moltes coses tinc.<\/h6>\n<h6>Als de 1r un viatge a Portaventura us regalar\u00e9.<\/h6>\n<h6>Als de 2n una volta al m\u00f3n.<\/h6>\n<h6>Als de 3r un bon any us donar\u00e9.<\/h6>\n<h6>Els de 4rt ja em teniu fart.<\/h6>\n<h6>Als de 5\u00e8 res us regalar\u00e9.<\/h6>\n<h6>Als de 6\u00e8 molta sort per l\u2019any que ve.<\/h6>\n<h6>A la Violant una germaneta per la Xispa li donaran.<\/h6>\n<h6>A l\u2019Elisenda li regalar\u00e9 una agenda.<\/h6>\n<h6>A la Liv un bon past\u00eds.<\/h6>\n<h6>A la S\u00f2nia una maced\u00f2nia.<\/h6>\n<h6>Al Xavi que alg\u00fa el salvi.<\/h6>\n<h6>A la N\u00faria un viatge a la Vall de N\u00faria.<\/h6>\n<h6>Al Jordi d\u2019angl\u00e8s el convertir\u00e9 en un bon pag\u00e8s.<\/h6>\n<h6>A l\u2019Anna una vida sana.<\/h6>\n<h6>A la M\u00edriam una cosa li regalar\u00e9 molts anys en aquesta escola perqu\u00e8 ho fa molt b\u00e9.<\/h6>\n<h6>A la Judith un mosquit i que li piqui al dit.<\/h6>\n<h6>A la Mireia que entri a casa seva per la xemeneia.<\/h6>\n<h6>A la N\u00faria un viatge a la Vall de N\u00faria.<\/h6>\n<h6>Per la Marga una magrana i si no li agrada una abra\u00e7ada.<\/h6>\n<h6>Per l\u2019Eli que se li tregui el cangueli.<\/h6>\n<h6>Per l\u2019Aida un got d&#8217;aigua.<\/h6>\n<h6>Per la Laura de segon, una sortida a Villanueva de Castell\u00f3n.<\/h6>\n<h6>Per l\u2019Ester un bon xocolater li donar\u00e9 i ben amable li deixar\u00e9.<\/h6>\n<h6>Per l&#8217;Al\u00edcia una llarga car\u00edcia.<\/h6>\n<h6>Per la Silvia un dinar a Ll\u00edvia.<\/h6>\n<h6>El Jordi director no ser\u00e0 pas mai actor.<\/h6>\n<h6>A les monitores del menjador que faci menys calor.<\/h6>\n<h6>Per l\u2019Ester del menjador un gran depredador.<\/h6>\n<h6>Per la Martita una pizza margarita.<\/h6>\n<h6><\/h6>\n<h6>El meu testament ja sabeu i el pr\u00f2xim any ja em veureu!!!<\/h6>\n<p>&nbsp;<\/p>\n\r\n\t<div class=\"slideshow_container slideshow_container_style-light\" style=\"height: 300px; \" data-slideshow-id=\"2056\" data-style-name=\"style-light\" data-style-version=\"2.3.1\" >\r\n\r\n\t\t\t\t\t<div class=\"slideshow_loading_icon\"><\/div>\r\n\t\t\r\n\t\t<div class=\"slideshow_content\" style=\"display: none;\">\r\n\r\n\t\t\t<div class=\"slideshow_view\">\r\n\t\t\t\t<div class=\"slideshow_slide slideshow_slide_image\">\r\n\t\t\t\t\t\t\t\t\t\t\t<img src=\"https:\/\/agora.xtec.cat\/ceiptallo\/wp-content\/uploads\/usu875\/2020\/03\/20200226_161742.jpg\" alt=\"20200226_161742\" width=\"600\" height=\"292\" \/>\r\n\t\t\t\t\t\t\t\t\t\t<div class=\"slideshow_description_box slideshow_transparent\">\r\n\t\t\t\t\t\t<div class=\"slideshow_title\">20200226_161742<\/div>\t\t\t\t\t\t\t\t\t\t\t<\/div>\r\n\t\t\t\t<\/div>\r\n\r\n\t\t\t\t\t\t<div style=\"clear: both;\"><\/div><\/div><div class=\"slideshow_view\">\r\n\t\t\t\t<div class=\"slideshow_slide slideshow_slide_image\">\r\n\t\t\t\t\t\t\t\t\t\t\t<img src=\"https:\/\/agora.xtec.cat\/ceiptallo\/wp-content\/uploads\/usu875\/2020\/03\/20200226_155725.jpg\" alt=\"20200226_155725\" width=\"600\" height=\"292\" \/>\r\n\t\t\t\t\t\t\t\t\t\t<div class=\"slideshow_description_box slideshow_transparent\">\r\n\t\t\t\t\t\t<div class=\"slideshow_title\">20200226_155725<\/div>\t\t\t\t\t\t\t\t\t\t\t<\/div>\r\n\t\t\t\t<\/div>\r\n\r\n\t\t\t\t\t\t<div style=\"clear: both;\"><\/div><\/div>\r\n\t\t<\/div>\r\n\r\n\t\t<div class=\"slideshow_controlPanel slideshow_transparent\" style=\"display: none;\"><ul><li class=\"slideshow_togglePlay\" data-play-text=\"Visualitza\" data-pause-text=\"Pausa\"><\/li><\/ul><\/div>\r\n\r\n\t\t<div class=\"slideshow_button slideshow_previous slideshow_transparent\" role=\"button\" data-previous-text=\"Anterior\" style=\"display: none;\"><\/div>\r\n\t\t<div class=\"slideshow_button slideshow_next slideshow_transparent\" role=\"button\" data-next-text=\"Seg\u00fcent\" style=\"display: none;\"><\/div>\r\n\r\n\t\t<div class=\"slideshow_pagination\" style=\"display: none;\" data-go-to-text=\"V\u00e9s a la diapositiva\"><div class=\"slideshow_pagination_center\"><\/div><\/div>\r\n\r\n\t\t<!-- WordPress Slideshow Version 2.3.1 -->\r\n\r\n\t\t\t<\/div>\r\n\r\n\n","protected":false},"excerpt":{"rendered":"<p>El dimecres 26 de mar\u00e7, vam celebrar el dimecres de cendra. Enguany no hem pogut cremar el carnestoltes perqu\u00e8 ha fet molt vent. Tot i aix\u00f2 ens hem despedit d&#8217;ell fent un bon berenar i escoltant el seu testament, aqu\u00ed el teniu:&hellip;  <a href=\"https:\/\/agora.xtec.cat\/ceiptallo\/general\/dimecres-de-cendra\/\" title=\"Read Dimecres de cendra\">Llegeix m\u00e9s\u00bb<\/a><\/p>\n","protected":false},"author":1,"featured_media":2057,"comment_status":"open","ping_status":"closed","sticky":false,"template":"","format":"standard","meta":{"_bbp_topic_count":0,"_bbp_reply_count":0,"_bbp_total_topic_count":0,"_bbp_total_reply_count":0,"_bbp_voice_count":0,"_bbp_anonymous_reply_count":0,"_bbp_topic_count_hidden":0,"_bbp_reply_count_hidden":0,"_bbp_forum_subforum_count":0,"footnotes":""},"categories":[47,46,1,4],"tags":[],"class_list":["post-2054","post","type-post","status-publish","format-standard","has-post-thumbnail","hentry","category-apadrinem-el-patrimoni","category-festes","category-general","category-portada"],"post_mailing_queue_ids":[],"_links":{"self":[{"href":"https:\/\/agora.xtec.cat\/ceiptallo\/wp-json\/wp\/v2\/posts\/2054","targetHints":{"allow":["GET"]}}],"collection":[{"href":"https:\/\/agora.xtec.cat\/ceiptallo\/wp-json\/wp\/v2\/posts"}],"about":[{"href":"https:\/\/agora.xtec.cat\/ceiptallo\/wp-json\/wp\/v2\/types\/post"}],"author":[{"embeddable":true,"href":"https:\/\/agora.xtec.cat\/ceiptallo\/wp-json\/wp\/v2\/users\/1"}],"replies":[{"embeddable":true,"href":"https:\/\/agora.xtec.cat\/ceiptallo\/wp-json\/wp\/v2\/comments?post=2054"}],"version-history":[{"count":3,"href":"https:\/\/agora.xtec.cat\/ceiptallo\/wp-json\/wp\/v2\/posts\/2054\/revisions"}],"predecessor-version":[{"id":5011,"href":"https:\/\/agora.xtec.cat\/ceiptallo\/wp-json\/wp\/v2\/posts\/2054\/revisions\/5011"}],"wp:featuredmedia":[{"embeddable":true,"href":"https:\/\/agora.xtec.cat\/ceiptallo\/wp-json\/wp\/v2\/media\/2057"}],"wp:attachment":[{"href":"https:\/\/agora.xtec.cat\/ceiptallo\/wp-json\/wp\/v2\/media?parent=2054"}],"wp:term":[{"taxonomy":"category","embeddable":true,"href":"https:\/\/agora.xtec.cat\/ceiptallo\/wp-json\/wp\/v2\/categories?post=2054"},{"taxonomy":"post_tag","embeddable":true,"href":"https:\/\/agora.xtec.cat\/ceiptallo\/wp-json\/wp\/v2\/tags?post=2054"}],"curies":[{"name":"wp","href":"https:\/\/api.w.org\/{rel}","templated":true}]}}