{"id":1953,"date":"2020-02-27T14:07:06","date_gmt":"2020-02-27T13:07:06","guid":{"rendered":"http:\/\/agora.xtec.cat\/ceiptallo\/?p=1953"},"modified":"2020-02-29T17:08:39","modified_gmt":"2020-02-29T16:08:39","slug":"ens-visita-la-fundacio-vicenc-ferrer","status":"publish","type":"post","link":"https:\/\/agora.xtec.cat\/ceiptallo\/portada\/ens-visita-la-fundacio-vicenc-ferrer\/","title":{"rendered":"Ens visita la Fundaci\u00f3 Vicen\u00e7 Ferrer!!!"},"content":{"rendered":"\n<p>El passat dimarts 18 de febrer dos membres de la Fundaci\u00f3 Vicen\u00e7 Ferrer van venir a l&#8217;escola a explicar-nos la tasca que fa aquesta ONG a l&#8217;\u00cdndia. Al mat\u00ed la Mireia Salvador va fer diverses activitats per les classes. Amb P5, 1r i 2n va\u00a0 explicar el conte &#8220;La vaca sagrada&#8221; . Amb 3r i 4t va fer una xerrada sobre l&#8217;\u00cdndia rural. I amb 5\u00e8 i 6\u00e8 en va fer una al voltant dels ODS (Objectius de Desenvolupament Sostenible).<\/p>\n<p>A la tarda tota l&#8217;escola vam anar al Centre C\u00edvic per con\u00e8ixer en Lancy Dodem. Ell va ser el primer nen apadrinat per la Fundaci\u00f3 Vicen\u00e7 Ferrer. Els alumnes de 6\u00e8 van ser els encarregats de presentar l&#8217;acte i els alumnes de 5\u00e8 d&#8217;entrevistar en Lancy. Tot plegat va ser molt interessant i va permetre que els alumnes de l&#8217;escola es fessin una idea de com \u00e9s la vida en aquest pa\u00eds, de l&#8217;ajut que representa pels nens\/es de la \u00cdndia que els apadrinin&#8230;<\/p>\n<p>Aquesta activitat l&#8217;hem feta vinculant-la amb l&#8217;apadrinament de la Sree Vani que hem fet a l&#8217;escola seguint la proposta de l&#8217;AMPA.<\/p>\n","protected":false},"excerpt":{"rendered":"<p>El passat dimarts 18 de febrer dos membres de la Fundaci\u00f3 Vicen\u00e7 Ferrer van venir a l&#8217;escola a explicar-nos la tasca que fa aquesta ONG a l&#8217;\u00cdndia. Al mat\u00ed la Mireia Salvador va fer diverses activitats per les classes. Amb P5, 1r i 2n va\u00a0 explicar el conte &#8220;La vaca sagrada&#8221; . Amb 3r i 4t va fer una xerrada sobre l&#8217;\u00cdndia rural. I amb 5\u00e8 i 6\u00e8 en va fer una al voltant dels ODS (Objectius de Desenvolupament Sostenible).&hellip;  <a href=\"https:\/\/agora.xtec.cat\/ceiptallo\/portada\/ens-visita-la-fundacio-vicenc-ferrer\/\" title=\"Read Ens visita la Fundaci\u00f3 Vicen\u00e7 Ferrer!!!\">Llegeix m\u00e9s\u00bb<\/a><\/p>\n","protected":false},"author":1,"featured_media":1963,"comment_status":"open","ping_status":"closed","sticky":false,"template":"","format":"standard","meta":{"_bbp_topic_count":0,"_bbp_reply_count":0,"_bbp_total_topic_count":0,"_bbp_total_reply_count":0,"_bbp_voice_count":0,"_bbp_anonymous_reply_count":0,"_bbp_topic_count_hidden":0,"_bbp_reply_count_hidden":0,"_bbp_forum_subforum_count":0,"footnotes":""},"categories":[51,4],"tags":[],"class_list":["post-1953","post","type-post","status-publish","format-standard","has-post-thumbnail","hentry","category-sree-vani","category-portada"],"post_mailing_queue_ids":[],"_links":{"self":[{"href":"https:\/\/agora.xtec.cat\/ceiptallo\/wp-json\/wp\/v2\/posts\/1953","targetHints":{"allow":["GET"]}}],"collection":[{"href":"https:\/\/agora.xtec.cat\/ceiptallo\/wp-json\/wp\/v2\/posts"}],"about":[{"href":"https:\/\/agora.xtec.cat\/ceiptallo\/wp-json\/wp\/v2\/types\/post"}],"author":[{"embeddable":true,"href":"https:\/\/agora.xtec.cat\/ceiptallo\/wp-json\/wp\/v2\/users\/1"}],"replies":[{"embeddable":true,"href":"https:\/\/agora.xtec.cat\/ceiptallo\/wp-json\/wp\/v2\/comments?post=1953"}],"version-history":[{"count":3,"href":"https:\/\/agora.xtec.cat\/ceiptallo\/wp-json\/wp\/v2\/posts\/1953\/revisions"}],"predecessor-version":[{"id":2000,"href":"https:\/\/agora.xtec.cat\/ceiptallo\/wp-json\/wp\/v2\/posts\/1953\/revisions\/2000"}],"wp:featuredmedia":[{"embeddable":true,"href":"https:\/\/agora.xtec.cat\/ceiptallo\/wp-json\/wp\/v2\/media\/1963"}],"wp:attachment":[{"href":"https:\/\/agora.xtec.cat\/ceiptallo\/wp-json\/wp\/v2\/media?parent=1953"}],"wp:term":[{"taxonomy":"category","embeddable":true,"href":"https:\/\/agora.xtec.cat\/ceiptallo\/wp-json\/wp\/v2\/categories?post=1953"},{"taxonomy":"post_tag","embeddable":true,"href":"https:\/\/agora.xtec.cat\/ceiptallo\/wp-json\/wp\/v2\/tags?post=1953"}],"curies":[{"name":"wp","href":"https:\/\/api.w.org\/{rel}","templated":true}]}}