{"id":1479,"date":"2019-12-10T10:25:50","date_gmt":"2019-12-10T09:25:50","guid":{"rendered":"http:\/\/agora.xtec.cat\/ceiptallo\/?p=1479"},"modified":"2020-02-13T13:52:24","modified_gmt":"2020-02-13T12:52:24","slug":"projecte-apadrinem","status":"publish","type":"post","link":"https:\/\/agora.xtec.cat\/ceiptallo\/general\/projecte-apadrinem\/","title":{"rendered":"Projecte apadrinem"},"content":{"rendered":"<p><strong>APADRINAMENT DE LA SREE VANI<\/strong><\/p>\n<p>Des de l\u2019Ampa solid\u00e0ria s\u2019ha engegat un projecte d\u2019apadrinament a trav\u00e9s de la Fundaci\u00f3 Vicent Ferrer que du a terme la seva tasca al sud de la \u00cdndia. La idea \u00e9s que es treballi com a projecte des de l\u2019escola (geografia, cultura, clima, costums, idioma&#8230;) i que els nens\/es aprenguin i assoleixin valors com la solidaritat.<\/p>\n<p>Des de l\u2019Escola o des de les diferents classes es podran comunicar amb el nen\/a apadrinat mitjan\u00e7ant correu postal en angl\u00e8s. Estem coordinant Escola i Fundaci\u00f3 per tal que dues persones de la ONG, una de les quals en el seu dia va ser un nen apadrinat, vinguin a impartir una jornada de sensibilitzaci\u00f3.<br \/>\nSeguint la l\u00ednia del projecte d\u2019enguany de l\u2019escola i tenint en compte la discriminaci\u00f3 del g\u00e8nere femen\u00ed, m\u00e9s accentuat en un pa\u00eds com la \u00cdndia, s\u2019ha demanat la possibilitat d\u2019apadrinar una nena. Se\u2019ns ha assignat la SREE VANI, una nena de 7 anys, del districte de Kurnool.<br \/>\nL\u2019apadrinament fa possible que la Sree Vani, per\u00f2 si s\u2019escau tamb\u00e9, els nens del seu entorn, puguin rebre formaci\u00f3, uniformes, assist\u00e8ncia m\u00e8dica&#8230;<\/p>\n<p>Aquest projecte ha estat aprovat per l\u2019AMPA per un per\u00edode de 2 anys. Esperem que la proposta desperti la il\u00b7lusi\u00f3 de l\u2019escola i de les fam\u00edlies i es pugui continuar amb aquest apadrinament passats aquests dos anys.<\/p>\n<p>Comissi\u00f3 AMPA Solid\u00e0ria<\/p>\n\r\n\t<div class=\"slideshow_container slideshow_container_style-light\" style=\"height: 300px; \" data-slideshow-id=\"1481\" data-style-name=\"style-light\" data-style-version=\"2.3.1\" >\r\n\r\n\t\t\t\t\t<div class=\"slideshow_loading_icon\"><\/div>\r\n\t\t\r\n\t\t<div class=\"slideshow_content\" style=\"display: none;\">\r\n\r\n\t\t\t<div class=\"slideshow_view\">\r\n\t\t\t\t<div class=\"slideshow_slide slideshow_slide_image\">\r\n\t\t\t\t\t\t\t\t\t\t\t<img src=\"https:\/\/agora.xtec.cat\/ceiptallo\/wp-content\/uploads\/usu875\/2019\/12\/20191204_111200.jpg\" alt=\"20191204_111200\" width=\"600\" height=\"450\" \/>\r\n\t\t\t\t\t\t\t\t\t\t<div class=\"slideshow_description_box slideshow_transparent\">\r\n\t\t\t\t\t\t<div class=\"slideshow_title\">20191204_111200<\/div>\t\t\t\t\t\t\t\t\t\t\t<\/div>\r\n\t\t\t\t<\/div>\r\n\r\n\t\t\t\t\t\t<div style=\"clear: both;\"><\/div><\/div><div class=\"slideshow_view\">\r\n\t\t\t\t<div class=\"slideshow_slide slideshow_slide_image\">\r\n\t\t\t\t\t\t\t\t\t\t\t<img src=\"https:\/\/agora.xtec.cat\/ceiptallo\/wp-content\/uploads\/usu875\/2019\/12\/20191203_155740.jpg\" alt=\"20191203_155740\" width=\"600\" height=\"450\" \/>\r\n\t\t\t\t\t\t\t\t\t\t<div class=\"slideshow_description_box slideshow_transparent\">\r\n\t\t\t\t\t\t<div class=\"slideshow_title\">20191203_155740<\/div>\t\t\t\t\t\t\t\t\t\t\t<\/div>\r\n\t\t\t\t<\/div>\r\n\r\n\t\t\t\t\t\t<div style=\"clear: both;\"><\/div><\/div><div class=\"slideshow_view\">\r\n\t\t\t\t<div class=\"slideshow_slide slideshow_slide_image\">\r\n\t\t\t\t\t\t\t\t\t\t\t<img src=\"https:\/\/agora.xtec.cat\/ceiptallo\/wp-content\/uploads\/usu875\/2019\/12\/20191203_155421.jpg\" alt=\"20191203_155421\" width=\"600\" height=\"450\" \/>\r\n\t\t\t\t\t\t\t\t\t\t<div class=\"slideshow_description_box slideshow_transparent\">\r\n\t\t\t\t\t\t<div class=\"slideshow_title\">20191203_155421<\/div>\t\t\t\t\t\t\t\t\t\t\t<\/div>\r\n\t\t\t\t<\/div>\r\n\r\n\t\t\t\t\t\t<div style=\"clear: both;\"><\/div><\/div><div class=\"slideshow_view\">\r\n\t\t\t\t<div class=\"slideshow_slide slideshow_slide_image\">\r\n\t\t\t\t\t\t\t\t\t\t\t<img src=\"https:\/\/agora.xtec.cat\/ceiptallo\/wp-content\/uploads\/usu875\/2019\/12\/20191203_155127.jpg\" alt=\"20191203_155127\" width=\"600\" height=\"450\" \/>\r\n\t\t\t\t\t\t\t\t\t\t<div class=\"slideshow_description_box slideshow_transparent\">\r\n\t\t\t\t\t\t<div class=\"slideshow_title\">20191203_155127<\/div>\t\t\t\t\t\t\t\t\t\t\t<\/div>\r\n\t\t\t\t<\/div>\r\n\r\n\t\t\t\t\t\t<div style=\"clear: both;\"><\/div><\/div>\r\n\t\t<\/div>\r\n\r\n\t\t<div class=\"slideshow_controlPanel slideshow_transparent\" style=\"display: none;\"><ul><li class=\"slideshow_togglePlay\" data-play-text=\"Visualitza\" data-pause-text=\"Pausa\"><\/li><\/ul><\/div>\r\n\r\n\t\t<div class=\"slideshow_button slideshow_previous slideshow_transparent\" role=\"button\" data-previous-text=\"Anterior\" style=\"display: none;\"><\/div>\r\n\t\t<div class=\"slideshow_button slideshow_next slideshow_transparent\" role=\"button\" data-next-text=\"Seg\u00fcent\" style=\"display: none;\"><\/div>\r\n\r\n\t\t<div class=\"slideshow_pagination\" style=\"display: none;\" data-go-to-text=\"V\u00e9s a la diapositiva\"><div class=\"slideshow_pagination_center\"><\/div><\/div>\r\n\r\n\t\t<!-- WordPress Slideshow Version 2.3.1 -->\r\n\r\n\t\t\t<\/div>\r\n\r\n\n<p>Divendres passat, membres de l&#8217;AMPA van venir a presentar el projecte als alumnes de 4t, 5\u00e8 i 6\u00e8. Despr\u00e9s de les vacances de Nadal continuaran amb la resta de cursos.<\/p>\n<p>&nbsp;<\/p>\n","protected":false},"excerpt":{"rendered":"<p>APADRINAMENT DE LA SREE VANI<br \/>\nDes de l\u2019Ampa solid\u00e0ria s\u2019ha engegat un projecte d\u2019apadrinament a trav\u00e9s de la Fundaci\u00f3 Vicent Ferrer que du a terme la seva tasca al sud de la \u00cdndia. La idea \u00e9s que es treballi com a projecte des de l\u2019escola (geografia,&hellip;  <a href=\"https:\/\/agora.xtec.cat\/ceiptallo\/general\/projecte-apadrinem\/\" title=\"Read Projecte apadrinem\">Llegeix m\u00e9s\u00bb<\/a><\/p>\n","protected":false},"author":1,"featured_media":1485,"comment_status":"open","ping_status":"closed","sticky":false,"template":"","format":"standard","meta":{"_bbp_topic_count":0,"_bbp_reply_count":0,"_bbp_total_topic_count":0,"_bbp_total_reply_count":0,"_bbp_voice_count":0,"_bbp_anonymous_reply_count":0,"_bbp_topic_count_hidden":0,"_bbp_reply_count_hidden":0,"_bbp_forum_subforum_count":0,"footnotes":""},"categories":[51,1,4],"tags":[],"class_list":["post-1479","post","type-post","status-publish","format-standard","has-post-thumbnail","hentry","category-sree-vani","category-general","category-portada"],"post_mailing_queue_ids":[],"_links":{"self":[{"href":"https:\/\/agora.xtec.cat\/ceiptallo\/wp-json\/wp\/v2\/posts\/1479","targetHints":{"allow":["GET"]}}],"collection":[{"href":"https:\/\/agora.xtec.cat\/ceiptallo\/wp-json\/wp\/v2\/posts"}],"about":[{"href":"https:\/\/agora.xtec.cat\/ceiptallo\/wp-json\/wp\/v2\/types\/post"}],"author":[{"embeddable":true,"href":"https:\/\/agora.xtec.cat\/ceiptallo\/wp-json\/wp\/v2\/users\/1"}],"replies":[{"embeddable":true,"href":"https:\/\/agora.xtec.cat\/ceiptallo\/wp-json\/wp\/v2\/comments?post=1479"}],"version-history":[{"count":3,"href":"https:\/\/agora.xtec.cat\/ceiptallo\/wp-json\/wp\/v2\/posts\/1479\/revisions"}],"predecessor-version":[{"id":1487,"href":"https:\/\/agora.xtec.cat\/ceiptallo\/wp-json\/wp\/v2\/posts\/1479\/revisions\/1487"}],"wp:featuredmedia":[{"embeddable":true,"href":"https:\/\/agora.xtec.cat\/ceiptallo\/wp-json\/wp\/v2\/media\/1485"}],"wp:attachment":[{"href":"https:\/\/agora.xtec.cat\/ceiptallo\/wp-json\/wp\/v2\/media?parent=1479"}],"wp:term":[{"taxonomy":"category","embeddable":true,"href":"https:\/\/agora.xtec.cat\/ceiptallo\/wp-json\/wp\/v2\/categories?post=1479"},{"taxonomy":"post_tag","embeddable":true,"href":"https:\/\/agora.xtec.cat\/ceiptallo\/wp-json\/wp\/v2\/tags?post=1479"}],"curies":[{"name":"wp","href":"https:\/\/api.w.org\/{rel}","templated":true}]}}