{"id":1159,"date":"2019-11-07T14:02:48","date_gmt":"2019-11-07T13:02:48","guid":{"rendered":"http:\/\/agora.xtec.cat\/ceiptallo\/?p=1159"},"modified":"2019-11-07T14:02:48","modified_gmt":"2019-11-07T13:02:48","slug":"xerrada-informativa-dels-dimecres-blancs","status":"publish","type":"post","link":"https:\/\/agora.xtec.cat\/ceiptallo\/portada\/xerrada-informativa-dels-dimecres-blancs\/","title":{"rendered":"Xerrada informativa dels dimecres blancs"},"content":{"rendered":"<p>El passat dilluns 4 de novembre van venir a l&#8217;escola 2 representants de l&#8217;escola d&#8217;esqu\u00ed del RACC que ens porta el monitoratge dels dimecres blancs. Durant la reuni\u00f3 es va informar a les fam\u00edlies de la metodologia que utilitzen per a l&#8217;ensenyament de l&#8217;esqu\u00ed alp\u00ed, els objectius que es plantegen per a cada grup d&#8217;edat aix\u00ed com consells varis sobre l&#8217;equipaci\u00f3 i el material que ha de dur l&#8217;alumnat.<\/p>\n<p>Moltes gr\u00e0cies Ll\u00facia i Maria per venir.<\/p>\n<p>.<a href=\"https:\/\/agora.xtec.cat\/ceiptallo\/wp-content\/uploads\/usu875\/2019\/11\/20191104_164505-600-x-450.jpg\"><img loading=\"lazy\" decoding=\"async\" class=\"alignnone size-full wp-image-1160\" src=\"https:\/\/agora.xtec.cat\/ceiptallo\/wp-content\/uploads\/usu875\/2019\/11\/20191104_164505-600-x-450.jpg\" alt=\"\" width=\"600\" height=\"450\" srcset=\"https:\/\/agora.xtec.cat\/ceiptallo\/wp-content\/uploads\/usu875\/2019\/11\/20191104_164505-600-x-450.jpg 600w, https:\/\/agora.xtec.cat\/ceiptallo\/wp-content\/uploads\/usu875\/2019\/11\/20191104_164505-600-x-450-300x225.jpg 300w, https:\/\/agora.xtec.cat\/ceiptallo\/wp-content\/uploads\/usu875\/2019\/11\/20191104_164505-600-x-450-200x150.jpg 200w\" sizes=\"auto, (max-width: 600px) 100vw, 600px\" \/><\/a><\/p>\n","protected":false},"excerpt":{"rendered":"<p>El passat dilluns 4 de novembre van venir a l&#8217;escola 2 representants de l&#8217;escola d&#8217;esqu\u00ed del RACC que ens porta el monitoratge dels dimecres blancs. Durant la reuni\u00f3 es va informar a les fam\u00edlies de la metodologia que utilitzen per a l&#8217;ensenyament de l&#8217;esqu\u00ed alp\u00ed,&hellip;  <a href=\"https:\/\/agora.xtec.cat\/ceiptallo\/portada\/xerrada-informativa-dels-dimecres-blancs\/\" title=\"Read Xerrada informativa dels dimecres blancs\">Llegeix m\u00e9s\u00bb<\/a><\/p>\n","protected":false},"author":1,"featured_media":1160,"comment_status":"open","ping_status":"closed","sticky":false,"template":"","format":"standard","meta":{"_bbp_topic_count":0,"_bbp_reply_count":0,"_bbp_total_topic_count":0,"_bbp_total_reply_count":0,"_bbp_voice_count":0,"_bbp_anonymous_reply_count":0,"_bbp_topic_count_hidden":0,"_bbp_reply_count_hidden":0,"_bbp_forum_subforum_count":0,"footnotes":""},"categories":[4],"tags":[],"class_list":["post-1159","post","type-post","status-publish","format-standard","has-post-thumbnail","hentry","category-portada"],"post_mailing_queue_ids":[],"_links":{"self":[{"href":"https:\/\/agora.xtec.cat\/ceiptallo\/wp-json\/wp\/v2\/posts\/1159","targetHints":{"allow":["GET"]}}],"collection":[{"href":"https:\/\/agora.xtec.cat\/ceiptallo\/wp-json\/wp\/v2\/posts"}],"about":[{"href":"https:\/\/agora.xtec.cat\/ceiptallo\/wp-json\/wp\/v2\/types\/post"}],"author":[{"embeddable":true,"href":"https:\/\/agora.xtec.cat\/ceiptallo\/wp-json\/wp\/v2\/users\/1"}],"replies":[{"embeddable":true,"href":"https:\/\/agora.xtec.cat\/ceiptallo\/wp-json\/wp\/v2\/comments?post=1159"}],"version-history":[{"count":1,"href":"https:\/\/agora.xtec.cat\/ceiptallo\/wp-json\/wp\/v2\/posts\/1159\/revisions"}],"predecessor-version":[{"id":1161,"href":"https:\/\/agora.xtec.cat\/ceiptallo\/wp-json\/wp\/v2\/posts\/1159\/revisions\/1161"}],"wp:featuredmedia":[{"embeddable":true,"href":"https:\/\/agora.xtec.cat\/ceiptallo\/wp-json\/wp\/v2\/media\/1160"}],"wp:attachment":[{"href":"https:\/\/agora.xtec.cat\/ceiptallo\/wp-json\/wp\/v2\/media?parent=1159"}],"wp:term":[{"taxonomy":"category","embeddable":true,"href":"https:\/\/agora.xtec.cat\/ceiptallo\/wp-json\/wp\/v2\/categories?post=1159"},{"taxonomy":"post_tag","embeddable":true,"href":"https:\/\/agora.xtec.cat\/ceiptallo\/wp-json\/wp\/v2\/tags?post=1159"}],"curies":[{"name":"wp","href":"https:\/\/api.w.org\/{rel}","templated":true}]}}