{"id":1078,"date":"2019-10-17T16:45:24","date_gmt":"2019-10-17T14:45:24","guid":{"rendered":"http:\/\/agora.xtec.cat\/ceiptallo\/?p=1078"},"modified":"2019-10-17T16:57:56","modified_gmt":"2019-10-17T14:57:56","slug":"del-21-al-25-celebrem","status":"publish","type":"post","link":"https:\/\/agora.xtec.cat\/ceiptallo\/general\/del-21-al-25-celebrem\/","title":{"rendered":"Del 21 al 25 celebrem&#8230;."},"content":{"rendered":"<p><a href=\"https:\/\/agora.xtec.cat\/ceiptallo\/wp-content\/uploads\/usu875\/2019\/10\/setmana-bio-400x110.jpg\"><img loading=\"lazy\" decoding=\"async\" class=\"alignnone size-full wp-image-1079\" src=\"https:\/\/agora.xtec.cat\/ceiptallo\/wp-content\/uploads\/usu875\/2019\/10\/setmana-bio-400x110.jpg\" alt=\"\" width=\"319\" height=\"114\" srcset=\"https:\/\/agora.xtec.cat\/ceiptallo\/wp-content\/uploads\/usu875\/2019\/10\/setmana-bio-400x110.jpg 319w, https:\/\/agora.xtec.cat\/ceiptallo\/wp-content\/uploads\/usu875\/2019\/10\/setmana-bio-400x110-300x107.jpg 300w\" sizes=\"auto, (max-width: 319px) 100vw, 319px\" \/><\/a><\/p>\n<p>La propera setmana celebrem la Setmana Bio per l\u2019alimentaci\u00f3 ecol\u00f2gica a l\u2019escola. Aquestes s\u00f3n les activitats que es realitzaran:<\/p>\n<p><span style=\"color: #99cc00;\"><strong><u>Dilluns 21 d\u2019octubre<\/u><\/strong><\/span><\/p>\n<p><strong>3r <\/strong>&#8211; Taller: Secrets del Parc Natural de Cad\u00ed- Moixer\u00f3 ( 9h a 11 h )<\/p>\n<p><strong>3r <\/strong>&#8211; Taller amb \u201cGratacool\u201d: Fem un sacher i galetes de gratacol ( 11:30 h a 12:30 h )<\/p>\n<p><strong>4t<\/strong> &#8211; Taller amb \u201cGratacool\u201d: Fem un sacher i galetes de gratacol ( 9:30 h a 10:30 h )<\/p>\n<p><strong>4t <\/strong>&#8211; Taller: Els boscos de pi negre ( 11.30 h a 12:30 h )<\/p>\n<p><strong>1r<\/strong> &#8211; Xerrada sobre ecosistemes a c\u00e0rrec del Parc Natural del Cad\u00ed ( 15 h a 16:45h )<\/p>\n<p><strong>2n<\/strong> &#8211; Xerrada sobre ecosistemes a c\u00e0rrec del Parc Natural del Cad\u00ed ( 14:45 h a 16:30h )<\/p>\n<p>&nbsp;<\/p>\n<p><span style=\"color: #99cc00;\"><strong><u>Dimarts 22 d\u2019octubre<\/u><\/strong><\/span><\/p>\n<p><strong>1r <\/strong>&#8211; Taller amb Ecopyrene enrotllat de carn ( 9 h a 10h )<\/p>\n<p><strong>2n <\/strong>&#8211; Taller amb Ecopyrene enrotllat de carn ( 10 h a 11h )<\/p>\n<p><strong>5\u00e8 <\/strong>&#8211; Visita estaci\u00f3 control atmosf\u00e8ric ( de 11 h a 12 h )<\/p>\n<p><strong>6\u00e8 <\/strong>&#8211; Visita estaci\u00f3 control atmosf\u00e8ric ( de 12 h a 13 h )<\/p>\n<p>&nbsp;<\/p>\n<p><span style=\"color: #99cc00;\"><strong><u>Dimecres 23 d\u2019octubre<\/u><\/strong><\/span><\/p>\n<p><strong>P5 <\/strong>&#8211; Visita i taller sobre el mat\u00f3 als L\u00e0ctics l\u2019Esquella\u00a0 ( 11 h a 13 h )<\/p>\n<p><strong>5\u00e8 i 6\u00e8<\/strong> &#8211; Sortida amb bicicleta. Visita i tast a la plantaci\u00f3 ecol\u00f2gica de pomeres a N\u00e8fol <strong><u>Tot el dia<\/u><\/strong><\/p>\n<p><strong>\u00a0<\/strong><\/p>\n<p><span style=\"color: #99cc00;\"><strong><u>Divendres 25 d\u2019octubre<\/u><\/strong><\/span><\/p>\n<p><strong>P3, P4 i P5 &#8211; <\/strong>Sortida a la granja el Mujal ( Nav\u00e0s ) <strong><u>Tot el dia<\/u><\/strong><\/p>\n<h6><\/h6>\n<h6><span style=\"color: #99cc00;\"><strong>Si voleu veure el cartell, cliqueu <a style=\"color: #99cc00;\" href=\"https:\/\/drive.google.com\/file\/d\/13qSKdTrjoVGXiZjxrKbXnoUxINshy1fi\/view?usp=sharing\" target=\"_blank\" rel=\"noopener noreferrer\">AQU\u00cd<\/a><\/strong><\/span><\/h6>\n","protected":false},"excerpt":{"rendered":"<p>La propera setmana celebrem la Setmana Bio per l\u2019alimentaci\u00f3 ecol\u00f2gica a l\u2019escola. Aquestes s\u00f3n les activitats que es realitzaran:&hellip;  <a href=\"https:\/\/agora.xtec.cat\/ceiptallo\/general\/del-21-al-25-celebrem\/\" title=\"Read Del 21 al 25 celebrem&#8230;.\">Llegeix m\u00e9s\u00bb<\/a><\/p>\n","protected":false},"author":1,"featured_media":1079,"comment_status":"open","ping_status":"closed","sticky":false,"template":"","format":"standard","meta":{"_bbp_topic_count":0,"_bbp_reply_count":0,"_bbp_total_topic_count":0,"_bbp_total_reply_count":0,"_bbp_voice_count":0,"_bbp_anonymous_reply_count":0,"_bbp_topic_count_hidden":0,"_bbp_reply_count_hidden":0,"_bbp_forum_subforum_count":0,"footnotes":""},"categories":[1,4],"tags":[],"class_list":["post-1078","post","type-post","status-publish","format-standard","has-post-thumbnail","hentry","category-general","category-portada"],"post_mailing_queue_ids":[],"_links":{"self":[{"href":"https:\/\/agora.xtec.cat\/ceiptallo\/wp-json\/wp\/v2\/posts\/1078","targetHints":{"allow":["GET"]}}],"collection":[{"href":"https:\/\/agora.xtec.cat\/ceiptallo\/wp-json\/wp\/v2\/posts"}],"about":[{"href":"https:\/\/agora.xtec.cat\/ceiptallo\/wp-json\/wp\/v2\/types\/post"}],"author":[{"embeddable":true,"href":"https:\/\/agora.xtec.cat\/ceiptallo\/wp-json\/wp\/v2\/users\/1"}],"replies":[{"embeddable":true,"href":"https:\/\/agora.xtec.cat\/ceiptallo\/wp-json\/wp\/v2\/comments?post=1078"}],"version-history":[{"count":3,"href":"https:\/\/agora.xtec.cat\/ceiptallo\/wp-json\/wp\/v2\/posts\/1078\/revisions"}],"predecessor-version":[{"id":1083,"href":"https:\/\/agora.xtec.cat\/ceiptallo\/wp-json\/wp\/v2\/posts\/1078\/revisions\/1083"}],"wp:featuredmedia":[{"embeddable":true,"href":"https:\/\/agora.xtec.cat\/ceiptallo\/wp-json\/wp\/v2\/media\/1079"}],"wp:attachment":[{"href":"https:\/\/agora.xtec.cat\/ceiptallo\/wp-json\/wp\/v2\/media?parent=1078"}],"wp:term":[{"taxonomy":"category","embeddable":true,"href":"https:\/\/agora.xtec.cat\/ceiptallo\/wp-json\/wp\/v2\/categories?post=1078"},{"taxonomy":"post_tag","embeddable":true,"href":"https:\/\/agora.xtec.cat\/ceiptallo\/wp-json\/wp\/v2\/tags?post=1078"}],"curies":[{"name":"wp","href":"https:\/\/api.w.org\/{rel}","templated":true}]}}