{"id":1046,"date":"2019-10-17T13:48:50","date_gmt":"2019-10-17T11:48:50","guid":{"rendered":"http:\/\/agora.xtec.cat\/ceiptallo\/?p=1046"},"modified":"2019-10-18T15:00:19","modified_gmt":"2019-10-18T13:00:19","slug":"ens-sumem-a-la-vaga","status":"publish","type":"post","link":"https:\/\/agora.xtec.cat\/ceiptallo\/general\/ens-sumem-a-la-vaga\/","title":{"rendered":"Ens sumem a la vaga!"},"content":{"rendered":"<p>Dem\u00e0 divendres 18 d&#8217;octubre hi ha convocada vaga general.<\/p>\n<p>A la nostra escola hi haur\u00e0 un seguiment important de la majoria dels mestres, aix\u00f2 impedir\u00e0 dur a terme l\u2019activitat lectiva amb normalitat.<\/p>\n<p>Hi haur\u00e0 els serveis m\u00ednims que ens marca el Departament d&#8217;Ensenyament.<\/p>\n<p><a href=\"https:\/\/agora.xtec.cat\/ceiptallo\/wp-content\/uploads\/usu875\/2019\/10\/WhatsApp_Image_2019-10-15_at_10.31.03.jpeg\"><img loading=\"lazy\" decoding=\"async\" class=\"alignnone wp-image-1047\" src=\"https:\/\/agora.xtec.cat\/ceiptallo\/wp-content\/uploads\/usu875\/2019\/10\/WhatsApp_Image_2019-10-15_at_10.31.03.jpeg\" alt=\"\" width=\"325\" height=\"464\" srcset=\"https:\/\/agora.xtec.cat\/ceiptallo\/wp-content\/uploads\/usu875\/2019\/10\/WhatsApp_Image_2019-10-15_at_10.31.03.jpeg 717w, https:\/\/agora.xtec.cat\/ceiptallo\/wp-content\/uploads\/usu875\/2019\/10\/WhatsApp_Image_2019-10-15_at_10.31.03-210x300.jpeg 210w\" sizes=\"auto, (max-width: 325px) 100vw, 325px\" \/><\/a><\/p>\n","protected":false},"excerpt":{"rendered":"<p>Dem\u00e0 divendres 18 d&#8217;octubre hi ha convocada vaga general.A la nostra escola hi haur\u00e0 un seguiment important de la majoria dels mestres, aix\u00f2 impedir\u00e0 dur a terme l\u2019activitat lectiva amb normalitat.Hi haur\u00e0 els serveis m\u00ednims que ens marca el Departament d&#8217;Ensenyament.&hellip;  <a href=\"https:\/\/agora.xtec.cat\/ceiptallo\/general\/ens-sumem-a-la-vaga\/\" title=\"Read Ens sumem a la vaga!\">Llegeix m\u00e9s\u00bb<\/a><\/p>\n","protected":false},"author":1,"featured_media":1047,"comment_status":"open","ping_status":"closed","sticky":false,"template":"","format":"standard","meta":{"_bbp_topic_count":0,"_bbp_reply_count":0,"_bbp_total_topic_count":0,"_bbp_total_reply_count":0,"_bbp_voice_count":0,"_bbp_anonymous_reply_count":0,"_bbp_topic_count_hidden":0,"_bbp_reply_count_hidden":0,"_bbp_forum_subforum_count":0,"footnotes":""},"categories":[1,4],"tags":[],"class_list":["post-1046","post","type-post","status-publish","format-standard","has-post-thumbnail","hentry","category-general","category-portada"],"post_mailing_queue_ids":[],"_links":{"self":[{"href":"https:\/\/agora.xtec.cat\/ceiptallo\/wp-json\/wp\/v2\/posts\/1046","targetHints":{"allow":["GET"]}}],"collection":[{"href":"https:\/\/agora.xtec.cat\/ceiptallo\/wp-json\/wp\/v2\/posts"}],"about":[{"href":"https:\/\/agora.xtec.cat\/ceiptallo\/wp-json\/wp\/v2\/types\/post"}],"author":[{"embeddable":true,"href":"https:\/\/agora.xtec.cat\/ceiptallo\/wp-json\/wp\/v2\/users\/1"}],"replies":[{"embeddable":true,"href":"https:\/\/agora.xtec.cat\/ceiptallo\/wp-json\/wp\/v2\/comments?post=1046"}],"version-history":[{"count":3,"href":"https:\/\/agora.xtec.cat\/ceiptallo\/wp-json\/wp\/v2\/posts\/1046\/revisions"}],"predecessor-version":[{"id":1084,"href":"https:\/\/agora.xtec.cat\/ceiptallo\/wp-json\/wp\/v2\/posts\/1046\/revisions\/1084"}],"wp:featuredmedia":[{"embeddable":true,"href":"https:\/\/agora.xtec.cat\/ceiptallo\/wp-json\/wp\/v2\/media\/1047"}],"wp:attachment":[{"href":"https:\/\/agora.xtec.cat\/ceiptallo\/wp-json\/wp\/v2\/media?parent=1046"}],"wp:term":[{"taxonomy":"category","embeddable":true,"href":"https:\/\/agora.xtec.cat\/ceiptallo\/wp-json\/wp\/v2\/categories?post=1046"},{"taxonomy":"post_tag","embeddable":true,"href":"https:\/\/agora.xtec.cat\/ceiptallo\/wp-json\/wp\/v2\/tags?post=1046"}],"curies":[{"name":"wp","href":"https:\/\/api.w.org\/{rel}","templated":true}]}}