{"id":1028,"date":"2019-10-08T10:58:57","date_gmt":"2019-10-08T08:58:57","guid":{"rendered":"http:\/\/agora.xtec.cat\/ceiptallo\/?p=1028"},"modified":"2019-10-08T11:45:58","modified_gmt":"2019-10-08T09:45:58","slug":"lescola-pel-canvi-climatic","status":"publish","type":"post","link":"https:\/\/agora.xtec.cat\/ceiptallo\/general\/lescola-pel-canvi-climatic\/","title":{"rendered":"L&#8217;escola pel canvi clim\u00e0tic"},"content":{"rendered":"<p>Divendres 27 de setembre, coincidint amb la reivindicaci\u00f3 a nivell mundial dels <em>Fridays for future, <\/em>\u00a0a l&#8217;escola vam treballar\u00a0 el tema a les aules fent debats, activitats manipulatives, visualitzaci\u00f3 de videos,&#8230; al llarg del mat\u00ed.<\/p>\n<p>Despr\u00e9s del pati, ens vam reunir tots a fora i cada classe va explicar quines paraules\/frases havien escollit i escrit, a continuaci\u00f3 les vam penjar a l&#8217;entrada de l&#8217;escola.<\/p>\n<p>Per acabar els de tercer (la classe de la Greta Thunberg) van llegir un manifest seu, a favor del Canvi clim\u00e0tic i explicant qu\u00e8 cal dur a terme al m\u00f3n per tal d&#8217;evitar un futur desastre ecol\u00f2gic.<a href=\"https:\/\/agora.xtec.cat\/ceiptallo\/wp-content\/uploads\/usu875\/2019\/10\/foto-clima.jpg\"><img loading=\"lazy\" decoding=\"async\" class=\"alignnone size-full wp-image-1032\" src=\"https:\/\/agora.xtec.cat\/ceiptallo\/wp-content\/uploads\/usu875\/2019\/10\/foto-clima.jpg\" alt=\"\" width=\"600\" height=\"450\" srcset=\"https:\/\/agora.xtec.cat\/ceiptallo\/wp-content\/uploads\/usu875\/2019\/10\/foto-clima.jpg 600w, https:\/\/agora.xtec.cat\/ceiptallo\/wp-content\/uploads\/usu875\/2019\/10\/foto-clima-300x225.jpg 300w, https:\/\/agora.xtec.cat\/ceiptallo\/wp-content\/uploads\/usu875\/2019\/10\/foto-clima-200x150.jpg 200w\" sizes=\"auto, (max-width: 600px) 100vw, 600px\" \/><\/a><\/p>\n","protected":false},"excerpt":{"rendered":"<p>L&#8217;escola pel canvi clim\u00e0tic&hellip;  <a href=\"https:\/\/agora.xtec.cat\/ceiptallo\/general\/lescola-pel-canvi-climatic\/\" title=\"Read L&#8217;escola pel canvi clim\u00e0tic\">Llegeix m\u00e9s\u00bb<\/a><\/p>\n","protected":false},"author":1,"featured_media":1032,"comment_status":"open","ping_status":"closed","sticky":false,"template":"","format":"standard","meta":{"_bbp_topic_count":0,"_bbp_reply_count":0,"_bbp_total_topic_count":0,"_bbp_total_reply_count":0,"_bbp_voice_count":0,"_bbp_anonymous_reply_count":0,"_bbp_topic_count_hidden":0,"_bbp_reply_count_hidden":0,"_bbp_forum_subforum_count":0,"footnotes":""},"categories":[1,4],"tags":[],"class_list":["post-1028","post","type-post","status-publish","format-standard","has-post-thumbnail","hentry","category-general","category-portada"],"post_mailing_queue_ids":[],"_links":{"self":[{"href":"https:\/\/agora.xtec.cat\/ceiptallo\/wp-json\/wp\/v2\/posts\/1028","targetHints":{"allow":["GET"]}}],"collection":[{"href":"https:\/\/agora.xtec.cat\/ceiptallo\/wp-json\/wp\/v2\/posts"}],"about":[{"href":"https:\/\/agora.xtec.cat\/ceiptallo\/wp-json\/wp\/v2\/types\/post"}],"author":[{"embeddable":true,"href":"https:\/\/agora.xtec.cat\/ceiptallo\/wp-json\/wp\/v2\/users\/1"}],"replies":[{"embeddable":true,"href":"https:\/\/agora.xtec.cat\/ceiptallo\/wp-json\/wp\/v2\/comments?post=1028"}],"version-history":[{"count":3,"href":"https:\/\/agora.xtec.cat\/ceiptallo\/wp-json\/wp\/v2\/posts\/1028\/revisions"}],"predecessor-version":[{"id":1034,"href":"https:\/\/agora.xtec.cat\/ceiptallo\/wp-json\/wp\/v2\/posts\/1028\/revisions\/1034"}],"wp:featuredmedia":[{"embeddable":true,"href":"https:\/\/agora.xtec.cat\/ceiptallo\/wp-json\/wp\/v2\/media\/1032"}],"wp:attachment":[{"href":"https:\/\/agora.xtec.cat\/ceiptallo\/wp-json\/wp\/v2\/media?parent=1028"}],"wp:term":[{"taxonomy":"category","embeddable":true,"href":"https:\/\/agora.xtec.cat\/ceiptallo\/wp-json\/wp\/v2\/categories?post=1028"},{"taxonomy":"post_tag","embeddable":true,"href":"https:\/\/agora.xtec.cat\/ceiptallo\/wp-json\/wp\/v2\/tags?post=1028"}],"curies":[{"name":"wp","href":"https:\/\/api.w.org\/{rel}","templated":true}]}}