{"id":53,"count":9,"description":"Des de l\u2019escola entenem que el pati \u00e9s un espai de lleure educatiu que cal cuidar i aprofitar, un escenari natural de primer ordre per a desenvolupar algunes de les compet\u00e8ncies b\u00e0siques que orienten el treball de l'escola i que marquen fites amb qu\u00e8 aquesta est\u00e0 compromesa (autonomia i iniciativa personal, compet\u00e8ncia social i ciutadania).\r\n\r\nPer aquest motiu estem duent a terme un projecte de transformaci\u00f3 del pati. Volem que aquest sigui un espai ple de recursos per a l'aprenentatge, un espai per a les festes i la conviv\u00e8ncia, on s'afavoreixi un joc m\u00e9s variat, imaginatiu i creatiu.\r\n\r\nUn espai m\u00e9s viu que estimuli la curiositat dels infants i que els convidi a explorar i investigar partint sempre de les seves necessitats i interessos. Que el pati sigui un espai inclusiu, on es potenci\u00ef i permeti a tots els nens i totes nenes desenvolupar-s'hi sense cap tipus de discriminaci\u00f3.\r\n\r\nVOLEU SABER-NE M\u00c9S? Mireu els seg\u00fcents articles.","link":"https:\/\/agora.xtec.cat\/ceiptallo\/categoria\/projecte-pati\/","name":"Projecte pati","slug":"projecte-pati","taxonomy":"category","parent":0,"meta":[],"_links":{"self":[{"href":"https:\/\/agora.xtec.cat\/ceiptallo\/wp-json\/wp\/v2\/categories\/53","targetHints":{"allow":["GET"]}}],"collection":[{"href":"https:\/\/agora.xtec.cat\/ceiptallo\/wp-json\/wp\/v2\/categories"}],"about":[{"href":"https:\/\/agora.xtec.cat\/ceiptallo\/wp-json\/wp\/v2\/taxonomies\/category"}],"wp:post_type":[{"href":"https:\/\/agora.xtec.cat\/ceiptallo\/wp-json\/wp\/v2\/posts?categories=53"}],"curies":[{"name":"wp","href":"https:\/\/api.w.org\/{rel}","templated":true}]}}