{"id":5505,"date":"2024-09-09T11:11:42","date_gmt":"2024-09-09T09:11:42","guid":{"rendered":"https:\/\/agora.xtec.cat\/ceipstamargarida\/?p=5505"},"modified":"2024-09-09T11:13:10","modified_gmt":"2024-09-09T09:13:10","slug":"comencem-3","status":"publish","type":"post","link":"https:\/\/agora.xtec.cat\/ceipstamargarida\/general\/comencem-3\/","title":{"rendered":"COMENCEM&#8230;"},"content":{"rendered":"<p><img loading=\"lazy\" decoding=\"async\" class=\"\" src=\"https:\/\/agora.xtec.cat\/ceipstamargarida\/wp-content\/uploads\/usu106\/2024\/09\/Benvinguda-web.png\" width=\"681\" height=\"454\" \/><\/p>\n<p>Benvolgudes fam\u00edlies,<\/p>\n<p>Avui, 9 de setembre del 2024, iniciem el nou curs.<\/p>\n<p>L&#8217;horari de les classes \u00e9s de mat\u00ed i tarda des del primer dia, excepte l&#8217;alumnat d&#8217;I3, que t\u00e9 3 dies d&#8217;adaptaci\u00f3 en l&#8217;horari que els hagi tocat.<\/p>\n<p>Les classes del mat\u00ed comencen a les 9h i acaben a les 12:30h i les classes de la tarda comencen a les 15h i acaben a les 16:30h.<\/p>\n<p>L\u2019alumnat que es queda al menjador dina de 12:30h a 15h, en el torn corresponent.<\/p>\n<ul>\n<li><strong>Important!<\/strong> Durant l\u2019adaptaci\u00f3, l\u2019alumnat d&#8217;I3 no es pot quedar a dinar a l\u2019escola ni es pot quedar a l&#8217;acollida matinal o a la ludoteca a la tarda.<\/li>\n<\/ul>\n<p>Us recordem que teniu tota la informaci\u00f3 relativa al funcionament del centre durant el curs 2024-25 a la <a href=\"https:\/\/drive.google.com\/file\/d\/1BSET3_X66H8cZuT7uTKs2qY4ZaB-iTqh\/view?usp=sharing\">circular d\u2019inici de curs<\/a>. No dubteu a consultar-la per a qualsevol dubte que pugueu tenir.<\/p>\n<p>Amb molta il\u00b7lusi\u00f3 i ganes de retrobar-vos,<\/p>\n<p>El claustre de mestres<\/p>\n","protected":false},"excerpt":{"rendered":"<p>Benvolgudes fam\u00edlies, Avui, 9 de setembre del 2024, iniciem el nou curs. L&#8217;horari de les classes \u00e9s de mat\u00ed i tarda des del primer dia, excepte l&#8217;alumnat d&#8217;I3, que t\u00e9 3 dies d&#8217;adaptaci\u00f3 en l&#8217;horari que els hagi tocat. Les classes del mat\u00ed comencen a les 9h i acaben a les 12:30h i les classes [&hellip;]<\/p>\n","protected":false},"author":1,"featured_media":5506,"comment_status":"closed","ping_status":"closed","sticky":false,"template":"","format":"standard","meta":{"_bbp_topic_count":0,"_bbp_reply_count":0,"_bbp_total_topic_count":0,"_bbp_total_reply_count":0,"_bbp_voice_count":0,"_bbp_anonymous_reply_count":0,"_bbp_topic_count_hidden":0,"_bbp_reply_count_hidden":0,"_bbp_forum_subforum_count":0,"site-sidebar-layout":"default","site-content-layout":"","ast-site-content-layout":"","site-content-style":"default","site-sidebar-style":"default","ast-global-header-display":"","ast-banner-title-visibility":"","ast-main-header-display":"","ast-hfb-above-header-display":"","ast-hfb-below-header-display":"","ast-hfb-mobile-header-display":"","site-post-title":"","ast-breadcrumbs-content":"","ast-featured-img":"","footer-sml-layout":"","theme-transparent-header-meta":"","adv-header-id-meta":"","stick-header-meta":"","header-above-stick-meta":"","header-main-stick-meta":"","header-below-stick-meta":"","astra-migrate-meta-layouts":"default","ast-page-background-enabled":"default","ast-page-background-meta":{"desktop":{"background-color":"var(--ast-global-color-4)","background-image":"","background-repeat":"repeat","background-position":"center center","background-size":"auto","background-attachment":"scroll","background-type":"","background-media":"","overlay-type":"","overlay-color":"","overlay-opacity":"","overlay-gradient":""},"tablet":{"background-color":"","background-image":"","background-repeat":"repeat","background-position":"center center","background-size":"auto","background-attachment":"scroll","background-type":"","background-media":"","overlay-type":"","overlay-color":"","overlay-opacity":"","overlay-gradient":""},"mobile":{"background-color":"","background-image":"","background-repeat":"repeat","background-position":"center center","background-size":"auto","background-attachment":"scroll","background-type":"","background-media":"","overlay-type":"","overlay-color":"","overlay-opacity":"","overlay-gradient":""}},"ast-content-background-meta":{"desktop":{"background-color":"var(--ast-global-color-5)","background-image":"","background-repeat":"repeat","background-position":"center center","background-size":"auto","background-attachment":"scroll","background-type":"","background-media":"","overlay-type":"","overlay-color":"","overlay-opacity":"","overlay-gradient":""},"tablet":{"background-color":"var(--ast-global-color-5)","background-image":"","background-repeat":"repeat","background-position":"center center","background-size":"auto","background-attachment":"scroll","background-type":"","background-media":"","overlay-type":"","overlay-color":"","overlay-opacity":"","overlay-gradient":""},"mobile":{"background-color":"var(--ast-global-color-5)","background-image":"","background-repeat":"repeat","background-position":"center center","background-size":"auto","background-attachment":"scroll","background-type":"","background-media":"","overlay-type":"","overlay-color":"","overlay-opacity":"","overlay-gradient":""}},"footnotes":""},"categories":[83,1,4],"tags":[],"class_list":["post-5505","post","type-post","status-publish","format-standard","has-post-thumbnail","hentry","category-curs-2024-25","category-general","category-portada"],"post_mailing_queue_ids":[],"_links":{"self":[{"href":"https:\/\/agora.xtec.cat\/ceipstamargarida\/wp-json\/wp\/v2\/posts\/5505","targetHints":{"allow":["GET"]}}],"collection":[{"href":"https:\/\/agora.xtec.cat\/ceipstamargarida\/wp-json\/wp\/v2\/posts"}],"about":[{"href":"https:\/\/agora.xtec.cat\/ceipstamargarida\/wp-json\/wp\/v2\/types\/post"}],"author":[{"embeddable":true,"href":"https:\/\/agora.xtec.cat\/ceipstamargarida\/wp-json\/wp\/v2\/users\/1"}],"replies":[{"embeddable":true,"href":"https:\/\/agora.xtec.cat\/ceipstamargarida\/wp-json\/wp\/v2\/comments?post=5505"}],"version-history":[{"count":3,"href":"https:\/\/agora.xtec.cat\/ceipstamargarida\/wp-json\/wp\/v2\/posts\/5505\/revisions"}],"predecessor-version":[{"id":5509,"href":"https:\/\/agora.xtec.cat\/ceipstamargarida\/wp-json\/wp\/v2\/posts\/5505\/revisions\/5509"}],"wp:featuredmedia":[{"embeddable":true,"href":"https:\/\/agora.xtec.cat\/ceipstamargarida\/wp-json\/wp\/v2\/media\/5506"}],"wp:attachment":[{"href":"https:\/\/agora.xtec.cat\/ceipstamargarida\/wp-json\/wp\/v2\/media?parent=5505"}],"wp:term":[{"taxonomy":"category","embeddable":true,"href":"https:\/\/agora.xtec.cat\/ceipstamargarida\/wp-json\/wp\/v2\/categories?post=5505"},{"taxonomy":"post_tag","embeddable":true,"href":"https:\/\/agora.xtec.cat\/ceipstamargarida\/wp-json\/wp\/v2\/tags?post=5505"}],"curies":[{"name":"wp","href":"https:\/\/api.w.org\/{rel}","templated":true}]}}