{"id":4828,"date":"2021-09-09T15:05:13","date_gmt":"2021-09-09T13:05:13","guid":{"rendered":"https:\/\/agora.xtec.cat\/ceipstamargarida\/?p=4828"},"modified":"2021-09-09T15:05:13","modified_gmt":"2021-09-09T13:05:13","slug":"documentacio-primer-dia","status":"publish","type":"post","link":"https:\/\/agora.xtec.cat\/ceipstamargarida\/portada\/documentacio-primer-dia\/","title":{"rendered":"DOCUMENTACI\u00d3 PRIMER DIA"},"content":{"rendered":"<p><img decoding=\"async\" src=\"https:\/\/agora.xtec.cat\/ceipstamargarida\/wp-content\/uploads\/usu106\/2020\/09\/important.jpg\" \/><\/p>\n<p>Benvolgudes fam\u00edlies,<\/p>\n<p>Aprofitem per recordar-vos quina documentaci\u00f3 caldr\u00e0 dur el primer dia d&#8217;escola impresa, completada i signada. Feu clic als enlla\u00e7os corresponents per descarregar-los.<\/p>\n<p>Important! Cada alumne\/a haur\u00e0 de dur la seva. La documentaci\u00f3 \u00e9s per nen\/a, no per fam\u00edlia.<\/p>\n<p><strong>Infantil (P3, P4 i P5):<\/strong><\/p>\n<ul>\n<li><a href=\"https:\/\/drive.google.com\/file\/d\/1d7TLWqLH_bKf-U0KiwQbP7jWuF7jJBTK\/view?usp=sharing\">Declaraci\u00f3 responsable infantil<\/a> (l&#8217;alumne\/a l&#8217;haur\u00e0 de dur a la m\u00e0)<\/li>\n<\/ul>\n<p><strong>Cicle inicial (1r i 2n), c<\/strong><strong>icle mitj\u00e0 (3r i 4t) i cicle superior (5\u00e8 i 6\u00e8):<\/strong><\/p>\n<ul>\n<li><a href=\"https:\/\/drive.google.com\/file\/d\/1TjWp9EfBT0RgFqvcl4LIWVrTwxQiriNP\/view?usp=sharing\"><span style=\"font-family: inherit;\"><span style=\"font-size: 1em;\">Declaraci\u00f3 responsable <\/span><\/span>prim\u00e0ria<\/a><span style=\"font-family: inherit;\"><span style=\"font-size: 1em;\"> (l&#8217;alumne\/a l&#8217;haur\u00e0 de dur a la m\u00e0)<\/span><\/span><\/li>\n<\/ul>\n<p>Atentament,<\/p>\n<p>L&#8217;equip directiu<\/p>\n","protected":false},"excerpt":{"rendered":"<p>Benvolgudes fam\u00edlies, Aprofitem per recordar-vos quina documentaci\u00f3 caldr\u00e0 dur el primer dia d&#8217;escola impresa, completada i signada. Feu clic als enlla\u00e7os corresponents per descarregar-los. Important! Cada alumne\/a haur\u00e0 de dur la seva. La documentaci\u00f3 \u00e9s per nen\/a, no per fam\u00edlia. Infantil (P3, P4 i P5): Declaraci\u00f3 responsable infantil (l&#8217;alumne\/a l&#8217;haur\u00e0 de dur a la m\u00e0) [&hellip;]<\/p>\n","protected":false},"author":1,"featured_media":4048,"comment_status":"closed","ping_status":"closed","sticky":false,"template":"","format":"standard","meta":{"_bbp_topic_count":0,"_bbp_reply_count":0,"_bbp_total_topic_count":0,"_bbp_total_reply_count":0,"_bbp_voice_count":0,"_bbp_anonymous_reply_count":0,"_bbp_topic_count_hidden":0,"_bbp_reply_count_hidden":0,"_bbp_forum_subforum_count":0,"site-sidebar-layout":"default","site-content-layout":"","ast-site-content-layout":"","site-content-style":"default","site-sidebar-style":"default","ast-global-header-display":"","ast-banner-title-visibility":"","ast-main-header-display":"","ast-hfb-above-header-display":"","ast-hfb-below-header-display":"","ast-hfb-mobile-header-display":"","site-post-title":"","ast-breadcrumbs-content":"","ast-featured-img":"","footer-sml-layout":"","theme-transparent-header-meta":"","adv-header-id-meta":"","stick-header-meta":"","header-above-stick-meta":"","header-main-stick-meta":"","header-below-stick-meta":"","astra-migrate-meta-layouts":"default","ast-page-background-enabled":"default","ast-page-background-meta":{"desktop":{"background-color":"var(--ast-global-color-4)","background-image":"","background-repeat":"repeat","background-position":"center center","background-size":"auto","background-attachment":"scroll","background-type":"","background-media":"","overlay-type":"","overlay-color":"","overlay-opacity":"","overlay-gradient":""},"tablet":{"background-color":"","background-image":"","background-repeat":"repeat","background-position":"center center","background-size":"auto","background-attachment":"scroll","background-type":"","background-media":"","overlay-type":"","overlay-color":"","overlay-opacity":"","overlay-gradient":""},"mobile":{"background-color":"","background-image":"","background-repeat":"repeat","background-position":"center center","background-size":"auto","background-attachment":"scroll","background-type":"","background-media":"","overlay-type":"","overlay-color":"","overlay-opacity":"","overlay-gradient":""}},"ast-content-background-meta":{"desktop":{"background-color":"var(--ast-global-color-5)","background-image":"","background-repeat":"repeat","background-position":"center center","background-size":"auto","background-attachment":"scroll","background-type":"","background-media":"","overlay-type":"","overlay-color":"","overlay-opacity":"","overlay-gradient":""},"tablet":{"background-color":"var(--ast-global-color-5)","background-image":"","background-repeat":"repeat","background-position":"center center","background-size":"auto","background-attachment":"scroll","background-type":"","background-media":"","overlay-type":"","overlay-color":"","overlay-opacity":"","overlay-gradient":""},"mobile":{"background-color":"var(--ast-global-color-5)","background-image":"","background-repeat":"repeat","background-position":"center center","background-size":"auto","background-attachment":"scroll","background-type":"","background-media":"","overlay-type":"","overlay-color":"","overlay-opacity":"","overlay-gradient":""}},"footnotes":""},"categories":[74,4],"tags":[],"class_list":["post-4828","post","type-post","status-publish","format-standard","has-post-thumbnail","hentry","category-curs-2021-22","category-portada"],"post_mailing_queue_ids":[],"_links":{"self":[{"href":"https:\/\/agora.xtec.cat\/ceipstamargarida\/wp-json\/wp\/v2\/posts\/4828","targetHints":{"allow":["GET"]}}],"collection":[{"href":"https:\/\/agora.xtec.cat\/ceipstamargarida\/wp-json\/wp\/v2\/posts"}],"about":[{"href":"https:\/\/agora.xtec.cat\/ceipstamargarida\/wp-json\/wp\/v2\/types\/post"}],"author":[{"embeddable":true,"href":"https:\/\/agora.xtec.cat\/ceipstamargarida\/wp-json\/wp\/v2\/users\/1"}],"replies":[{"embeddable":true,"href":"https:\/\/agora.xtec.cat\/ceipstamargarida\/wp-json\/wp\/v2\/comments?post=4828"}],"version-history":[{"count":1,"href":"https:\/\/agora.xtec.cat\/ceipstamargarida\/wp-json\/wp\/v2\/posts\/4828\/revisions"}],"predecessor-version":[{"id":4829,"href":"https:\/\/agora.xtec.cat\/ceipstamargarida\/wp-json\/wp\/v2\/posts\/4828\/revisions\/4829"}],"wp:featuredmedia":[{"embeddable":true,"href":"https:\/\/agora.xtec.cat\/ceipstamargarida\/wp-json\/wp\/v2\/media\/4048"}],"wp:attachment":[{"href":"https:\/\/agora.xtec.cat\/ceipstamargarida\/wp-json\/wp\/v2\/media?parent=4828"}],"wp:term":[{"taxonomy":"category","embeddable":true,"href":"https:\/\/agora.xtec.cat\/ceipstamargarida\/wp-json\/wp\/v2\/categories?post=4828"},{"taxonomy":"post_tag","embeddable":true,"href":"https:\/\/agora.xtec.cat\/ceipstamargarida\/wp-json\/wp\/v2\/tags?post=4828"}],"curies":[{"name":"wp","href":"https:\/\/api.w.org\/{rel}","templated":true}]}}