{"id":2487,"date":"2025-11-06T16:03:09","date_gmt":"2025-11-06T15:03:09","guid":{"rendered":"https:\/\/agora.xtec.cat\/ceipssantalo\/?p=2487"},"modified":"2025-11-06T16:05:34","modified_gmt":"2025-11-06T15:05:34","slug":"sortida-a-banyoles-i4-i5-2","status":"publish","type":"post","link":"https:\/\/agora.xtec.cat\/ceipssantalo\/general\/sortida-a-banyoles-i4-i5-2\/","title":{"rendered":"SORTIDA A BANYOLES I4\/I5"},"content":{"rendered":"<div>Els nens i les nenes d&#8217;I4 i I5 vam anar d&#8217;<a href=\"https:\/\/agora.xtec.cat\/ceipssantalo\/fotos\/fotos-p4\/sortida-a-banyoles-i4-i5\/\">excursi\u00f3 a Banyoles<\/a>.<\/div>\n<div><\/div>\n<div>Vam poder jugar i saltar al Planeta M\u00e0gic, on ens ho vam passar s\u00faper b\u00e9.<\/div>\n<div><\/div>\n<div>Despr\u00e9s vam anar a fer una volta amb el Tren Pinxo i ens va deixar al Parc de la Draga on vam dinar i vam estar jugant al parc una estona.<\/div>\n<div><\/div>\n<div>Tamb\u00e9 vam aprofitar per fer un passeig per l&#8217;estany, veure \u00e0necs i l&#8217;entorn amb els colors de la tardor.<\/div>\n<div><\/div>\n<div>Ens va agradar molt\u00edssim i ens ho vam passar d&#8217;all\u00f2 m\u00e9s b\u00e9!<\/div>\n<div><\/div>\n<div><a href=\"https:\/\/agora.xtec.cat\/ceipssantalo\/fotos\/fotos-p4\/sortida-a-banyoles-i4-i5\/\" rel=\"attachment wp-att-2485\"><img loading=\"lazy\" decoding=\"async\" class=\"alignnone wp-image-2485\" src=\"https:\/\/agora.xtec.cat\/ceipssantalo\/wp-content\/uploads\/usu1956\/2025\/11\/TREN.jpeg\" alt=\"\" width=\"282\" height=\"189\" srcset=\"https:\/\/agora.xtec.cat\/ceipssantalo\/wp-content\/uploads\/usu1956\/2025\/11\/TREN.jpeg 760w, https:\/\/agora.xtec.cat\/ceipssantalo\/wp-content\/uploads\/usu1956\/2025\/11\/TREN-300x201.jpeg 300w\" sizes=\"auto, (max-width: 282px) 100vw, 282px\" \/><\/a><\/div>\n","protected":false},"excerpt":{"rendered":"<p>Els nens i les nenes d&#8217;I4 i I5 vam anar d&#8217;<a href=\"https:\/\/agora.xtec.cat\/ceipssantalo\/fotos\/fotos-p4\/sortida-a-banyoles-i4-i5\/\">excursi\u00f3 a Banyoles<\/a>.<\/p>\n<p>Vam poder jugar i saltar al Planeta M\u00e0gic, on ens ho vam passar s\u00faper b\u00e9.<\/p>\n<p>Despr\u00e9s vam anar a fer una volta amb el Tren Pinxo i ens va deixar al Parc de&hellip;  <a href=\"https:\/\/agora.xtec.cat\/ceipssantalo\/general\/sortida-a-banyoles-i4-i5-2\/\" title=\"Read SORTIDA A BANYOLES I4\/I5\">Llegeix m\u00e9s\u00bb<\/a><\/p>\n","protected":false},"author":4,"featured_media":0,"comment_status":"closed","ping_status":"open","sticky":false,"template":"","format":"standard","meta":{"_bbp_topic_count":0,"_bbp_reply_count":0,"_bbp_total_topic_count":0,"_bbp_total_reply_count":0,"_bbp_voice_count":0,"_bbp_anonymous_reply_count":0,"_bbp_topic_count_hidden":0,"_bbp_reply_count_hidden":0,"_bbp_forum_subforum_count":0,"footnotes":""},"categories":[7,1,4],"tags":[],"class_list":["post-2487","post","type-post","status-publish","format-standard","hentry","category-ampa","category-general","category-portada"],"post_mailing_queue_ids":[],"_links":{"self":[{"href":"https:\/\/agora.xtec.cat\/ceipssantalo\/wp-json\/wp\/v2\/posts\/2487","targetHints":{"allow":["GET"]}}],"collection":[{"href":"https:\/\/agora.xtec.cat\/ceipssantalo\/wp-json\/wp\/v2\/posts"}],"about":[{"href":"https:\/\/agora.xtec.cat\/ceipssantalo\/wp-json\/wp\/v2\/types\/post"}],"author":[{"embeddable":true,"href":"https:\/\/agora.xtec.cat\/ceipssantalo\/wp-json\/wp\/v2\/users\/4"}],"replies":[{"embeddable":true,"href":"https:\/\/agora.xtec.cat\/ceipssantalo\/wp-json\/wp\/v2\/comments?post=2487"}],"version-history":[{"count":4,"href":"https:\/\/agora.xtec.cat\/ceipssantalo\/wp-json\/wp\/v2\/posts\/2487\/revisions"}],"predecessor-version":[{"id":2491,"href":"https:\/\/agora.xtec.cat\/ceipssantalo\/wp-json\/wp\/v2\/posts\/2487\/revisions\/2491"}],"wp:attachment":[{"href":"https:\/\/agora.xtec.cat\/ceipssantalo\/wp-json\/wp\/v2\/media?parent=2487"}],"wp:term":[{"taxonomy":"category","embeddable":true,"href":"https:\/\/agora.xtec.cat\/ceipssantalo\/wp-json\/wp\/v2\/categories?post=2487"},{"taxonomy":"post_tag","embeddable":true,"href":"https:\/\/agora.xtec.cat\/ceipssantalo\/wp-json\/wp\/v2\/tags?post=2487"}],"curies":[{"name":"wp","href":"https:\/\/api.w.org\/{rel}","templated":true}]}}