{"id":9830,"date":"2026-04-28T17:49:21","date_gmt":"2026-04-28T15:49:21","guid":{"rendered":"https:\/\/agora.xtec.cat\/ceipsotdelcamp\/?p=9830"},"modified":"2026-04-28T17:49:21","modified_gmt":"2026-04-28T15:49:21","slug":"els-colors-i-els-albums-il%c2%b7lustrats","status":"publish","type":"post","link":"https:\/\/agora.xtec.cat\/ceipsotdelcamp\/infantil\/els-colors-i-els-albums-il%c2%b7lustrats\/","title":{"rendered":"ELS COLORS I ELS \u00c0LBUMS IL\u00b7LUSTRATS"},"content":{"rendered":"<p>Els infants d\u2019I5 han participat recentment en una activitat molt especial emmarcada dins la tesi que est\u00e0 desenvolupant la Marta Ardite sobre la relaci\u00f3 entre la pl\u00e0stica i els \u00e0lbums il\u00b7lustrats.<\/p>\n<p>Pr\u00e8viament, a l\u2019aula s\u2019han treballat diversos \u00e0lbums il\u00b7lustrats, observant-ne les imatges, els colors i els elements visuals. A partir d\u2019aquest treball, els infants han reflexionat sobre com podem descriure els objectes utilitzant adjectius relacionats amb els colors, ampliant aix\u00ed el seu vocabulari i la seva capacitat d\u2019expressi\u00f3.<\/p>\n<p>El taller ha culminat amb una activitat art\u00edstica col\u00b7lectiva: la creaci\u00f3 d\u2019un arc de Sant Mart\u00ed, on cada color representava idees, paraules i sensacions treballades pr\u00e8viament.<\/p>\n<p>Aquesta experi\u00e8ncia ha perm\u00e8s integrar llenguatge, art i creativitat d\u2019una manera vivencial i significativa, fomentant la participaci\u00f3 activa i l\u2019expressi\u00f3 personal dels infants.<\/p>\n<p>&nbsp;<\/p>\n<p>#BESCAT #PLAMIB<\/p>\n<p><img loading=\"lazy\" decoding=\"async\" class=\"aligncenter size-large wp-image-9831\" src=\"https:\/\/agora.xtec.cat\/ceipsotdelcamp\/wp-content\/uploads\/usu1699\/2026\/04\/WhatsApp-Image-2026-04-28-at-17.48.25-1024x1024.jpeg\" alt=\"\" width=\"1024\" height=\"1024\" srcset=\"https:\/\/agora.xtec.cat\/ceipsotdelcamp\/wp-content\/uploads\/usu1699\/2026\/04\/WhatsApp-Image-2026-04-28-at-17.48.25-1024x1024.jpeg 1024w, https:\/\/agora.xtec.cat\/ceipsotdelcamp\/wp-content\/uploads\/usu1699\/2026\/04\/WhatsApp-Image-2026-04-28-at-17.48.25-300x300.jpeg 300w, https:\/\/agora.xtec.cat\/ceipsotdelcamp\/wp-content\/uploads\/usu1699\/2026\/04\/WhatsApp-Image-2026-04-28-at-17.48.25-150x150.jpeg 150w, https:\/\/agora.xtec.cat\/ceipsotdelcamp\/wp-content\/uploads\/usu1699\/2026\/04\/WhatsApp-Image-2026-04-28-at-17.48.25-768x768.jpeg 768w, https:\/\/agora.xtec.cat\/ceipsotdelcamp\/wp-content\/uploads\/usu1699\/2026\/04\/WhatsApp-Image-2026-04-28-at-17.48.25-1536x1536.jpeg 1536w, https:\/\/agora.xtec.cat\/ceipsotdelcamp\/wp-content\/uploads\/usu1699\/2026\/04\/WhatsApp-Image-2026-04-28-at-17.48.25.jpeg 1600w\" sizes=\"auto, (max-width: 1024px) 100vw, 1024px\" \/><\/p>\n","protected":false},"excerpt":{"rendered":"<p>Els infants d\u2019I5 han participat recentment en una activitat molt especial emmarcada dins la tesi que est\u00e0 desenvolupant la Marta Ardite sobre la relaci\u00f3 entre la pl\u00e0stica i els \u00e0lbums il\u00b7lustrats. Pr\u00e8viament, a l\u2019aula s\u2019han treballat diversos \u00e0lbums il\u00b7lustrats, observant-ne les imatges, els colors i els elements visuals. A partir d\u2019aquest treball, els infants han [&hellip;]<\/p>\n","protected":false},"author":3,"featured_media":0,"comment_status":"open","ping_status":"open","sticky":false,"template":"","format":"standard","meta":{"_bbp_topic_count":0,"_bbp_reply_count":0,"_bbp_total_topic_count":0,"_bbp_total_reply_count":0,"_bbp_voice_count":0,"_bbp_anonymous_reply_count":0,"_bbp_topic_count_hidden":0,"_bbp_reply_count_hidden":0,"_bbp_forum_subforum_count":0,"site-sidebar-layout":"default","site-content-layout":"","ast-site-content-layout":"default","site-content-style":"default","site-sidebar-style":"default","ast-global-header-display":"","ast-banner-title-visibility":"","ast-main-header-display":"","ast-hfb-above-header-display":"","ast-hfb-below-header-display":"","ast-hfb-mobile-header-display":"","site-post-title":"","ast-breadcrumbs-content":"","ast-featured-img":"","footer-sml-layout":"","theme-transparent-header-meta":"default","adv-header-id-meta":"","stick-header-meta":"","header-above-stick-meta":"","header-main-stick-meta":"","header-below-stick-meta":"","astra-migrate-meta-layouts":"set","ast-page-background-enabled":"default","ast-page-background-meta":{"desktop":{"background-color":"var(--ast-global-color-4)","background-image":"","background-repeat":"repeat","background-position":"center center","background-size":"auto","background-attachment":"scroll","background-type":"","background-media":"","overlay-type":"","overlay-color":"","overlay-opacity":"","overlay-gradient":""},"tablet":{"background-color":"","background-image":"","background-repeat":"repeat","background-position":"center center","background-size":"auto","background-attachment":"scroll","background-type":"","background-media":"","overlay-type":"","overlay-color":"","overlay-opacity":"","overlay-gradient":""},"mobile":{"background-color":"","background-image":"","background-repeat":"repeat","background-position":"center center","background-size":"auto","background-attachment":"scroll","background-type":"","background-media":"","overlay-type":"","overlay-color":"","overlay-opacity":"","overlay-gradient":""}},"ast-content-background-meta":{"desktop":{"background-color":"var(--ast-global-color-5)","background-image":"","background-repeat":"repeat","background-position":"center center","background-size":"auto","background-attachment":"scroll","background-type":"","background-media":"","overlay-type":"","overlay-color":"","overlay-opacity":"","overlay-gradient":""},"tablet":{"background-color":"var(--ast-global-color-5)","background-image":"","background-repeat":"repeat","background-position":"center center","background-size":"auto","background-attachment":"scroll","background-type":"","background-media":"","overlay-type":"","overlay-color":"","overlay-opacity":"","overlay-gradient":""},"mobile":{"background-color":"var(--ast-global-color-5)","background-image":"","background-repeat":"repeat","background-position":"center center","background-size":"auto","background-attachment":"scroll","background-type":"","background-media":"","overlay-type":"","overlay-color":"","overlay-opacity":"","overlay-gradient":""}},"footnotes":""},"categories":[240,9,2],"tags":[],"class_list":["post-9830","post","type-post","status-publish","format-standard","hentry","category-biblioteca-plamib","category-i5","category-infantil"],"post_mailing_queue_ids":[],"_links":{"self":[{"href":"https:\/\/agora.xtec.cat\/ceipsotdelcamp\/wp-json\/wp\/v2\/posts\/9830","targetHints":{"allow":["GET"]}}],"collection":[{"href":"https:\/\/agora.xtec.cat\/ceipsotdelcamp\/wp-json\/wp\/v2\/posts"}],"about":[{"href":"https:\/\/agora.xtec.cat\/ceipsotdelcamp\/wp-json\/wp\/v2\/types\/post"}],"author":[{"embeddable":true,"href":"https:\/\/agora.xtec.cat\/ceipsotdelcamp\/wp-json\/wp\/v2\/users\/3"}],"replies":[{"embeddable":true,"href":"https:\/\/agora.xtec.cat\/ceipsotdelcamp\/wp-json\/wp\/v2\/comments?post=9830"}],"version-history":[{"count":1,"href":"https:\/\/agora.xtec.cat\/ceipsotdelcamp\/wp-json\/wp\/v2\/posts\/9830\/revisions"}],"predecessor-version":[{"id":9832,"href":"https:\/\/agora.xtec.cat\/ceipsotdelcamp\/wp-json\/wp\/v2\/posts\/9830\/revisions\/9832"}],"wp:attachment":[{"href":"https:\/\/agora.xtec.cat\/ceipsotdelcamp\/wp-json\/wp\/v2\/media?parent=9830"}],"wp:term":[{"taxonomy":"category","embeddable":true,"href":"https:\/\/agora.xtec.cat\/ceipsotdelcamp\/wp-json\/wp\/v2\/categories?post=9830"},{"taxonomy":"post_tag","embeddable":true,"href":"https:\/\/agora.xtec.cat\/ceipsotdelcamp\/wp-json\/wp\/v2\/tags?post=9830"}],"curies":[{"name":"wp","href":"https:\/\/api.w.org\/{rel}","templated":true}]}}