{"id":9825,"date":"2026-04-28T17:25:23","date_gmt":"2026-04-28T15:25:23","guid":{"rendered":"https:\/\/agora.xtec.cat\/ceipsotdelcamp\/?p=9825"},"modified":"2026-04-28T17:25:33","modified_gmt":"2026-04-28T15:25:33","slug":"sant-jordi-2026","status":"publish","type":"post","link":"https:\/\/agora.xtec.cat\/ceipsotdelcamp\/infantil\/i5\/sant-jordi-2026\/","title":{"rendered":"SANT JORDI 2026"},"content":{"rendered":"<p>El passat dijous 23 d\u2019abril vam celebrar la diada de Sant Jordi d\u2019una manera ben especial. Ens vam reunir a la pla\u00e7a del poble, on vam gaudir d\u2019una estona plena de contes que ens van fer volar la imaginaci\u00f3. Tamb\u00e9 vam tenir temps per mirar llibres, descobrir hist\u00f2ries noves i compartir recomanacions amb els companys i companyes.<\/p>\n<p>Per acabar d\u2019arrodonir el mat\u00ed, vam esmorzar fruita bon\u00edssima, que ens va donar energia per continuar gaudint de la jornada. Va ser un mat\u00ed molt especial que vam compartir plegats i que ens va deixar un record molt bonic.<a href=\"https:\/\/drive.google.com\/drive\/folders\/1jy6QYiQfGlbA5mYktQ2VINsMulnbJZf4?usp=sharing\"> Cliqueu aqu\u00ed!<\/a><\/p>\n<p><img loading=\"lazy\" decoding=\"async\" src=\"https:\/\/agora.xtec.cat\/ceipsotdelcamp\/wp-content\/uploads\/usu1699\/2026\/04\/Sant-J.png\" alt=\"\" width=\"1080\" height=\"1080\" class=\"alignnone size-full wp-image-9826\" srcset=\"https:\/\/agora.xtec.cat\/ceipsotdelcamp\/wp-content\/uploads\/usu1699\/2026\/04\/Sant-J.png 1080w, https:\/\/agora.xtec.cat\/ceipsotdelcamp\/wp-content\/uploads\/usu1699\/2026\/04\/Sant-J-300x300.png 300w, https:\/\/agora.xtec.cat\/ceipsotdelcamp\/wp-content\/uploads\/usu1699\/2026\/04\/Sant-J-1024x1024.png 1024w, https:\/\/agora.xtec.cat\/ceipsotdelcamp\/wp-content\/uploads\/usu1699\/2026\/04\/Sant-J-150x150.png 150w, https:\/\/agora.xtec.cat\/ceipsotdelcamp\/wp-content\/uploads\/usu1699\/2026\/04\/Sant-J-768x768.png 768w\" sizes=\"auto, (max-width: 1080px) 100vw, 1080px\" \/><\/p>\n","protected":false},"excerpt":{"rendered":"<p>El passat dijous 23 d\u2019abril vam celebrar la diada de Sant Jordi d\u2019una manera ben especial. Ens vam reunir a la pla\u00e7a del poble, on vam gaudir d\u2019una estona plena de contes que ens van fer volar la imaginaci\u00f3. Tamb\u00e9 vam tenir temps per mirar llibres, descobrir hist\u00f2ries noves i compartir recomanacions amb els companys [&hellip;]<\/p>\n","protected":false},"author":25,"featured_media":0,"comment_status":"open","ping_status":"open","sticky":false,"template":"","format":"standard","meta":{"_bbp_topic_count":0,"_bbp_reply_count":0,"_bbp_total_topic_count":0,"_bbp_total_reply_count":0,"_bbp_voice_count":0,"_bbp_anonymous_reply_count":0,"_bbp_topic_count_hidden":0,"_bbp_reply_count_hidden":0,"_bbp_forum_subforum_count":0,"site-sidebar-layout":"default","site-content-layout":"","ast-site-content-layout":"default","site-content-style":"default","site-sidebar-style":"default","ast-global-header-display":"","ast-banner-title-visibility":"","ast-main-header-display":"","ast-hfb-above-header-display":"","ast-hfb-below-header-display":"","ast-hfb-mobile-header-display":"","site-post-title":"","ast-breadcrumbs-content":"","ast-featured-img":"","footer-sml-layout":"","theme-transparent-header-meta":"default","adv-header-id-meta":"","stick-header-meta":"","header-above-stick-meta":"","header-main-stick-meta":"","header-below-stick-meta":"","astra-migrate-meta-layouts":"set","ast-page-background-enabled":"default","ast-page-background-meta":{"desktop":{"background-color":"var(--ast-global-color-4)","background-image":"","background-repeat":"repeat","background-position":"center center","background-size":"auto","background-attachment":"scroll","background-type":"","background-media":"","overlay-type":"","overlay-color":"","overlay-opacity":"","overlay-gradient":""},"tablet":{"background-color":"","background-image":"","background-repeat":"repeat","background-position":"center center","background-size":"auto","background-attachment":"scroll","background-type":"","background-media":"","overlay-type":"","overlay-color":"","overlay-opacity":"","overlay-gradient":""},"mobile":{"background-color":"","background-image":"","background-repeat":"repeat","background-position":"center center","background-size":"auto","background-attachment":"scroll","background-type":"","background-media":"","overlay-type":"","overlay-color":"","overlay-opacity":"","overlay-gradient":""}},"ast-content-background-meta":{"desktop":{"background-color":"var(--ast-global-color-5)","background-image":"","background-repeat":"repeat","background-position":"center center","background-size":"auto","background-attachment":"scroll","background-type":"","background-media":"","overlay-type":"","overlay-color":"","overlay-opacity":"","overlay-gradient":""},"tablet":{"background-color":"var(--ast-global-color-5)","background-image":"","background-repeat":"repeat","background-position":"center center","background-size":"auto","background-attachment":"scroll","background-type":"","background-media":"","overlay-type":"","overlay-color":"","overlay-opacity":"","overlay-gradient":""},"mobile":{"background-color":"var(--ast-global-color-5)","background-image":"","background-repeat":"repeat","background-position":"center center","background-size":"auto","background-attachment":"scroll","background-type":"","background-media":"","overlay-type":"","overlay-color":"","overlay-opacity":"","overlay-gradient":""}},"footnotes":""},"categories":[9],"tags":[],"class_list":["post-9825","post","type-post","status-publish","format-standard","hentry","category-i5"],"post_mailing_queue_ids":[],"_links":{"self":[{"href":"https:\/\/agora.xtec.cat\/ceipsotdelcamp\/wp-json\/wp\/v2\/posts\/9825","targetHints":{"allow":["GET"]}}],"collection":[{"href":"https:\/\/agora.xtec.cat\/ceipsotdelcamp\/wp-json\/wp\/v2\/posts"}],"about":[{"href":"https:\/\/agora.xtec.cat\/ceipsotdelcamp\/wp-json\/wp\/v2\/types\/post"}],"author":[{"embeddable":true,"href":"https:\/\/agora.xtec.cat\/ceipsotdelcamp\/wp-json\/wp\/v2\/users\/25"}],"replies":[{"embeddable":true,"href":"https:\/\/agora.xtec.cat\/ceipsotdelcamp\/wp-json\/wp\/v2\/comments?post=9825"}],"version-history":[{"count":2,"href":"https:\/\/agora.xtec.cat\/ceipsotdelcamp\/wp-json\/wp\/v2\/posts\/9825\/revisions"}],"predecessor-version":[{"id":9828,"href":"https:\/\/agora.xtec.cat\/ceipsotdelcamp\/wp-json\/wp\/v2\/posts\/9825\/revisions\/9828"}],"wp:attachment":[{"href":"https:\/\/agora.xtec.cat\/ceipsotdelcamp\/wp-json\/wp\/v2\/media?parent=9825"}],"wp:term":[{"taxonomy":"category","embeddable":true,"href":"https:\/\/agora.xtec.cat\/ceipsotdelcamp\/wp-json\/wp\/v2\/categories?post=9825"},{"taxonomy":"post_tag","embeddable":true,"href":"https:\/\/agora.xtec.cat\/ceipsotdelcamp\/wp-json\/wp\/v2\/tags?post=9825"}],"curies":[{"name":"wp","href":"https:\/\/api.w.org\/{rel}","templated":true}]}}