{"id":9821,"date":"2026-04-25T11:37:58","date_gmt":"2026-04-25T09:37:58","guid":{"rendered":"https:\/\/agora.xtec.cat\/ceipsotdelcamp\/?p=9821"},"modified":"2026-04-25T11:37:58","modified_gmt":"2026-04-25T09:37:58","slug":"sant-jordi-el-cavaller","status":"publish","type":"post","link":"https:\/\/agora.xtec.cat\/ceipsotdelcamp\/infantil\/sant-jordi-el-cavaller\/","title":{"rendered":"SANT JORDI EL CAVALLER"},"content":{"rendered":"<p>Aquests dies a la classe d\u2019I4 han estat plens d\u2019activitats, emocions i moments compartits!<\/p>\n<p>Hem celebrat l\u2019aniversari del Nil, que ja ha fet 5 anys! \ud83c\udf89 Ha estat un moment molt especial que hem gaudit tots junts.<\/p>\n<p>Tamb\u00e9 ens hem endinsat en la llegenda de Sant Jordi, descobrint la hist\u00f2ria i fent diferents activitats pl\u00e0stiques relacionades amb el drac i la rosa. A m\u00e9s, hem sortit a la pla\u00e7a del poble, on hem escoltat una conta-contes amb els infants de l\u2019escola bressol i de l\u2019altra escola del poble. Per acabar-ho d\u2019arrodonir, hem compartit un bon esmorzar de fruita gr\u00e0cies a l\u2019ajuntament. \ud83c\udf4e\ud83c\udf4c<\/p>\n<p>Un altre dels moments destacats ha estat el taller que hem fet tota l\u2019escola plegats, amb la participaci\u00f3 de mestres i fam\u00edlies volunt\u00e0ries. Junts hem creat una rosa i un drac preciosos!<\/p>\n<p>A la classe tamb\u00e9 estem treballant en un petjapapers, que encara tenim entre mans i que aviat acabarem.<\/p>\n<p>A m\u00e9s, hem donat la benvinguda a una nova companya, la Vallolet. Entre tots i totes l\u2019estem ajudant a adaptar-se al nou idioma i a les rutines de la classe<img decoding=\"async\" class=\"aligncenter size-full wp-image-9822\" src=\"https:\/\/agora.xtec.cat\/ceipsotdelcamp\/wp-content\/uploads\/usu1699\/2026\/04\/IMG_1124.heic\" alt=\"\" \/><img decoding=\"async\" class=\"aligncenter size-full wp-image-9822\" src=\"https:\/\/agora.xtec.cat\/ceipsotdelcamp\/wp-content\/uploads\/usu1699\/2026\/04\/IMG_1124.heic\" alt=\"\" \/><\/p>\n<p>Si voleu veure les fotografies de totes aquestes activitats, <a href=\"https:\/\/drive.google.com\/drive\/folders\/1p4_wLIvK38aLTH4AOF98yKiJewHOij5I?usp=drive_link\">cliqueu aqu\u00ed.<\/a><\/p>\n<p><img loading=\"lazy\" decoding=\"async\" class=\"aligncenter size-large wp-image-9823\" src=\"https:\/\/agora.xtec.cat\/ceipsotdelcamp\/wp-content\/uploads\/usu1699\/2026\/04\/IMG_112-921x1024.gif\" alt=\"\" width=\"921\" height=\"1024\" srcset=\"https:\/\/agora.xtec.cat\/ceipsotdelcamp\/wp-content\/uploads\/usu1699\/2026\/04\/IMG_112-921x1024.gif 921w, https:\/\/agora.xtec.cat\/ceipsotdelcamp\/wp-content\/uploads\/usu1699\/2026\/04\/IMG_112-270x300.gif 270w, https:\/\/agora.xtec.cat\/ceipsotdelcamp\/wp-content\/uploads\/usu1699\/2026\/04\/IMG_112-768x853.gif 768w, https:\/\/agora.xtec.cat\/ceipsotdelcamp\/wp-content\/uploads\/usu1699\/2026\/04\/IMG_112-1382x1536.gif 1382w\" sizes=\"auto, (max-width: 921px) 100vw, 921px\" \/><\/p>\n","protected":false},"excerpt":{"rendered":"<p>Aquests dies a la classe d\u2019I4 han estat plens d\u2019activitats, emocions i moments compartits! Hem celebrat l\u2019aniversari del Nil, que ja ha fet 5 anys! \ud83c\udf89 Ha estat un moment molt especial que hem gaudit tots junts. Tamb\u00e9 ens hem endinsat en la llegenda de Sant Jordi, descobrint la hist\u00f2ria i fent diferents activitats pl\u00e0stiques [&hellip;]<\/p>\n","protected":false},"author":3,"featured_media":0,"comment_status":"open","ping_status":"open","sticky":false,"template":"","format":"standard","meta":{"_bbp_topic_count":0,"_bbp_reply_count":0,"_bbp_total_topic_count":0,"_bbp_total_reply_count":0,"_bbp_voice_count":0,"_bbp_anonymous_reply_count":0,"_bbp_topic_count_hidden":0,"_bbp_reply_count_hidden":0,"_bbp_forum_subforum_count":0,"site-sidebar-layout":"default","site-content-layout":"","ast-site-content-layout":"default","site-content-style":"default","site-sidebar-style":"default","ast-global-header-display":"","ast-banner-title-visibility":"","ast-main-header-display":"","ast-hfb-above-header-display":"","ast-hfb-below-header-display":"","ast-hfb-mobile-header-display":"","site-post-title":"","ast-breadcrumbs-content":"","ast-featured-img":"","footer-sml-layout":"","theme-transparent-header-meta":"default","adv-header-id-meta":"","stick-header-meta":"","header-above-stick-meta":"","header-main-stick-meta":"","header-below-stick-meta":"","astra-migrate-meta-layouts":"set","ast-page-background-enabled":"default","ast-page-background-meta":{"desktop":{"background-color":"var(--ast-global-color-4)","background-image":"","background-repeat":"repeat","background-position":"center center","background-size":"auto","background-attachment":"scroll","background-type":"","background-media":"","overlay-type":"","overlay-color":"","overlay-opacity":"","overlay-gradient":""},"tablet":{"background-color":"","background-image":"","background-repeat":"repeat","background-position":"center center","background-size":"auto","background-attachment":"scroll","background-type":"","background-media":"","overlay-type":"","overlay-color":"","overlay-opacity":"","overlay-gradient":""},"mobile":{"background-color":"","background-image":"","background-repeat":"repeat","background-position":"center center","background-size":"auto","background-attachment":"scroll","background-type":"","background-media":"","overlay-type":"","overlay-color":"","overlay-opacity":"","overlay-gradient":""}},"ast-content-background-meta":{"desktop":{"background-color":"var(--ast-global-color-5)","background-image":"","background-repeat":"repeat","background-position":"center center","background-size":"auto","background-attachment":"scroll","background-type":"","background-media":"","overlay-type":"","overlay-color":"","overlay-opacity":"","overlay-gradient":""},"tablet":{"background-color":"var(--ast-global-color-5)","background-image":"","background-repeat":"repeat","background-position":"center center","background-size":"auto","background-attachment":"scroll","background-type":"","background-media":"","overlay-type":"","overlay-color":"","overlay-opacity":"","overlay-gradient":""},"mobile":{"background-color":"var(--ast-global-color-5)","background-image":"","background-repeat":"repeat","background-position":"center center","background-size":"auto","background-attachment":"scroll","background-type":"","background-media":"","overlay-type":"","overlay-color":"","overlay-opacity":"","overlay-gradient":""}},"footnotes":""},"categories":[8,2],"tags":[],"class_list":["post-9821","post","type-post","status-publish","format-standard","hentry","category-i4","category-infantil"],"post_mailing_queue_ids":[],"_links":{"self":[{"href":"https:\/\/agora.xtec.cat\/ceipsotdelcamp\/wp-json\/wp\/v2\/posts\/9821","targetHints":{"allow":["GET"]}}],"collection":[{"href":"https:\/\/agora.xtec.cat\/ceipsotdelcamp\/wp-json\/wp\/v2\/posts"}],"about":[{"href":"https:\/\/agora.xtec.cat\/ceipsotdelcamp\/wp-json\/wp\/v2\/types\/post"}],"author":[{"embeddable":true,"href":"https:\/\/agora.xtec.cat\/ceipsotdelcamp\/wp-json\/wp\/v2\/users\/3"}],"replies":[{"embeddable":true,"href":"https:\/\/agora.xtec.cat\/ceipsotdelcamp\/wp-json\/wp\/v2\/comments?post=9821"}],"version-history":[{"count":1,"href":"https:\/\/agora.xtec.cat\/ceipsotdelcamp\/wp-json\/wp\/v2\/posts\/9821\/revisions"}],"predecessor-version":[{"id":9824,"href":"https:\/\/agora.xtec.cat\/ceipsotdelcamp\/wp-json\/wp\/v2\/posts\/9821\/revisions\/9824"}],"wp:attachment":[{"href":"https:\/\/agora.xtec.cat\/ceipsotdelcamp\/wp-json\/wp\/v2\/media?parent=9821"}],"wp:term":[{"taxonomy":"category","embeddable":true,"href":"https:\/\/agora.xtec.cat\/ceipsotdelcamp\/wp-json\/wp\/v2\/categories?post=9821"},{"taxonomy":"post_tag","embeddable":true,"href":"https:\/\/agora.xtec.cat\/ceipsotdelcamp\/wp-json\/wp\/v2\/tags?post=9821"}],"curies":[{"name":"wp","href":"https:\/\/api.w.org\/{rel}","templated":true}]}}