{"id":9602,"date":"2026-01-09T10:00:51","date_gmt":"2026-01-09T09:00:51","guid":{"rendered":"https:\/\/agora.xtec.cat\/ceipsotdelcamp\/?p=9602"},"modified":"2026-04-24T12:52:44","modified_gmt":"2026-04-24T10:52:44","slug":"preinscripcio-2026-27-portes-obertes","status":"publish","type":"post","link":"https:\/\/agora.xtec.cat\/ceipsotdelcamp\/general\/preinscripcio-2026-27-portes-obertes\/","title":{"rendered":"Preinscripci\u00f3 2026-27. Portes obertes"},"content":{"rendered":"<h3><strong>Informaci\u00f3 sobre el proc\u00e9s de preinscripci\u00f3:<\/strong><\/h3>\n<p><a href=\"https:\/\/agora.xtec.cat\/ceipsotdelcamp\/projecte-educatiu\/pec\/\"><img loading=\"lazy\" decoding=\"async\" class=\"alignnone wp-image-8934\" src=\"https:\/\/agora.xtec.cat\/ceipsotdelcamp\/wp-content\/uploads\/usu1699\/2025\/03\/Imatge-PEC-2025-1024x586.jpg\" alt=\"\" width=\"729\" height=\"417\" srcset=\"https:\/\/agora.xtec.cat\/ceipsotdelcamp\/wp-content\/uploads\/usu1699\/2025\/03\/Imatge-PEC-2025-1024x586.jpg 1024w, https:\/\/agora.xtec.cat\/ceipsotdelcamp\/wp-content\/uploads\/usu1699\/2025\/03\/Imatge-PEC-2025-300x172.jpg 300w, https:\/\/agora.xtec.cat\/ceipsotdelcamp\/wp-content\/uploads\/usu1699\/2025\/03\/Imatge-PEC-2025-768x440.jpg 768w, https:\/\/agora.xtec.cat\/ceipsotdelcamp\/wp-content\/uploads\/usu1699\/2025\/03\/Imatge-PEC-2025.jpg 1335w\" sizes=\"auto, (max-width: 729px) 100vw, 729px\" \/><\/a><\/p>\n<ul>\n<li>Per\u00edode de preinscripci\u00f3: del 4 al 18 de mar\u00e7 de 2026.<\/li>\n<li>Si vols tenir m\u00e9s informaci\u00f3 del proc\u00e9s de preinscripci\u00f3 o altres inquietuds et podem ajudar:\n<ul>\n<li style=\"list-style-type: none;\">\n<ul>\n<li style=\"list-style-type: none;\">\n<ul>\n<li style=\"list-style-type: none;\">\n<ul>\n<li>truca a <strong>93.791.47.48<\/strong> o<\/li>\n<li>escriu un correu a <strong>gestio.escola@escolasotdelcamp.cat\u00a0<\/strong><\/li>\n<\/ul>\n<\/li>\n<\/ul>\n<\/li>\n<\/ul>\n<\/li>\n<\/ul>\n<\/li>\n<\/ul>\n<h6>Dates de les Portes obertes:<\/h6>\n<ul>\n<li><a href=\"https:\/\/forms.gle\/9E9E6PW57hLE5aQk8\"><strong>Formulari d&#8217;inscripci\u00f3<\/strong><\/a><\/li>\n<li>Dijous 19 de febrer de 15h a 17h. (Ed. Infantil)<\/li>\n<li>Divendres 20 de febrer de 9:30h a 11h. (Ed. Prim\u00e0ria)<\/li>\n<li>Dimecres 25 de febrer de 15h a 17h. (Ed. Infantil)<\/li>\n<\/ul>\n<h6>Informa&#8217;t sobre el Projecte Educatiu de Centre:<\/h6>\n<table style=\"border-collapse: collapse; width: 81.0649%; height: 145px;\">\n<tbody>\n<tr>\n<td style=\"width: 100%;\">\n<h6>Codi de l&#8217;Escola Sot del Camp\u00a0 \u00a0 \u00a008061105<\/h6>\n<\/td>\n<\/tr>\n<tr>\n<td style=\"width: 100%;\">\n<h6>Enlla\u00e7 per fer la preinscripci\u00f3 Ed. Infantil<\/h6>\n<h6>Enlla\u00e7 per fer la preinscripci\u00f3 Ed. Prim\u00e0ria<\/h6>\n<\/td>\n<\/tr>\n<tr>\n<td style=\"width: 100%;\">\n<h6><a href=\"https:\/\/agora.xtec.cat\/ceipsotdelcamp\/projecte-educatiu\/pec\/\">Projecte Educatiu de Centre<\/a><\/h6>\n<\/td>\n<\/tr>\n<tr>\n<td style=\"width: 100%;\">\n<h6><a href=\"https:\/\/agora.xtec.cat\/ceipsotdelcamp\/projecte-educatiu\/projecte-de-convivencia-convivim\/\">Projecte de Conviv\u00e8ncia<\/a><\/h6>\n<\/td>\n<\/tr>\n<tr>\n<td style=\"width: 100%;\">\n<h6><a href=\"https:\/\/agora.xtec.cat\/ceipsotdelcamp\/lescola\/material-escolar\/\">Preus p\u00fablics<\/a><\/h6>\n<\/td>\n<\/tr>\n<tr>\n<td style=\"width: 100%;\">\n<h6><a href=\"https:\/\/agora.xtec.cat\/ceipsotdelcamp\/serveis\/menjador-escolar\/\">Espai de migdia\u00a0<\/a><\/h6>\n<\/td>\n<\/tr>\n<\/tbody>\n<\/table>\n<h6>Dates clau del proc\u00e9s de preinscripci\u00f3:<\/h6>\n<h6><\/h6>\n<table style=\"border-collapse: collapse; width: 79.7964%; height: 418px;\">\n<tbody>\n<tr style=\"height: 71px;\">\n<td style=\"width: 50%; height: 71px;\">\n<h6><a href=\"https:\/\/agora.xtec.cat\/ceipsotdelcamp\/wp-content\/uploads\/usu1699\/2026\/01\/INFORME_OFERTA_OME_INFORME_OFERTA.pdf\">Oferta inicial<\/a><\/h6>\n<\/td>\n<td style=\"width: 151.724%; height: 71px;\"><\/td>\n<\/tr>\n<tr style=\"height: 93px;\">\n<td style=\"width: 50%; height: 93px;\">\n<h6><a href=\"https:\/\/agora.xtec.cat\/ceipsotdelcamp\/wp-content\/uploads\/usu1699\/2026\/01\/INFORME_BAREM_PROVISIONAL_BAREM.pdf\">Informe del barem provisional<\/a><\/h6>\n<\/td>\n<td style=\"width: 151.724%; height: 93px;\"><\/td>\n<\/tr>\n<tr style=\"height: 48px;\">\n<td style=\"width: 50%; height: 48px;\">\n<h6><a href=\"https:\/\/agora.xtec.cat\/ceipsotdelcamp\/wp-content\/uploads\/usu1699\/2026\/01\/INFORME_BAREM_RESOLTES_BAREM.pdf\">Informe del barem amb reclamacions resoltes<\/a><\/h6>\n<\/td>\n<td style=\"width: 151.724%; height: 48px;\"><\/td>\n<\/tr>\n<tr style=\"height: 32px;\">\n<td style=\"width: 50%; height: 32px;\">\n<h6>Sorteig<\/h6>\n<\/td>\n<td style=\"width: 151.724%; height: 32px;\">\n<h6><\/h6>\n<\/td>\n<\/tr>\n<tr style=\"height: 49px;\">\n<td style=\"width: 50%; height: 49px;\">\n<h6>Llista ordenada<\/h6>\n<\/td>\n<td style=\"width: 151.724%; height: 49px;\"><\/td>\n<\/tr>\n<tr style=\"height: 49px;\">\n<td style=\"width: 50%; height: 49px;\">\n<h6>Oferta final de places escolars<\/h6>\n<\/td>\n<td style=\"width: 151.724%; height: 49px;\">\n<h6><\/h6>\n<\/td>\n<\/tr>\n<tr style=\"height: 76px;\">\n<td style=\"width: 50%; height: 76px;\">\n<h6>Llista d&#8217;admesos i llista d&#8217;espera<\/h6>\n<\/td>\n<td style=\"width: 151.724%; height: 76px;\">\n<h6><\/h6>\n<h6><\/h6>\n<\/td>\n<\/tr>\n<tr>\n<td style=\"width: 50%;\">\n<h6>Informaci\u00f3 per fer la matr\u00edcula<\/h6>\n<\/td>\n<td style=\"width: 151.724%;\">\n<h6><\/h6>\n<\/td>\n<\/tr>\n<\/tbody>\n<\/table>\n<h6><\/h6>\n<p>&nbsp;<\/p>\n","protected":false},"excerpt":{"rendered":"<p>Informaci\u00f3 sobre el proc\u00e9s de preinscripci\u00f3: Per\u00edode de preinscripci\u00f3: del 4 al 18 de mar\u00e7 de 2026. Si vols tenir m\u00e9s informaci\u00f3 del proc\u00e9s de preinscripci\u00f3 o altres inquietuds et podem ajudar: truca a 93.791.47.48 o escriu un correu a gestio.escola@escolasotdelcamp.cat\u00a0 Dates de les Portes obertes: Formulari d&#8217;inscripci\u00f3 Dijous 19 de febrer de 15h a [&hellip;]<\/p>\n","protected":false},"author":28,"featured_media":9625,"comment_status":"open","ping_status":"open","sticky":true,"template":"","format":"standard","meta":{"_bbp_topic_count":0,"_bbp_reply_count":0,"_bbp_total_topic_count":0,"_bbp_total_reply_count":0,"_bbp_voice_count":0,"_bbp_anonymous_reply_count":0,"_bbp_topic_count_hidden":0,"_bbp_reply_count_hidden":0,"_bbp_forum_subforum_count":0,"site-sidebar-layout":"default","site-content-layout":"","ast-site-content-layout":"default","site-content-style":"default","site-sidebar-style":"default","ast-global-header-display":"","ast-banner-title-visibility":"","ast-main-header-display":"","ast-hfb-above-header-display":"","ast-hfb-below-header-display":"","ast-hfb-mobile-header-display":"","site-post-title":"","ast-breadcrumbs-content":"","ast-featured-img":"","footer-sml-layout":"","theme-transparent-header-meta":"default","adv-header-id-meta":"","stick-header-meta":"","header-above-stick-meta":"","header-main-stick-meta":"","header-below-stick-meta":"","astra-migrate-meta-layouts":"set","ast-page-background-enabled":"default","ast-page-background-meta":{"desktop":{"background-color":"var(--ast-global-color-4)","background-image":"","background-repeat":"repeat","background-position":"center center","background-size":"auto","background-attachment":"scroll","background-type":"","background-media":"","overlay-type":"","overlay-color":"","overlay-opacity":"","overlay-gradient":""},"tablet":{"background-color":"","background-image":"","background-repeat":"repeat","background-position":"center center","background-size":"auto","background-attachment":"scroll","background-type":"","background-media":"","overlay-type":"","overlay-color":"","overlay-opacity":"","overlay-gradient":""},"mobile":{"background-color":"","background-image":"","background-repeat":"repeat","background-position":"center center","background-size":"auto","background-attachment":"scroll","background-type":"","background-media":"","overlay-type":"","overlay-color":"","overlay-opacity":"","overlay-gradient":""}},"ast-content-background-meta":{"desktop":{"background-color":"var(--ast-global-color-5)","background-image":"","background-repeat":"repeat","background-position":"center center","background-size":"auto","background-attachment":"scroll","background-type":"","background-media":"","overlay-type":"","overlay-color":"","overlay-opacity":"","overlay-gradient":""},"tablet":{"background-color":"var(--ast-global-color-5)","background-image":"","background-repeat":"repeat","background-position":"center center","background-size":"auto","background-attachment":"scroll","background-type":"","background-media":"","overlay-type":"","overlay-color":"","overlay-opacity":"","overlay-gradient":""},"mobile":{"background-color":"var(--ast-global-color-5)","background-image":"","background-repeat":"repeat","background-position":"center center","background-size":"auto","background-attachment":"scroll","background-type":"","background-media":"","overlay-type":"","overlay-color":"","overlay-opacity":"","overlay-gradient":""}},"footnotes":""},"categories":[1,4],"tags":[],"class_list":["post-9602","post","type-post","status-publish","format-standard","has-post-thumbnail","hentry","category-general","category-portada"],"post_mailing_queue_ids":[],"_links":{"self":[{"href":"https:\/\/agora.xtec.cat\/ceipsotdelcamp\/wp-json\/wp\/v2\/posts\/9602","targetHints":{"allow":["GET"]}}],"collection":[{"href":"https:\/\/agora.xtec.cat\/ceipsotdelcamp\/wp-json\/wp\/v2\/posts"}],"about":[{"href":"https:\/\/agora.xtec.cat\/ceipsotdelcamp\/wp-json\/wp\/v2\/types\/post"}],"author":[{"embeddable":true,"href":"https:\/\/agora.xtec.cat\/ceipsotdelcamp\/wp-json\/wp\/v2\/users\/28"}],"replies":[{"embeddable":true,"href":"https:\/\/agora.xtec.cat\/ceipsotdelcamp\/wp-json\/wp\/v2\/comments?post=9602"}],"version-history":[{"count":6,"href":"https:\/\/agora.xtec.cat\/ceipsotdelcamp\/wp-json\/wp\/v2\/posts\/9602\/revisions"}],"predecessor-version":[{"id":9820,"href":"https:\/\/agora.xtec.cat\/ceipsotdelcamp\/wp-json\/wp\/v2\/posts\/9602\/revisions\/9820"}],"wp:featuredmedia":[{"embeddable":true,"href":"https:\/\/agora.xtec.cat\/ceipsotdelcamp\/wp-json\/wp\/v2\/media\/9625"}],"wp:attachment":[{"href":"https:\/\/agora.xtec.cat\/ceipsotdelcamp\/wp-json\/wp\/v2\/media?parent=9602"}],"wp:term":[{"taxonomy":"category","embeddable":true,"href":"https:\/\/agora.xtec.cat\/ceipsotdelcamp\/wp-json\/wp\/v2\/categories?post=9602"},{"taxonomy":"post_tag","embeddable":true,"href":"https:\/\/agora.xtec.cat\/ceipsotdelcamp\/wp-json\/wp\/v2\/tags?post=9602"}],"curies":[{"name":"wp","href":"https:\/\/api.w.org\/{rel}","templated":true}]}}