{"id":9156,"date":"2025-06-11T19:14:48","date_gmt":"2025-06-11T17:14:48","guid":{"rendered":"https:\/\/agora.xtec.cat\/ceipsotdelcamp\/?p=9156"},"modified":"2025-06-11T19:14:48","modified_gmt":"2025-06-11T17:14:48","slug":"la-fic-del-plamib","status":"publish","type":"post","link":"https:\/\/agora.xtec.cat\/ceipsotdelcamp\/infantil\/la-fic-del-plamib\/","title":{"rendered":"LA FIC DEL PLAMIB"},"content":{"rendered":"<p data-start=\"89\" data-end=\"195\">\ud83c\udf89 <strong data-start=\"92\" data-end=\"192\">Tanquem el primer curs de formaci\u00f3 interna sobre el pla de millora de les biblioteques escolars!<\/strong> \ud83d\udcda<\/p>\n<p data-start=\"197\" data-end=\"593\">Estem molt contents d\u2019anunciar que hem finalitzat la formaci\u00f3 interna de centre corresponent al primer curs del <strong data-start=\"309\" data-end=\"356\">pla de millora de les biblioteques escolars<\/strong>. Aquesta formaci\u00f3, adre\u00e7ada a tot el claustre, ha estat una gran oportunitat per reflexionar, compartir i aprendre noves estrat\u00e8gies per transformar la biblioteca en un espai viu, acollidor i integrat en el projecte educatiu del centre.<\/p>\n<p data-start=\"1004\" data-end=\"1228\">Aquesta primera etapa ha estat molt enriquidora i ens ha deixat motivades i il\u00b7lusionades per continuar caminant cap a una biblioteca escolar m\u00e9s activa, innovadora i connectada amb els interessos dels nostres infants.<\/p>\n<p data-start=\"1230\" data-end=\"1397\">\ud83d\udcd6\u2728 Seguirem treballant en aquest pla durant els propers cursos, tot incorporant els aprenentatges d\u2019aquesta formaci\u00f3 i compartint-los amb tota la comunitat educativa.<\/p>\n<p data-start=\"1399\" data-end=\"1490\">Gr\u00e0cies a totes les mestres que heu participat!<\/p>\n<p data-start=\"1399\" data-end=\"1490\"><img loading=\"lazy\" decoding=\"async\" class=\"aligncenter size-large wp-image-9033\" src=\"https:\/\/agora.xtec.cat\/ceipsotdelcamp\/wp-content\/uploads\/usu1699\/2025\/04\/WhatsApp-Image-2025-04-11-at-09.25.34-4-1-768x1024.jpeg\" alt=\"\" width=\"768\" height=\"1024\" srcset=\"https:\/\/agora.xtec.cat\/ceipsotdelcamp\/wp-content\/uploads\/usu1699\/2025\/04\/WhatsApp-Image-2025-04-11-at-09.25.34-4-1-768x1024.jpeg 768w, https:\/\/agora.xtec.cat\/ceipsotdelcamp\/wp-content\/uploads\/usu1699\/2025\/04\/WhatsApp-Image-2025-04-11-at-09.25.34-4-1-225x300.jpeg 225w, https:\/\/agora.xtec.cat\/ceipsotdelcamp\/wp-content\/uploads\/usu1699\/2025\/04\/WhatsApp-Image-2025-04-11-at-09.25.34-4-1-1152x1536.jpeg 1152w, https:\/\/agora.xtec.cat\/ceipsotdelcamp\/wp-content\/uploads\/usu1699\/2025\/04\/WhatsApp-Image-2025-04-11-at-09.25.34-4-1.jpeg 1200w\" sizes=\"auto, (max-width: 768px) 100vw, 768px\" \/><\/p>\n","protected":false},"excerpt":{"rendered":"<p>\ud83c\udf89 Tanquem el primer curs de formaci\u00f3 interna sobre el pla de millora de les biblioteques escolars! \ud83d\udcda Estem molt contents d\u2019anunciar que hem finalitzat la formaci\u00f3 interna de centre corresponent al primer curs del pla de millora de les biblioteques escolars. Aquesta formaci\u00f3, adre\u00e7ada a tot el claustre, ha estat una gran oportunitat per [&hellip;]<\/p>\n","protected":false},"author":3,"featured_media":9033,"comment_status":"open","ping_status":"open","sticky":false,"template":"","format":"standard","meta":{"_bbp_topic_count":0,"_bbp_reply_count":0,"_bbp_total_topic_count":0,"_bbp_total_reply_count":0,"_bbp_voice_count":0,"_bbp_anonymous_reply_count":0,"_bbp_topic_count_hidden":0,"_bbp_reply_count_hidden":0,"_bbp_forum_subforum_count":0,"site-sidebar-layout":"default","site-content-layout":"","ast-site-content-layout":"","site-content-style":"default","site-sidebar-style":"default","ast-global-header-display":"","ast-banner-title-visibility":"","ast-main-header-display":"","ast-hfb-above-header-display":"","ast-hfb-below-header-display":"","ast-hfb-mobile-header-display":"","site-post-title":"","ast-breadcrumbs-content":"","ast-featured-img":"","footer-sml-layout":"","theme-transparent-header-meta":"","adv-header-id-meta":"","stick-header-meta":"","header-above-stick-meta":"","header-main-stick-meta":"","header-below-stick-meta":"","astra-migrate-meta-layouts":"default","ast-page-background-enabled":"default","ast-page-background-meta":{"desktop":{"background-color":"var(--ast-global-color-4)","background-image":"","background-repeat":"repeat","background-position":"center center","background-size":"auto","background-attachment":"scroll","background-type":"","background-media":"","overlay-type":"","overlay-color":"","overlay-opacity":"","overlay-gradient":""},"tablet":{"background-color":"","background-image":"","background-repeat":"repeat","background-position":"center center","background-size":"auto","background-attachment":"scroll","background-type":"","background-media":"","overlay-type":"","overlay-color":"","overlay-opacity":"","overlay-gradient":""},"mobile":{"background-color":"","background-image":"","background-repeat":"repeat","background-position":"center center","background-size":"auto","background-attachment":"scroll","background-type":"","background-media":"","overlay-type":"","overlay-color":"","overlay-opacity":"","overlay-gradient":""}},"ast-content-background-meta":{"desktop":{"background-color":"var(--ast-global-color-5)","background-image":"","background-repeat":"repeat","background-position":"center center","background-size":"auto","background-attachment":"scroll","background-type":"","background-media":"","overlay-type":"","overlay-color":"","overlay-opacity":"","overlay-gradient":""},"tablet":{"background-color":"var(--ast-global-color-5)","background-image":"","background-repeat":"repeat","background-position":"center center","background-size":"auto","background-attachment":"scroll","background-type":"","background-media":"","overlay-type":"","overlay-color":"","overlay-opacity":"","overlay-gradient":""},"mobile":{"background-color":"var(--ast-global-color-5)","background-image":"","background-repeat":"repeat","background-position":"center center","background-size":"auto","background-attachment":"scroll","background-type":"","background-media":"","overlay-type":"","overlay-color":"","overlay-opacity":"","overlay-gradient":""}},"footnotes":""},"categories":[240,2,5],"tags":[],"class_list":["post-9156","post","type-post","status-publish","format-standard","has-post-thumbnail","hentry","category-biblioteca-plamib","category-infantil","category-primaria"],"post_mailing_queue_ids":[],"_links":{"self":[{"href":"https:\/\/agora.xtec.cat\/ceipsotdelcamp\/wp-json\/wp\/v2\/posts\/9156","targetHints":{"allow":["GET"]}}],"collection":[{"href":"https:\/\/agora.xtec.cat\/ceipsotdelcamp\/wp-json\/wp\/v2\/posts"}],"about":[{"href":"https:\/\/agora.xtec.cat\/ceipsotdelcamp\/wp-json\/wp\/v2\/types\/post"}],"author":[{"embeddable":true,"href":"https:\/\/agora.xtec.cat\/ceipsotdelcamp\/wp-json\/wp\/v2\/users\/3"}],"replies":[{"embeddable":true,"href":"https:\/\/agora.xtec.cat\/ceipsotdelcamp\/wp-json\/wp\/v2\/comments?post=9156"}],"version-history":[{"count":1,"href":"https:\/\/agora.xtec.cat\/ceipsotdelcamp\/wp-json\/wp\/v2\/posts\/9156\/revisions"}],"predecessor-version":[{"id":9157,"href":"https:\/\/agora.xtec.cat\/ceipsotdelcamp\/wp-json\/wp\/v2\/posts\/9156\/revisions\/9157"}],"wp:featuredmedia":[{"embeddable":true,"href":"https:\/\/agora.xtec.cat\/ceipsotdelcamp\/wp-json\/wp\/v2\/media\/9033"}],"wp:attachment":[{"href":"https:\/\/agora.xtec.cat\/ceipsotdelcamp\/wp-json\/wp\/v2\/media?parent=9156"}],"wp:term":[{"taxonomy":"category","embeddable":true,"href":"https:\/\/agora.xtec.cat\/ceipsotdelcamp\/wp-json\/wp\/v2\/categories?post=9156"},{"taxonomy":"post_tag","embeddable":true,"href":"https:\/\/agora.xtec.cat\/ceipsotdelcamp\/wp-json\/wp\/v2\/tags?post=9156"}],"curies":[{"name":"wp","href":"https:\/\/api.w.org\/{rel}","templated":true}]}}