{"id":9130,"date":"2025-06-09T10:02:18","date_gmt":"2025-06-09T08:02:18","guid":{"rendered":"https:\/\/agora.xtec.cat\/ceipsotdelcamp\/?p=9130"},"modified":"2025-06-09T10:16:29","modified_gmt":"2025-06-09T08:16:29","slug":"excursio-a-can-juliana","status":"publish","type":"post","link":"https:\/\/agora.xtec.cat\/ceipsotdelcamp\/primaria\/excursio-a-can-juliana\/","title":{"rendered":"EXCURSI\u00d3 A CAN JULIANA"},"content":{"rendered":"<p>El dimecres 4 de juny vam fer l&#8217;\u00faltima excursi\u00f3 del curs de primer, i va ser tot un \u00e8xit!<br \/>\nVam anar a Can Juliana, un lloc envoltat de natura i ideal per passar un dia ple de diversi\u00f3. All\u00e0 ens esperaven un munt d&#8217;activitats inspirades en l\u2019humor amarillo, que ens van fer riure i gaudir al m\u00e0xim: vam lliscar pel tobogan amb donuts, vam competir com a gladiadors als inflables,vam d\u2019atrapar boles &#8230; i molt m\u00e9s!<br \/>\nVam compartir moments molt divertits amb els companys-es i vam viure una jornada plena de rialles i bon ambient. Sens dubte, una manera genial d&#8217;acomiadar aquest curs. Ens ho vam passar d\u2019all\u00f2 m\u00e9s b\u00e9 i ens quedem amb molt bons records!<a href=\"https:\/\/drive.google.com\/drive\/folders\/1IptgobSTCxXyIuJ4W3wJgPk2yl0PZcLH?usp=sharing\">Cliqueu aqu\u00ed<\/a><\/p>\n<p><img loading=\"lazy\" decoding=\"async\" src=\"https:\/\/agora.xtec.cat\/ceipsotdelcamp\/wp-content\/uploads\/usu1699\/2025\/06\/20250604_103112-232x300.jpg\" alt=\"\" width=\"232\" height=\"300\" class=\"alignnone size-medium wp-image-9131\" srcset=\"https:\/\/agora.xtec.cat\/ceipsotdelcamp\/wp-content\/uploads\/usu1699\/2025\/06\/20250604_103112-232x300.jpg 232w, https:\/\/agora.xtec.cat\/ceipsotdelcamp\/wp-content\/uploads\/usu1699\/2025\/06\/20250604_103112-791x1024.jpg 791w, https:\/\/agora.xtec.cat\/ceipsotdelcamp\/wp-content\/uploads\/usu1699\/2025\/06\/20250604_103112-768x994.jpg 768w, https:\/\/agora.xtec.cat\/ceipsotdelcamp\/wp-content\/uploads\/usu1699\/2025\/06\/20250604_103112-1187x1536.jpg 1187w, https:\/\/agora.xtec.cat\/ceipsotdelcamp\/wp-content\/uploads\/usu1699\/2025\/06\/20250604_103112-1582x2048.jpg 1582w, https:\/\/agora.xtec.cat\/ceipsotdelcamp\/wp-content\/uploads\/usu1699\/2025\/06\/20250604_103112-scaled.jpg 1978w\" sizes=\"auto, (max-width: 232px) 100vw, 232px\" \/><\/p>\n","protected":false},"excerpt":{"rendered":"<p>El dimecres 4 de juny vam fer l&#8217;\u00faltima excursi\u00f3 del curs de primer, i va ser tot un \u00e8xit! Vam anar a Can Juliana, un lloc envoltat de natura i ideal per passar un dia ple de diversi\u00f3. All\u00e0 ens esperaven un munt d&#8217;activitats inspirades en l\u2019humor amarillo, que ens van fer riure i gaudir [&hellip;]<\/p>\n","protected":false},"author":25,"featured_media":9131,"comment_status":"open","ping_status":"open","sticky":false,"template":"","format":"standard","meta":{"_bbp_topic_count":0,"_bbp_reply_count":0,"_bbp_total_topic_count":0,"_bbp_total_reply_count":0,"_bbp_voice_count":0,"_bbp_anonymous_reply_count":0,"_bbp_topic_count_hidden":0,"_bbp_reply_count_hidden":0,"_bbp_forum_subforum_count":0,"site-sidebar-layout":"default","site-content-layout":"","ast-site-content-layout":"","site-content-style":"default","site-sidebar-style":"default","ast-global-header-display":"","ast-banner-title-visibility":"","ast-main-header-display":"","ast-hfb-above-header-display":"","ast-hfb-below-header-display":"","ast-hfb-mobile-header-display":"","site-post-title":"","ast-breadcrumbs-content":"","ast-featured-img":"","footer-sml-layout":"","theme-transparent-header-meta":"","adv-header-id-meta":"","stick-header-meta":"","header-above-stick-meta":"","header-main-stick-meta":"","header-below-stick-meta":"","astra-migrate-meta-layouts":"default","ast-page-background-enabled":"default","ast-page-background-meta":{"desktop":{"background-color":"var(--ast-global-color-4)","background-image":"","background-repeat":"repeat","background-position":"center center","background-size":"auto","background-attachment":"scroll","background-type":"","background-media":"","overlay-type":"","overlay-color":"","overlay-opacity":"","overlay-gradient":""},"tablet":{"background-color":"","background-image":"","background-repeat":"repeat","background-position":"center center","background-size":"auto","background-attachment":"scroll","background-type":"","background-media":"","overlay-type":"","overlay-color":"","overlay-opacity":"","overlay-gradient":""},"mobile":{"background-color":"","background-image":"","background-repeat":"repeat","background-position":"center center","background-size":"auto","background-attachment":"scroll","background-type":"","background-media":"","overlay-type":"","overlay-color":"","overlay-opacity":"","overlay-gradient":""}},"ast-content-background-meta":{"desktop":{"background-color":"var(--ast-global-color-5)","background-image":"","background-repeat":"repeat","background-position":"center center","background-size":"auto","background-attachment":"scroll","background-type":"","background-media":"","overlay-type":"","overlay-color":"","overlay-opacity":"","overlay-gradient":""},"tablet":{"background-color":"var(--ast-global-color-5)","background-image":"","background-repeat":"repeat","background-position":"center center","background-size":"auto","background-attachment":"scroll","background-type":"","background-media":"","overlay-type":"","overlay-color":"","overlay-opacity":"","overlay-gradient":""},"mobile":{"background-color":"var(--ast-global-color-5)","background-image":"","background-repeat":"repeat","background-position":"center center","background-size":"auto","background-attachment":"scroll","background-type":"","background-media":"","overlay-type":"","overlay-color":"","overlay-opacity":"","overlay-gradient":""}},"footnotes":""},"categories":[10,5],"tags":[],"class_list":["post-9130","post","type-post","status-publish","format-standard","has-post-thumbnail","hentry","category-1r","category-primaria"],"post_mailing_queue_ids":[],"_links":{"self":[{"href":"https:\/\/agora.xtec.cat\/ceipsotdelcamp\/wp-json\/wp\/v2\/posts\/9130","targetHints":{"allow":["GET"]}}],"collection":[{"href":"https:\/\/agora.xtec.cat\/ceipsotdelcamp\/wp-json\/wp\/v2\/posts"}],"about":[{"href":"https:\/\/agora.xtec.cat\/ceipsotdelcamp\/wp-json\/wp\/v2\/types\/post"}],"author":[{"embeddable":true,"href":"https:\/\/agora.xtec.cat\/ceipsotdelcamp\/wp-json\/wp\/v2\/users\/25"}],"replies":[{"embeddable":true,"href":"https:\/\/agora.xtec.cat\/ceipsotdelcamp\/wp-json\/wp\/v2\/comments?post=9130"}],"version-history":[{"count":2,"href":"https:\/\/agora.xtec.cat\/ceipsotdelcamp\/wp-json\/wp\/v2\/posts\/9130\/revisions"}],"predecessor-version":[{"id":9136,"href":"https:\/\/agora.xtec.cat\/ceipsotdelcamp\/wp-json\/wp\/v2\/posts\/9130\/revisions\/9136"}],"wp:featuredmedia":[{"embeddable":true,"href":"https:\/\/agora.xtec.cat\/ceipsotdelcamp\/wp-json\/wp\/v2\/media\/9131"}],"wp:attachment":[{"href":"https:\/\/agora.xtec.cat\/ceipsotdelcamp\/wp-json\/wp\/v2\/media?parent=9130"}],"wp:term":[{"taxonomy":"category","embeddable":true,"href":"https:\/\/agora.xtec.cat\/ceipsotdelcamp\/wp-json\/wp\/v2\/categories?post=9130"},{"taxonomy":"post_tag","embeddable":true,"href":"https:\/\/agora.xtec.cat\/ceipsotdelcamp\/wp-json\/wp\/v2\/tags?post=9130"}],"curies":[{"name":"wp","href":"https:\/\/api.w.org\/{rel}","templated":true}]}}