{"id":9123,"date":"2025-06-04T12:57:39","date_gmt":"2025-06-04T10:57:39","guid":{"rendered":"https:\/\/agora.xtec.cat\/ceipsotdelcamp\/?p=9123"},"modified":"2025-06-04T12:57:42","modified_gmt":"2025-06-04T10:57:42","slug":"sortida-al-museu-de-les-matematiques","status":"publish","type":"post","link":"https:\/\/agora.xtec.cat\/ceipsotdelcamp\/primaria\/5e\/sortida-al-museu-de-les-matematiques\/","title":{"rendered":"Sortida al Museu de les Matem\u00e0tiques"},"content":{"rendered":"<p>Durant el segon i tercer trimestre, l&#8217;alumnat de 5\u00e8 hem estat fent el projecte de Leonardo Da Vinci. Hem apr\u00e8s que va ser una persona molt important i no nom\u00e9s va ser un artista sin\u00f3 que va ser una emin\u00e8ncia en molts altres camps: aerodin\u00e0mica, anatomia, etc.<\/p>\n<p>El passat dimarts 3 de juny, vam anar al Museu de les Matem\u00e0tiques. Abans d&#8217;entrar al Museu vam fer una activitat plegats on hav\u00edem de construir unes c\u00fapules Da Vinci. Despr\u00e9s, vam fer una visita al Museu de les Matem\u00e0tiques on vam poder experimentar-les d&#8217;una manera ben diferent i divertida, explorant les diverses sales del museu i posant a prova el nostra enginy amb reptes forces dif\u00edcils. Va ser una sortida molt enriquidora on a trav\u00e9s de la manipulaci\u00f3, el joc i la descoberta vam aprendre molt!<\/p>\n<p>&nbsp;<\/p>\n<p><a href=\"https:\/\/agora.xtec.cat\/ceipsotdelcamp\/wp-content\/uploads\/usu1699\/2025\/06\/museu-de-les-mates.jpg\"><img loading=\"lazy\" decoding=\"async\" class=\"alignnone size-full wp-image-9124\" src=\"https:\/\/agora.xtec.cat\/ceipsotdelcamp\/wp-content\/uploads\/usu1699\/2025\/06\/museu-de-les-mates.jpg\" alt=\"\" width=\"301\" height=\"167\" \/><\/a><\/p>\n<p><a href=\"https:\/\/drive.google.com\/drive\/folders\/1NPwzI4g9M_KYq7rET0zwF4LkGroqN8Ct?usp=sharing\">Aqu\u00ed<\/a> podeu veure totes les fotografies!<\/p>\n","protected":false},"excerpt":{"rendered":"<p>Durant el segon i tercer trimestre, l&#8217;alumnat de 5\u00e8 hem estat fent el projecte de Leonardo Da Vinci. Hem apr\u00e8s que va ser una persona molt important i no nom\u00e9s va ser un artista sin\u00f3 que va ser una emin\u00e8ncia en molts altres camps: aerodin\u00e0mica, anatomia, etc. El passat dimarts 3 de juny, vam anar [&hellip;]<\/p>\n","protected":false},"author":40,"featured_media":0,"comment_status":"open","ping_status":"open","sticky":false,"template":"","format":"standard","meta":{"_bbp_topic_count":0,"_bbp_reply_count":0,"_bbp_total_topic_count":0,"_bbp_total_reply_count":0,"_bbp_voice_count":0,"_bbp_anonymous_reply_count":0,"_bbp_topic_count_hidden":0,"_bbp_reply_count_hidden":0,"_bbp_forum_subforum_count":0,"site-sidebar-layout":"default","site-content-layout":"","ast-site-content-layout":"","site-content-style":"default","site-sidebar-style":"default","ast-global-header-display":"","ast-banner-title-visibility":"","ast-main-header-display":"","ast-hfb-above-header-display":"","ast-hfb-below-header-display":"","ast-hfb-mobile-header-display":"","site-post-title":"","ast-breadcrumbs-content":"","ast-featured-img":"","footer-sml-layout":"","theme-transparent-header-meta":"","adv-header-id-meta":"","stick-header-meta":"","header-above-stick-meta":"","header-main-stick-meta":"","header-below-stick-meta":"","astra-migrate-meta-layouts":"default","ast-page-background-enabled":"default","ast-page-background-meta":{"desktop":{"background-color":"var(--ast-global-color-4)","background-image":"","background-repeat":"repeat","background-position":"center center","background-size":"auto","background-attachment":"scroll","background-type":"","background-media":"","overlay-type":"","overlay-color":"","overlay-opacity":"","overlay-gradient":""},"tablet":{"background-color":"","background-image":"","background-repeat":"repeat","background-position":"center center","background-size":"auto","background-attachment":"scroll","background-type":"","background-media":"","overlay-type":"","overlay-color":"","overlay-opacity":"","overlay-gradient":""},"mobile":{"background-color":"","background-image":"","background-repeat":"repeat","background-position":"center center","background-size":"auto","background-attachment":"scroll","background-type":"","background-media":"","overlay-type":"","overlay-color":"","overlay-opacity":"","overlay-gradient":""}},"ast-content-background-meta":{"desktop":{"background-color":"var(--ast-global-color-5)","background-image":"","background-repeat":"repeat","background-position":"center center","background-size":"auto","background-attachment":"scroll","background-type":"","background-media":"","overlay-type":"","overlay-color":"","overlay-opacity":"","overlay-gradient":""},"tablet":{"background-color":"var(--ast-global-color-5)","background-image":"","background-repeat":"repeat","background-position":"center center","background-size":"auto","background-attachment":"scroll","background-type":"","background-media":"","overlay-type":"","overlay-color":"","overlay-opacity":"","overlay-gradient":""},"mobile":{"background-color":"var(--ast-global-color-5)","background-image":"","background-repeat":"repeat","background-position":"center center","background-size":"auto","background-attachment":"scroll","background-type":"","background-media":"","overlay-type":"","overlay-color":"","overlay-opacity":"","overlay-gradient":""}},"footnotes":""},"categories":[14],"tags":[],"class_list":["post-9123","post","type-post","status-publish","format-standard","hentry","category-5e"],"post_mailing_queue_ids":[],"_links":{"self":[{"href":"https:\/\/agora.xtec.cat\/ceipsotdelcamp\/wp-json\/wp\/v2\/posts\/9123","targetHints":{"allow":["GET"]}}],"collection":[{"href":"https:\/\/agora.xtec.cat\/ceipsotdelcamp\/wp-json\/wp\/v2\/posts"}],"about":[{"href":"https:\/\/agora.xtec.cat\/ceipsotdelcamp\/wp-json\/wp\/v2\/types\/post"}],"author":[{"embeddable":true,"href":"https:\/\/agora.xtec.cat\/ceipsotdelcamp\/wp-json\/wp\/v2\/users\/40"}],"replies":[{"embeddable":true,"href":"https:\/\/agora.xtec.cat\/ceipsotdelcamp\/wp-json\/wp\/v2\/comments?post=9123"}],"version-history":[{"count":1,"href":"https:\/\/agora.xtec.cat\/ceipsotdelcamp\/wp-json\/wp\/v2\/posts\/9123\/revisions"}],"predecessor-version":[{"id":9125,"href":"https:\/\/agora.xtec.cat\/ceipsotdelcamp\/wp-json\/wp\/v2\/posts\/9123\/revisions\/9125"}],"wp:attachment":[{"href":"https:\/\/agora.xtec.cat\/ceipsotdelcamp\/wp-json\/wp\/v2\/media?parent=9123"}],"wp:term":[{"taxonomy":"category","embeddable":true,"href":"https:\/\/agora.xtec.cat\/ceipsotdelcamp\/wp-json\/wp\/v2\/categories?post=9123"},{"taxonomy":"post_tag","embeddable":true,"href":"https:\/\/agora.xtec.cat\/ceipsotdelcamp\/wp-json\/wp\/v2\/tags?post=9123"}],"curies":[{"name":"wp","href":"https:\/\/api.w.org\/{rel}","templated":true}]}}