{"id":9065,"date":"2025-05-05T12:19:49","date_gmt":"2025-05-05T10:19:49","guid":{"rendered":"https:\/\/agora.xtec.cat\/ceipsotdelcamp\/?p=9065"},"modified":"2025-05-05T12:20:59","modified_gmt":"2025-05-05T10:20:59","slug":"conta-contes-a-i3-i-aniversari-de-la-vera","status":"publish","type":"post","link":"https:\/\/agora.xtec.cat\/ceipsotdelcamp\/infantil\/conta-contes-a-i3-i-aniversari-de-la-vera\/","title":{"rendered":"CONTA CONTES A I3 I ANIVERSARI DE LA VERA"},"content":{"rendered":"<p>LA SETMANA PASSADA VAM VENIR ALGUNES FAMILIES A EXPLICAR-NOS CONTES MOLT XULOS.<br \/>\nENS VA AGRADAR MOLT COMPARTIR AMB LES FAMILIES AQUESTA ESTONA ESCONTANT UN CONTE. HI HA MILLOR ACTIVITAT? A MI M&#8217;ENCANTEN ELS CONTES!!!<br \/>\nDURANT LA SETMANA HEM FET ALTRES ACTIVITATS COM EL DIBUIX DEL CAP DE SETMANA, JUGAR A LA CUINETA, AL PLAYMOBIL, ALS TRENS, RESSEGUIR N\u00daMEROS (1 AL 5), ESCRIURE&#8217;LS AL PATI, TREBALL SOBRE EL NUMERO 5 I EVIDENTMENT L&#8217;INICI DEL PROJECTE DEL LLOP. QUE TAMB\u00c9 US COMPARTIR\u00c9 M\u00c9S ENDAVANT&#8230; <a href=\"https:\/\/drive.google.com\/drive\/folders\/1qUsEeKx6vXQ20gmAOfF_0F89gVBdvzIa?usp=sharing\" rel=\"noopener\" target=\"_blank\">COM LES FOTOGRAFIES<\/a>, QUE SI QUE LES COMPARTIM AVUI.<br \/>\nTAMB\u00c9 VA SER L&#8217;ANIVERSARI DE LA NOSTRA ESTIMADA VERA!!!<br \/>\n<img loading=\"lazy\" decoding=\"async\" src=\"https:\/\/agora.xtec.cat\/ceipsotdelcamp\/wp-content\/uploads\/usu1699\/2025\/05\/WhatsApp-Image-2025-05-05-at-12.18.35-768x1024.jpeg\" alt=\"\" width=\"768\" height=\"1024\" class=\"aligncenter size-large wp-image-9066\" srcset=\"https:\/\/agora.xtec.cat\/ceipsotdelcamp\/wp-content\/uploads\/usu1699\/2025\/05\/WhatsApp-Image-2025-05-05-at-12.18.35-768x1024.jpeg 768w, https:\/\/agora.xtec.cat\/ceipsotdelcamp\/wp-content\/uploads\/usu1699\/2025\/05\/WhatsApp-Image-2025-05-05-at-12.18.35-225x300.jpeg 225w, https:\/\/agora.xtec.cat\/ceipsotdelcamp\/wp-content\/uploads\/usu1699\/2025\/05\/WhatsApp-Image-2025-05-05-at-12.18.35-1152x1536.jpeg 1152w, https:\/\/agora.xtec.cat\/ceipsotdelcamp\/wp-content\/uploads\/usu1699\/2025\/05\/WhatsApp-Image-2025-05-05-at-12.18.35.jpeg 1200w\" sizes=\"auto, (max-width: 768px) 100vw, 768px\" \/><\/p>\n","protected":false},"excerpt":{"rendered":"<p>LA SETMANA PASSADA VAM VENIR ALGUNES FAMILIES A EXPLICAR-NOS CONTES MOLT XULOS. ENS VA AGRADAR MOLT COMPARTIR AMB LES FAMILIES AQUESTA ESTONA ESCONTANT UN CONTE. HI HA MILLOR ACTIVITAT? A MI M&#8217;ENCANTEN ELS CONTES!!! DURANT LA SETMANA HEM FET ALTRES ACTIVITATS COM EL DIBUIX DEL CAP DE SETMANA, JUGAR A LA CUINETA, AL PLAYMOBIL, ALS [&hellip;]<\/p>\n","protected":false},"author":3,"featured_media":9066,"comment_status":"open","ping_status":"closed","sticky":false,"template":"","format":"standard","meta":{"_bbp_topic_count":0,"_bbp_reply_count":0,"_bbp_total_topic_count":0,"_bbp_total_reply_count":0,"_bbp_voice_count":0,"_bbp_anonymous_reply_count":0,"_bbp_topic_count_hidden":0,"_bbp_reply_count_hidden":0,"_bbp_forum_subforum_count":0,"site-sidebar-layout":"default","site-content-layout":"","ast-site-content-layout":"","site-content-style":"default","site-sidebar-style":"default","ast-global-header-display":"","ast-banner-title-visibility":"","ast-main-header-display":"","ast-hfb-above-header-display":"","ast-hfb-below-header-display":"","ast-hfb-mobile-header-display":"","site-post-title":"","ast-breadcrumbs-content":"","ast-featured-img":"","footer-sml-layout":"","theme-transparent-header-meta":"","adv-header-id-meta":"","stick-header-meta":"","header-above-stick-meta":"","header-main-stick-meta":"","header-below-stick-meta":"","astra-migrate-meta-layouts":"default","ast-page-background-enabled":"default","ast-page-background-meta":{"desktop":{"background-color":"var(--ast-global-color-4)","background-image":"","background-repeat":"repeat","background-position":"center center","background-size":"auto","background-attachment":"scroll","background-type":"","background-media":"","overlay-type":"","overlay-color":"","overlay-opacity":"","overlay-gradient":""},"tablet":{"background-color":"","background-image":"","background-repeat":"repeat","background-position":"center center","background-size":"auto","background-attachment":"scroll","background-type":"","background-media":"","overlay-type":"","overlay-color":"","overlay-opacity":"","overlay-gradient":""},"mobile":{"background-color":"","background-image":"","background-repeat":"repeat","background-position":"center center","background-size":"auto","background-attachment":"scroll","background-type":"","background-media":"","overlay-type":"","overlay-color":"","overlay-opacity":"","overlay-gradient":""}},"ast-content-background-meta":{"desktop":{"background-color":"var(--ast-global-color-5)","background-image":"","background-repeat":"repeat","background-position":"center center","background-size":"auto","background-attachment":"scroll","background-type":"","background-media":"","overlay-type":"","overlay-color":"","overlay-opacity":"","overlay-gradient":""},"tablet":{"background-color":"var(--ast-global-color-5)","background-image":"","background-repeat":"repeat","background-position":"center center","background-size":"auto","background-attachment":"scroll","background-type":"","background-media":"","overlay-type":"","overlay-color":"","overlay-opacity":"","overlay-gradient":""},"mobile":{"background-color":"var(--ast-global-color-5)","background-image":"","background-repeat":"repeat","background-position":"center center","background-size":"auto","background-attachment":"scroll","background-type":"","background-media":"","overlay-type":"","overlay-color":"","overlay-opacity":"","overlay-gradient":""}},"footnotes":""},"categories":[240,3,2],"tags":[],"class_list":["post-9065","post","type-post","status-publish","format-standard","has-post-thumbnail","hentry","category-biblioteca-plamib","category-i3","category-infantil"],"post_mailing_queue_ids":[],"_links":{"self":[{"href":"https:\/\/agora.xtec.cat\/ceipsotdelcamp\/wp-json\/wp\/v2\/posts\/9065","targetHints":{"allow":["GET"]}}],"collection":[{"href":"https:\/\/agora.xtec.cat\/ceipsotdelcamp\/wp-json\/wp\/v2\/posts"}],"about":[{"href":"https:\/\/agora.xtec.cat\/ceipsotdelcamp\/wp-json\/wp\/v2\/types\/post"}],"author":[{"embeddable":true,"href":"https:\/\/agora.xtec.cat\/ceipsotdelcamp\/wp-json\/wp\/v2\/users\/3"}],"replies":[{"embeddable":true,"href":"https:\/\/agora.xtec.cat\/ceipsotdelcamp\/wp-json\/wp\/v2\/comments?post=9065"}],"version-history":[{"count":1,"href":"https:\/\/agora.xtec.cat\/ceipsotdelcamp\/wp-json\/wp\/v2\/posts\/9065\/revisions"}],"predecessor-version":[{"id":9067,"href":"https:\/\/agora.xtec.cat\/ceipsotdelcamp\/wp-json\/wp\/v2\/posts\/9065\/revisions\/9067"}],"wp:featuredmedia":[{"embeddable":true,"href":"https:\/\/agora.xtec.cat\/ceipsotdelcamp\/wp-json\/wp\/v2\/media\/9066"}],"wp:attachment":[{"href":"https:\/\/agora.xtec.cat\/ceipsotdelcamp\/wp-json\/wp\/v2\/media?parent=9065"}],"wp:term":[{"taxonomy":"category","embeddable":true,"href":"https:\/\/agora.xtec.cat\/ceipsotdelcamp\/wp-json\/wp\/v2\/categories?post=9065"},{"taxonomy":"post_tag","embeddable":true,"href":"https:\/\/agora.xtec.cat\/ceipsotdelcamp\/wp-json\/wp\/v2\/tags?post=9065"}],"curies":[{"name":"wp","href":"https:\/\/api.w.org\/{rel}","templated":true}]}}