{"id":9001,"date":"2025-04-06T10:26:28","date_gmt":"2025-04-06T08:26:28","guid":{"rendered":"https:\/\/agora.xtec.cat\/ceipsotdelcamp\/?p=9001"},"modified":"2025-04-06T10:28:02","modified_gmt":"2025-04-06T08:28:02","slug":"tenim-maduixeres","status":"publish","type":"post","link":"https:\/\/agora.xtec.cat\/ceipsotdelcamp\/infantil\/tenim-maduixeres\/","title":{"rendered":"TENIM MADUIXERES"},"content":{"rendered":"<p>AQUESTA SETMANA, HEM ESTAT FENT MOLTES COSES,&#8230;<br \/>\nHEM TENYIT FIDEUS, PER FER UN MINIMON DE LA PRIMAVERA, AMB INSECTES I FLORS. TAMB\u00c9 HEM TENYIT ARR\u00d2S DELS COLORS DE LA PRIMAVERA.<br \/>\nHEM FET UNS OUS DE PASQUA PRECIOSOS, TAMB\u00c9.<br \/>\nHEM DECORAT ROBA COM LA YAYOI KUSAMA, LA FICAREM AL NOSTRE RAC\u00d3 DE LA YAYOI.<br \/>\nHEM ESTAT INICIANT EL NOSTRE PROJECTE DEL LLOP.<br \/>\nTAMB\u00c9 HEM FET LA TAPA DEL ALBUM I HEM INICIAT EL N\u00daMERO 5.<br \/>\nHEM PLANTAT FLORS, PEBROTS I TENIM UNES MADUIXERES&#8230; QUE ESTEM ESPERANT QUE ENS DONIN UNES MADUIXES BONISSIMES!!!<br \/>\nAQUESTA SETMANA HEM JUGAT AMB ELS TRENCACLOSQUES, AMB LES DISFRESSES, AMB LES CONSTRUCCIONS DE PIUS, ELS COTXES GRANS, S&#8217;HA DE DIR QUE ES DISFRESSES SEMPRE TENEN MOLT D&#8217;\u00c8XIT&#8230;<br \/>\nUS COMPARTEIXO LA DITA DE LA PRIMAVERA.<br \/>\n<img loading=\"lazy\" decoding=\"async\" src=\"https:\/\/agora.xtec.cat\/ceipsotdelcamp\/wp-content\/uploads\/usu1699\/2025\/04\/PRIMAVERA-1024x576.jpg\" alt=\"\" width=\"1024\" height=\"576\" class=\"aligncenter size-large wp-image-9002\" srcset=\"https:\/\/agora.xtec.cat\/ceipsotdelcamp\/wp-content\/uploads\/usu1699\/2025\/04\/PRIMAVERA-1024x576.jpg 1024w, https:\/\/agora.xtec.cat\/ceipsotdelcamp\/wp-content\/uploads\/usu1699\/2025\/04\/PRIMAVERA-300x169.jpg 300w, https:\/\/agora.xtec.cat\/ceipsotdelcamp\/wp-content\/uploads\/usu1699\/2025\/04\/PRIMAVERA-768x432.jpg 768w, https:\/\/agora.xtec.cat\/ceipsotdelcamp\/wp-content\/uploads\/usu1699\/2025\/04\/PRIMAVERA.jpg 1200w\" sizes=\"auto, (max-width: 1024px) 100vw, 1024px\" \/><br \/>\n<a href=\"https:\/\/drive.google.com\/drive\/folders\/19SIFeWHgQt5HmMWURfYfmfONZC1YESCJ?usp=drive_link\" rel=\"noopener\" target=\"_blank\">COMPARTEIXO AQUESTES FOTOS.<\/a><\/p>\n","protected":false},"excerpt":{"rendered":"<p>AQUESTA SETMANA, HEM ESTAT FENT MOLTES COSES,&#8230; HEM TENYIT FIDEUS, PER FER UN MINIMON DE LA PRIMAVERA, AMB INSECTES I FLORS. TAMB\u00c9 HEM TENYIT ARR\u00d2S DELS COLORS DE LA PRIMAVERA. HEM FET UNS OUS DE PASQUA PRECIOSOS, TAMB\u00c9. HEM DECORAT ROBA COM LA YAYOI KUSAMA, LA FICAREM AL NOSTRE RAC\u00d3 DE LA YAYOI. HEM ESTAT [&hellip;]<\/p>\n","protected":false},"author":3,"featured_media":9002,"comment_status":"open","ping_status":"closed","sticky":false,"template":"","format":"standard","meta":{"_bbp_topic_count":0,"_bbp_reply_count":0,"_bbp_total_topic_count":0,"_bbp_total_reply_count":0,"_bbp_voice_count":0,"_bbp_anonymous_reply_count":0,"_bbp_topic_count_hidden":0,"_bbp_reply_count_hidden":0,"_bbp_forum_subforum_count":0,"site-sidebar-layout":"default","site-content-layout":"","ast-site-content-layout":"","site-content-style":"default","site-sidebar-style":"default","ast-global-header-display":"","ast-banner-title-visibility":"","ast-main-header-display":"","ast-hfb-above-header-display":"","ast-hfb-below-header-display":"","ast-hfb-mobile-header-display":"","site-post-title":"","ast-breadcrumbs-content":"","ast-featured-img":"","footer-sml-layout":"","theme-transparent-header-meta":"","adv-header-id-meta":"","stick-header-meta":"","header-above-stick-meta":"","header-main-stick-meta":"","header-below-stick-meta":"","astra-migrate-meta-layouts":"default","ast-page-background-enabled":"default","ast-page-background-meta":{"desktop":{"background-color":"var(--ast-global-color-4)","background-image":"","background-repeat":"repeat","background-position":"center center","background-size":"auto","background-attachment":"scroll","background-type":"","background-media":"","overlay-type":"","overlay-color":"","overlay-opacity":"","overlay-gradient":""},"tablet":{"background-color":"","background-image":"","background-repeat":"repeat","background-position":"center center","background-size":"auto","background-attachment":"scroll","background-type":"","background-media":"","overlay-type":"","overlay-color":"","overlay-opacity":"","overlay-gradient":""},"mobile":{"background-color":"","background-image":"","background-repeat":"repeat","background-position":"center center","background-size":"auto","background-attachment":"scroll","background-type":"","background-media":"","overlay-type":"","overlay-color":"","overlay-opacity":"","overlay-gradient":""}},"ast-content-background-meta":{"desktop":{"background-color":"var(--ast-global-color-5)","background-image":"","background-repeat":"repeat","background-position":"center center","background-size":"auto","background-attachment":"scroll","background-type":"","background-media":"","overlay-type":"","overlay-color":"","overlay-opacity":"","overlay-gradient":""},"tablet":{"background-color":"var(--ast-global-color-5)","background-image":"","background-repeat":"repeat","background-position":"center center","background-size":"auto","background-attachment":"scroll","background-type":"","background-media":"","overlay-type":"","overlay-color":"","overlay-opacity":"","overlay-gradient":""},"mobile":{"background-color":"var(--ast-global-color-5)","background-image":"","background-repeat":"repeat","background-position":"center center","background-size":"auto","background-attachment":"scroll","background-type":"","background-media":"","overlay-type":"","overlay-color":"","overlay-opacity":"","overlay-gradient":""}},"footnotes":""},"categories":[3,2],"tags":[],"class_list":["post-9001","post","type-post","status-publish","format-standard","has-post-thumbnail","hentry","category-i3","category-infantil"],"post_mailing_queue_ids":[],"_links":{"self":[{"href":"https:\/\/agora.xtec.cat\/ceipsotdelcamp\/wp-json\/wp\/v2\/posts\/9001","targetHints":{"allow":["GET"]}}],"collection":[{"href":"https:\/\/agora.xtec.cat\/ceipsotdelcamp\/wp-json\/wp\/v2\/posts"}],"about":[{"href":"https:\/\/agora.xtec.cat\/ceipsotdelcamp\/wp-json\/wp\/v2\/types\/post"}],"author":[{"embeddable":true,"href":"https:\/\/agora.xtec.cat\/ceipsotdelcamp\/wp-json\/wp\/v2\/users\/3"}],"replies":[{"embeddable":true,"href":"https:\/\/agora.xtec.cat\/ceipsotdelcamp\/wp-json\/wp\/v2\/comments?post=9001"}],"version-history":[{"count":1,"href":"https:\/\/agora.xtec.cat\/ceipsotdelcamp\/wp-json\/wp\/v2\/posts\/9001\/revisions"}],"predecessor-version":[{"id":9003,"href":"https:\/\/agora.xtec.cat\/ceipsotdelcamp\/wp-json\/wp\/v2\/posts\/9001\/revisions\/9003"}],"wp:featuredmedia":[{"embeddable":true,"href":"https:\/\/agora.xtec.cat\/ceipsotdelcamp\/wp-json\/wp\/v2\/media\/9002"}],"wp:attachment":[{"href":"https:\/\/agora.xtec.cat\/ceipsotdelcamp\/wp-json\/wp\/v2\/media?parent=9001"}],"wp:term":[{"taxonomy":"category","embeddable":true,"href":"https:\/\/agora.xtec.cat\/ceipsotdelcamp\/wp-json\/wp\/v2\/categories?post=9001"},{"taxonomy":"post_tag","embeddable":true,"href":"https:\/\/agora.xtec.cat\/ceipsotdelcamp\/wp-json\/wp\/v2\/tags?post=9001"}],"curies":[{"name":"wp","href":"https:\/\/api.w.org\/{rel}","templated":true}]}}