{"id":8701,"date":"2024-12-16T13:36:57","date_gmt":"2024-12-16T12:36:57","guid":{"rendered":"https:\/\/agora.xtec.cat\/ceipsotdelcamp\/?p=8701"},"modified":"2024-12-16T13:37:27","modified_gmt":"2024-12-16T12:37:27","slug":"taller-de-la-llum-i-el-color-al-cosmocaixa","status":"publish","type":"post","link":"https:\/\/agora.xtec.cat\/ceipsotdelcamp\/primaria\/5e\/taller-de-la-llum-i-el-color-al-cosmocaixa\/","title":{"rendered":"Taller de la llum i el color al Cosmocaixa"},"content":{"rendered":"<p>Aquest trimestre a 5\u00e8 estem fent el projecte de la llum. A partir del coneixements previs de l&#8217;alumnat i d&#8217;all\u00f2 que vol\u00edem saber vam comen\u00e7ar a investigar i fer treballs de recerca per respondre a les preguntes que ens hav\u00edem plantejat. Gr\u00e0cies a la investigaci\u00f3 a partir de diverses fonts i a l&#8217;experimentaci\u00f3 feta al laboratori hem conegut i apr\u00e8s quines s\u00f3n les propietats de la llum en el medi. Per poder con\u00e8ixer una mica m\u00e9s sobre la llum i la seva import\u00e0ncia en el dia a dia i en la vida dels \u00e9ssers vius el passat <strong>dimarts dia 10 de desembre<\/strong> vam fer un <strong>taller de la llum i el color al Cosmocaixa de Barcelona<\/strong>. En aquest taller, vam fer experiments per descobrir les caracter\u00edstiques\u00a0i propietats de la llum i dels colors. A trav\u00e9s de l&#8217;experimentaci\u00f3, vam poder interpretar diversos fen\u00f2mens \u00f2ptics que es relacionen, entre d\u2019altres, amb les lleis de la reflexi\u00f3 i la refracci\u00f3, la descomposici\u00f3 de la llum blanca, la fluoresc\u00e8ncia o la bioluminesc\u00e8ncia. Despr\u00e9s de fer els tallers vam poder fer una volta pel del museu del Cosmocaixa on vam veure l&#8217;exposici\u00f3 temporal del Matemifasol, vam fer un passeig pel Bosc Inundat i per altres racons de la sala permanent. Ens ho vam passar molt b\u00e9!<\/p>\n<p>Aqu\u00ed podeu veure les<a href=\"https:\/\/drive.google.com\/drive\/folders\/1oo-4wgc5EOohAxgrqz2lzZ7wPBOzfrHu?usp=sharing\"> fotografies<\/a><\/p>\n","protected":false},"excerpt":{"rendered":"<p>Aquest trimestre a 5\u00e8 estem fent el projecte de la llum. A partir del coneixements previs de l&#8217;alumnat i d&#8217;all\u00f2 que vol\u00edem saber vam comen\u00e7ar a investigar i fer treballs de recerca per respondre a les preguntes que ens hav\u00edem plantejat. Gr\u00e0cies a la investigaci\u00f3 a partir de diverses fonts i a l&#8217;experimentaci\u00f3 feta al [&hellip;]<\/p>\n","protected":false},"author":40,"featured_media":0,"comment_status":"open","ping_status":"closed","sticky":false,"template":"","format":"standard","meta":{"_bbp_topic_count":0,"_bbp_reply_count":0,"_bbp_total_topic_count":0,"_bbp_total_reply_count":0,"_bbp_voice_count":0,"_bbp_anonymous_reply_count":0,"_bbp_topic_count_hidden":0,"_bbp_reply_count_hidden":0,"_bbp_forum_subforum_count":0,"site-sidebar-layout":"default","site-content-layout":"","ast-site-content-layout":"","site-content-style":"default","site-sidebar-style":"default","ast-global-header-display":"","ast-banner-title-visibility":"","ast-main-header-display":"","ast-hfb-above-header-display":"","ast-hfb-below-header-display":"","ast-hfb-mobile-header-display":"","site-post-title":"","ast-breadcrumbs-content":"","ast-featured-img":"","footer-sml-layout":"","theme-transparent-header-meta":"","adv-header-id-meta":"","stick-header-meta":"","header-above-stick-meta":"","header-main-stick-meta":"","header-below-stick-meta":"","astra-migrate-meta-layouts":"default","ast-page-background-enabled":"default","ast-page-background-meta":{"desktop":{"background-color":"var(--ast-global-color-4)","background-image":"","background-repeat":"repeat","background-position":"center center","background-size":"auto","background-attachment":"scroll","background-type":"","background-media":"","overlay-type":"","overlay-color":"","overlay-opacity":"","overlay-gradient":""},"tablet":{"background-color":"","background-image":"","background-repeat":"repeat","background-position":"center center","background-size":"auto","background-attachment":"scroll","background-type":"","background-media":"","overlay-type":"","overlay-color":"","overlay-opacity":"","overlay-gradient":""},"mobile":{"background-color":"","background-image":"","background-repeat":"repeat","background-position":"center center","background-size":"auto","background-attachment":"scroll","background-type":"","background-media":"","overlay-type":"","overlay-color":"","overlay-opacity":"","overlay-gradient":""}},"ast-content-background-meta":{"desktop":{"background-color":"var(--ast-global-color-5)","background-image":"","background-repeat":"repeat","background-position":"center center","background-size":"auto","background-attachment":"scroll","background-type":"","background-media":"","overlay-type":"","overlay-color":"","overlay-opacity":"","overlay-gradient":""},"tablet":{"background-color":"var(--ast-global-color-5)","background-image":"","background-repeat":"repeat","background-position":"center center","background-size":"auto","background-attachment":"scroll","background-type":"","background-media":"","overlay-type":"","overlay-color":"","overlay-opacity":"","overlay-gradient":""},"mobile":{"background-color":"var(--ast-global-color-5)","background-image":"","background-repeat":"repeat","background-position":"center center","background-size":"auto","background-attachment":"scroll","background-type":"","background-media":"","overlay-type":"","overlay-color":"","overlay-opacity":"","overlay-gradient":""}},"footnotes":""},"categories":[14],"tags":[],"class_list":["post-8701","post","type-post","status-publish","format-standard","hentry","category-5e"],"post_mailing_queue_ids":[],"_links":{"self":[{"href":"https:\/\/agora.xtec.cat\/ceipsotdelcamp\/wp-json\/wp\/v2\/posts\/8701","targetHints":{"allow":["GET"]}}],"collection":[{"href":"https:\/\/agora.xtec.cat\/ceipsotdelcamp\/wp-json\/wp\/v2\/posts"}],"about":[{"href":"https:\/\/agora.xtec.cat\/ceipsotdelcamp\/wp-json\/wp\/v2\/types\/post"}],"author":[{"embeddable":true,"href":"https:\/\/agora.xtec.cat\/ceipsotdelcamp\/wp-json\/wp\/v2\/users\/40"}],"replies":[{"embeddable":true,"href":"https:\/\/agora.xtec.cat\/ceipsotdelcamp\/wp-json\/wp\/v2\/comments?post=8701"}],"version-history":[{"count":1,"href":"https:\/\/agora.xtec.cat\/ceipsotdelcamp\/wp-json\/wp\/v2\/posts\/8701\/revisions"}],"predecessor-version":[{"id":8706,"href":"https:\/\/agora.xtec.cat\/ceipsotdelcamp\/wp-json\/wp\/v2\/posts\/8701\/revisions\/8706"}],"wp:attachment":[{"href":"https:\/\/agora.xtec.cat\/ceipsotdelcamp\/wp-json\/wp\/v2\/media?parent=8701"}],"wp:term":[{"taxonomy":"category","embeddable":true,"href":"https:\/\/agora.xtec.cat\/ceipsotdelcamp\/wp-json\/wp\/v2\/categories?post=8701"},{"taxonomy":"post_tag","embeddable":true,"href":"https:\/\/agora.xtec.cat\/ceipsotdelcamp\/wp-json\/wp\/v2\/tags?post=8701"}],"curies":[{"name":"wp","href":"https:\/\/api.w.org\/{rel}","templated":true}]}}