{"id":8540,"date":"2024-10-30T15:49:20","date_gmt":"2024-10-30T14:49:20","guid":{"rendered":"https:\/\/agora.xtec.cat\/ceipsotdelcamp\/?p=8540"},"modified":"2024-10-30T15:49:20","modified_gmt":"2024-10-30T14:49:20","slug":"sortida-al-museu-dali","status":"publish","type":"post","link":"https:\/\/agora.xtec.cat\/ceipsotdelcamp\/primaria\/5e\/sortida-al-museu-dali\/","title":{"rendered":"Sortida al Museu Dal\u00ed"},"content":{"rendered":"<p>El passat dimecres dia 16 d&#8217;octubre l&#8217;alumnat de 5\u00e8 vam fer una sortida al Museu Dal\u00ed de Figueres. Primer, ens van fer una visita guiada pel museu per poder-nos apropar al m\u00f3n de Dal\u00ed i con\u00e9ixer m\u00e9s sobre la seva vida personal i professional. Despr\u00e9s, vam fer una activitat per grups cooperatius amb elements caracter\u00edstics de Dal\u00ed. Ens va sorprendre i agradar molt!<\/p>\n<p>&nbsp;<\/p>\n<p><a href=\"https:\/\/agora.xtec.cat\/ceipsotdelcamp\/wp-content\/uploads\/usu1699\/2024\/10\/IMG_6166-1.jpg\"><img loading=\"lazy\" decoding=\"async\" class=\"alignnone  wp-image-8557\" src=\"https:\/\/agora.xtec.cat\/ceipsotdelcamp\/wp-content\/uploads\/usu1699\/2024\/10\/IMG_6166-1-882x1024.jpg\" alt=\"\" width=\"373\" height=\"433\" srcset=\"https:\/\/agora.xtec.cat\/ceipsotdelcamp\/wp-content\/uploads\/usu1699\/2024\/10\/IMG_6166-1-882x1024.jpg 882w, https:\/\/agora.xtec.cat\/ceipsotdelcamp\/wp-content\/uploads\/usu1699\/2024\/10\/IMG_6166-1-258x300.jpg 258w, https:\/\/agora.xtec.cat\/ceipsotdelcamp\/wp-content\/uploads\/usu1699\/2024\/10\/IMG_6166-1-768x892.jpg 768w, https:\/\/agora.xtec.cat\/ceipsotdelcamp\/wp-content\/uploads\/usu1699\/2024\/10\/IMG_6166-1.jpg 944w\" sizes=\"auto, (max-width: 373px) 100vw, 373px\" \/><\/a><a href=\"https:\/\/agora.xtec.cat\/ceipsotdelcamp\/wp-content\/uploads\/usu1699\/2024\/10\/IMG_6163-1.heic\"><img decoding=\"async\" class=\"alignnone size-full wp-image-8561\" src=\"https:\/\/agora.xtec.cat\/ceipsotdelcamp\/wp-content\/uploads\/usu1699\/2024\/10\/IMG_6163-1.heic\" alt=\"\" \/><\/a><a href=\"https:\/\/agora.xtec.cat\/ceipsotdelcamp\/wp-content\/uploads\/usu1699\/2024\/10\/IMG_6163.heic\"><img decoding=\"async\" class=\"alignnone size-full wp-image-8560\" src=\"https:\/\/agora.xtec.cat\/ceipsotdelcamp\/wp-content\/uploads\/usu1699\/2024\/10\/IMG_6163.heic\" alt=\"\" \/><\/a><\/p>\n<p><a href=\"https:\/\/drive.google.com\/drive\/folders\/1-6bJoXsDjy8NO5xMgtBcTfmRWnqCaMjW?usp=sharing\">Aqu\u00ed<\/a> podeu veure les fotografies.<\/p>\n","protected":false},"excerpt":{"rendered":"<p>El passat dimecres dia 16 d&#8217;octubre l&#8217;alumnat de 5\u00e8 vam fer una sortida al Museu Dal\u00ed de Figueres. Primer, ens van fer una visita guiada pel museu per poder-nos apropar al m\u00f3n de Dal\u00ed i con\u00e9ixer m\u00e9s sobre la seva vida personal i professional. Despr\u00e9s, vam fer una activitat per grups cooperatius amb elements caracter\u00edstics [&hellip;]<\/p>\n","protected":false},"author":40,"featured_media":0,"comment_status":"open","ping_status":"closed","sticky":false,"template":"","format":"standard","meta":{"_bbp_topic_count":0,"_bbp_reply_count":0,"_bbp_total_topic_count":0,"_bbp_total_reply_count":0,"_bbp_voice_count":0,"_bbp_anonymous_reply_count":0,"_bbp_topic_count_hidden":0,"_bbp_reply_count_hidden":0,"_bbp_forum_subforum_count":0,"site-sidebar-layout":"default","site-content-layout":"","ast-site-content-layout":"","site-content-style":"default","site-sidebar-style":"default","ast-global-header-display":"","ast-banner-title-visibility":"","ast-main-header-display":"","ast-hfb-above-header-display":"","ast-hfb-below-header-display":"","ast-hfb-mobile-header-display":"","site-post-title":"","ast-breadcrumbs-content":"","ast-featured-img":"","footer-sml-layout":"","theme-transparent-header-meta":"","adv-header-id-meta":"","stick-header-meta":"","header-above-stick-meta":"","header-main-stick-meta":"","header-below-stick-meta":"","astra-migrate-meta-layouts":"default","ast-page-background-enabled":"default","ast-page-background-meta":{"desktop":{"background-color":"var(--ast-global-color-4)","background-image":"","background-repeat":"repeat","background-position":"center center","background-size":"auto","background-attachment":"scroll","background-type":"","background-media":"","overlay-type":"","overlay-color":"","overlay-opacity":"","overlay-gradient":""},"tablet":{"background-color":"","background-image":"","background-repeat":"repeat","background-position":"center center","background-size":"auto","background-attachment":"scroll","background-type":"","background-media":"","overlay-type":"","overlay-color":"","overlay-opacity":"","overlay-gradient":""},"mobile":{"background-color":"","background-image":"","background-repeat":"repeat","background-position":"center center","background-size":"auto","background-attachment":"scroll","background-type":"","background-media":"","overlay-type":"","overlay-color":"","overlay-opacity":"","overlay-gradient":""}},"ast-content-background-meta":{"desktop":{"background-color":"var(--ast-global-color-5)","background-image":"","background-repeat":"repeat","background-position":"center center","background-size":"auto","background-attachment":"scroll","background-type":"","background-media":"","overlay-type":"","overlay-color":"","overlay-opacity":"","overlay-gradient":""},"tablet":{"background-color":"var(--ast-global-color-5)","background-image":"","background-repeat":"repeat","background-position":"center center","background-size":"auto","background-attachment":"scroll","background-type":"","background-media":"","overlay-type":"","overlay-color":"","overlay-opacity":"","overlay-gradient":""},"mobile":{"background-color":"var(--ast-global-color-5)","background-image":"","background-repeat":"repeat","background-position":"center center","background-size":"auto","background-attachment":"scroll","background-type":"","background-media":"","overlay-type":"","overlay-color":"","overlay-opacity":"","overlay-gradient":""}},"footnotes":""},"categories":[14],"tags":[],"class_list":["post-8540","post","type-post","status-publish","format-standard","hentry","category-5e"],"post_mailing_queue_ids":[],"_links":{"self":[{"href":"https:\/\/agora.xtec.cat\/ceipsotdelcamp\/wp-json\/wp\/v2\/posts\/8540","targetHints":{"allow":["GET"]}}],"collection":[{"href":"https:\/\/agora.xtec.cat\/ceipsotdelcamp\/wp-json\/wp\/v2\/posts"}],"about":[{"href":"https:\/\/agora.xtec.cat\/ceipsotdelcamp\/wp-json\/wp\/v2\/types\/post"}],"author":[{"embeddable":true,"href":"https:\/\/agora.xtec.cat\/ceipsotdelcamp\/wp-json\/wp\/v2\/users\/40"}],"replies":[{"embeddable":true,"href":"https:\/\/agora.xtec.cat\/ceipsotdelcamp\/wp-json\/wp\/v2\/comments?post=8540"}],"version-history":[{"count":4,"href":"https:\/\/agora.xtec.cat\/ceipsotdelcamp\/wp-json\/wp\/v2\/posts\/8540\/revisions"}],"predecessor-version":[{"id":8562,"href":"https:\/\/agora.xtec.cat\/ceipsotdelcamp\/wp-json\/wp\/v2\/posts\/8540\/revisions\/8562"}],"wp:attachment":[{"href":"https:\/\/agora.xtec.cat\/ceipsotdelcamp\/wp-json\/wp\/v2\/media?parent=8540"}],"wp:term":[{"taxonomy":"category","embeddable":true,"href":"https:\/\/agora.xtec.cat\/ceipsotdelcamp\/wp-json\/wp\/v2\/categories?post=8540"},{"taxonomy":"post_tag","embeddable":true,"href":"https:\/\/agora.xtec.cat\/ceipsotdelcamp\/wp-json\/wp\/v2\/tags?post=8540"}],"curies":[{"name":"wp","href":"https:\/\/api.w.org\/{rel}","templated":true}]}}