{"id":81,"count":1,"description":"L<strong>'educaci\u00f3 inclusiva<\/strong>\u00a0\u00e9s un dels fonaments del sistema educatiu catal\u00e0 que t\u00e9 com a objectiu\u00a0<strong>vetllar per les oportunitats d'aprenentatge de totes les persones, independentment de les seves capacitats, de la condici\u00f3 social o cultural, la religi\u00f3, la diversitat sexual o la d'identitat de g\u00e8nere<\/strong>.\r\n\r\nEl respecte de les difer\u00e8ncies individuals i l'acceptaci\u00f3 de la diversitat com un fet que enriqueix les persones \u00e9s l'ideari d'una societat avan\u00e7ada i el principi de l'educaci\u00f3 inclusiva.","link":"https:\/\/agora.xtec.cat\/ceipsotdelcamp\/categoria\/especialitats\/diversitat\/","name":"Atenci\u00f3 a la diversitat (educaci\u00f3 inclusiva)","slug":"diversitat","taxonomy":"category","parent":78,"meta":[],"_links":{"self":[{"href":"https:\/\/agora.xtec.cat\/ceipsotdelcamp\/wp-json\/wp\/v2\/categories\/81","targetHints":{"allow":["GET"]}}],"collection":[{"href":"https:\/\/agora.xtec.cat\/ceipsotdelcamp\/wp-json\/wp\/v2\/categories"}],"about":[{"href":"https:\/\/agora.xtec.cat\/ceipsotdelcamp\/wp-json\/wp\/v2\/taxonomies\/category"}],"up":[{"embeddable":true,"href":"https:\/\/agora.xtec.cat\/ceipsotdelcamp\/wp-json\/wp\/v2\/categories\/78"}],"wp:post_type":[{"href":"https:\/\/agora.xtec.cat\/ceipsotdelcamp\/wp-json\/wp\/v2\/posts?categories=81"}],"curies":[{"name":"wp","href":"https:\/\/api.w.org\/{rel}","templated":true}]}}