{"id":240,"count":28,"description":"L\u2019escola participa en el Pla de Millora de les Biblioteques Escolars de Catalunya (PLAMIB), una iniciativa que fomenta l\u2019impuls per la lectura. Aquest projecte inclou una formaci\u00f3 interna per al curs 2024-2025 i 2025-2026. A m\u00e9s, compta amb una dotaci\u00f3 econ\u00f2mica per a l\u2019adquisici\u00f3 de llibres, a m\u00e9s d\u2019un acompanyament continuat durant els dos cursos per garantir el seu \u00e8xit. \u00c9s una oportunitat per a tota la comunitat educativa de formar-nos i enriquir-nos.<img src=\"https:\/\/agora.xtec.cat\/ceipsotdelcamp\/wp-content\/uploads\/usu1699\/2025\/04\/plamib.png\" alt=\"\" width=\"274\" height=\"223\" class=\"aligncenter size-full wp-image-8986\" \/>","link":"https:\/\/agora.xtec.cat\/ceipsotdelcamp\/categoria\/biblioteca-plamib\/","name":"BIBLIOTECA","slug":"biblioteca-plamib","taxonomy":"category","parent":0,"meta":[],"_links":{"self":[{"href":"https:\/\/agora.xtec.cat\/ceipsotdelcamp\/wp-json\/wp\/v2\/categories\/240","targetHints":{"allow":["GET"]}}],"collection":[{"href":"https:\/\/agora.xtec.cat\/ceipsotdelcamp\/wp-json\/wp\/v2\/categories"}],"about":[{"href":"https:\/\/agora.xtec.cat\/ceipsotdelcamp\/wp-json\/wp\/v2\/taxonomies\/category"}],"wp:post_type":[{"href":"https:\/\/agora.xtec.cat\/ceipsotdelcamp\/wp-json\/wp\/v2\/posts?categories=240"}],"curies":[{"name":"wp","href":"https:\/\/api.w.org\/{rel}","templated":true}]}}