{"id":9233,"date":"2026-04-21T16:05:29","date_gmt":"2026-04-21T14:05:29","guid":{"rendered":"https:\/\/agora.xtec.cat\/ceipsorianomontagut\/?p=9233"},"modified":"2026-04-21T16:05:29","modified_gmt":"2026-04-21T14:05:29","slug":"barcelona-a-la-carta","status":"publish","type":"post","link":"https:\/\/agora.xtec.cat\/ceipsorianomontagut\/general\/barcelona-a-la-carta\/","title":{"rendered":"BARCELONA A LA CARTA"},"content":{"rendered":"<p class=\"isSelectedEnd\">En aquest projecte, l&#8217;alumnat de 6\u00e8 hem treballat la ciutat de Barcelona i alguns dels seus elements m\u00e9s importants, com el Parc G\u00fcell, els esports, l\u2019educaci\u00f3, la Ciutadella, el Parlament i el patrimoni cultural.<\/p>\n<p class=\"isSelectedEnd\">Per fer-ho m\u00e9s din\u00e0mic i interessant, ens hem gravat a l\u2019escola utilitzant el fons croma, fent de reporters. Aix\u00f2 ens ha perm\u00e8s simular que est\u00e0vem en diferents llocs de la ciutat. Despr\u00e9s, amb el programa Canva, hem apr\u00e8s a editar els v\u00eddeos i a canviar el fons, millorant aix\u00ed el resultat final.<\/p>\n<p>Ha estat una experi\u00e8ncia molt enriquidora, ja que hem combinat l\u2019aprenentatge de continguts sobre Barcelona amb l\u2019\u00fas d\u2019eines digitals i el treball creatiu.<\/p>\n<div class=\"ast-oembed-container \" style=\"height: 100%;\"><iframe loading=\"lazy\" title=\"Barcelona a la carta_6\u00e8 A\" width=\"500\" height=\"281\" src=\"https:\/\/www.youtube.com\/embed\/XzWBGuiKYww?feature=oembed\" frameborder=\"0\" allow=\"accelerometer; autoplay; clipboard-write; encrypted-media; gyroscope; picture-in-picture; web-share\" referrerpolicy=\"strict-origin-when-cross-origin\" allowfullscreen><\/iframe><\/div>\n","protected":false},"excerpt":{"rendered":"<p>En aquest projecte, l&#8217;alumnat de 6\u00e8 hem treballat la ciutat de Barcelona i alguns dels seus elements m\u00e9s importants, com el Parc G\u00fcell, els esports, l\u2019educaci\u00f3, la Ciutadella, el Parlament i el patrimoni cultural. Per fer-ho m\u00e9s din\u00e0mic i interessant, ens hem gravat a l\u2019escola utilitzant el fons croma, fent de reporters. Aix\u00f2 ens ha [&hellip;]<\/p>\n","protected":false},"author":1,"featured_media":0,"comment_status":"open","ping_status":"open","sticky":false,"template":"","format":"standard","meta":{"_bbp_topic_count":0,"_bbp_reply_count":0,"_bbp_total_topic_count":0,"_bbp_total_reply_count":0,"_bbp_voice_count":0,"_bbp_anonymous_reply_count":0,"_bbp_topic_count_hidden":0,"_bbp_reply_count_hidden":0,"_bbp_forum_subforum_count":0,"site-sidebar-layout":"default","site-content-layout":"","ast-site-content-layout":"default","site-content-style":"default","site-sidebar-style":"default","ast-global-header-display":"","ast-banner-title-visibility":"","ast-main-header-display":"","ast-hfb-above-header-display":"","ast-hfb-below-header-display":"","ast-hfb-mobile-header-display":"","site-post-title":"","ast-breadcrumbs-content":"","ast-featured-img":"","footer-sml-layout":"","theme-transparent-header-meta":"default","adv-header-id-meta":"","stick-header-meta":"","header-above-stick-meta":"","header-main-stick-meta":"","header-below-stick-meta":"","astra-migrate-meta-layouts":"set","ast-page-background-enabled":"default","ast-page-background-meta":{"desktop":{"background-color":"var(--ast-global-color-4)","background-image":"","background-repeat":"repeat","background-position":"center center","background-size":"auto","background-attachment":"scroll","background-type":"","background-media":"","overlay-type":"","overlay-color":"","overlay-opacity":"","overlay-gradient":""},"tablet":{"background-color":"","background-image":"","background-repeat":"repeat","background-position":"center center","background-size":"auto","background-attachment":"scroll","background-type":"","background-media":"","overlay-type":"","overlay-color":"","overlay-opacity":"","overlay-gradient":""},"mobile":{"background-color":"","background-image":"","background-repeat":"repeat","background-position":"center center","background-size":"auto","background-attachment":"scroll","background-type":"","background-media":"","overlay-type":"","overlay-color":"","overlay-opacity":"","overlay-gradient":""}},"ast-content-background-meta":{"desktop":{"background-color":"var(--ast-global-color-5)","background-image":"","background-repeat":"repeat","background-position":"center center","background-size":"auto","background-attachment":"scroll","background-type":"","background-media":"","overlay-type":"","overlay-color":"","overlay-opacity":"","overlay-gradient":""},"tablet":{"background-color":"var(--ast-global-color-5)","background-image":"","background-repeat":"repeat","background-position":"center center","background-size":"auto","background-attachment":"scroll","background-type":"","background-media":"","overlay-type":"","overlay-color":"","overlay-opacity":"","overlay-gradient":""},"mobile":{"background-color":"var(--ast-global-color-5)","background-image":"","background-repeat":"repeat","background-position":"center center","background-size":"auto","background-attachment":"scroll","background-type":"","background-media":"","overlay-type":"","overlay-color":"","overlay-opacity":"","overlay-gradient":""}},"footnotes":""},"categories":[15,71,144,1,4,5],"tags":[],"class_list":["post-9233","post","type-post","status-publish","format-standard","hentry","category-6e","category-cicle-superior","category-comunitat-dels-grans","category-general","category-portada","category-primaria"],"post_mailing_queue_ids":[],"_links":{"self":[{"href":"https:\/\/agora.xtec.cat\/ceipsorianomontagut\/wp-json\/wp\/v2\/posts\/9233","targetHints":{"allow":["GET"]}}],"collection":[{"href":"https:\/\/agora.xtec.cat\/ceipsorianomontagut\/wp-json\/wp\/v2\/posts"}],"about":[{"href":"https:\/\/agora.xtec.cat\/ceipsorianomontagut\/wp-json\/wp\/v2\/types\/post"}],"author":[{"embeddable":true,"href":"https:\/\/agora.xtec.cat\/ceipsorianomontagut\/wp-json\/wp\/v2\/users\/1"}],"replies":[{"embeddable":true,"href":"https:\/\/agora.xtec.cat\/ceipsorianomontagut\/wp-json\/wp\/v2\/comments?post=9233"}],"version-history":[{"count":1,"href":"https:\/\/agora.xtec.cat\/ceipsorianomontagut\/wp-json\/wp\/v2\/posts\/9233\/revisions"}],"predecessor-version":[{"id":9234,"href":"https:\/\/agora.xtec.cat\/ceipsorianomontagut\/wp-json\/wp\/v2\/posts\/9233\/revisions\/9234"}],"wp:attachment":[{"href":"https:\/\/agora.xtec.cat\/ceipsorianomontagut\/wp-json\/wp\/v2\/media?parent=9233"}],"wp:term":[{"taxonomy":"category","embeddable":true,"href":"https:\/\/agora.xtec.cat\/ceipsorianomontagut\/wp-json\/wp\/v2\/categories?post=9233"},{"taxonomy":"post_tag","embeddable":true,"href":"https:\/\/agora.xtec.cat\/ceipsorianomontagut\/wp-json\/wp\/v2\/tags?post=9233"}],"curies":[{"name":"wp","href":"https:\/\/api.w.org\/{rel}","templated":true}]}}