{"id":9193,"date":"2026-04-17T08:41:53","date_gmt":"2026-04-17T06:41:53","guid":{"rendered":"https:\/\/agora.xtec.cat\/ceipsorianomontagut\/?p=9193"},"modified":"2026-04-23T22:13:42","modified_gmt":"2026-04-23T20:13:42","slug":"del-conte-llegit-al-conte-creat-el-conte-que-el-net-va-contar-al-iaio","status":"publish","type":"post","link":"https:\/\/agora.xtec.cat\/ceipsorianomontagut\/general\/del-conte-llegit-al-conte-creat-el-conte-que-el-net-va-contar-al-iaio\/","title":{"rendered":"Del conte llegit al conte creat: El Conte que el Net va Contar al Iaio"},"content":{"rendered":"<h3><strong><img loading=\"lazy\" decoding=\"async\" class=\"wp-image-9225 alignnone\" src=\"https:\/\/agora.xtec.cat\/ceipsorianomontagut\/wp-content\/uploads\/usu1929\/2026\/04\/CMYK-2026-LOGO_Petit-HI-PARTICIPEM-300x300.png\" alt=\"\" width=\"193\" height=\"193\" srcset=\"https:\/\/agora.xtec.cat\/ceipsorianomontagut\/wp-content\/uploads\/usu1929\/2026\/04\/CMYK-2026-LOGO_Petit-HI-PARTICIPEM-300x300.png 300w, https:\/\/agora.xtec.cat\/ceipsorianomontagut\/wp-content\/uploads\/usu1929\/2026\/04\/CMYK-2026-LOGO_Petit-HI-PARTICIPEM-150x150.png 150w, https:\/\/agora.xtec.cat\/ceipsorianomontagut\/wp-content\/uploads\/usu1929\/2026\/04\/CMYK-2026-LOGO_Petit-HI-PARTICIPEM.png 375w\" sizes=\"auto, (max-width: 193px) 100vw, 193px\" \/><\/strong><\/h3>\n<p class=\"isSelectedEnd\" style=\"text-align: left;\">Aquest trimestre, l\u2019alumnat de 4t de prim\u00e0ria ha viscut un projecte que ha nascut de la lectura i ha crescut gr\u00e0cies a la imaginaci\u00f3, el treball cooperatiu i les ganes de crear.<\/p>\n<p class=\"isSelectedEnd\" style=\"text-align: left;\">Tot va comen\u00e7ar amb la lectura compartida d\u2019un conte de misteri a l\u2019aula, Els Contes de Fantasmes de l&#8217;A<span style=\"font-size: 16px;\">vi (James Flora), on un ia<\/span>io explicava hist\u00f2ries de por al seu net. A trav\u00e9s d\u2019aquesta experi\u00e8ncia, no nom\u00e9s vam gaudir del relat, sin\u00f3 que tamb\u00e9 vam analitzar els seus eleme<span style=\"font-size: 16px;\">nts: els personatges, l\u2019ambient, la tensi\u00f3 narrativa i els recursos que fan que una hist\u00f2ria atrapi. La lectura es va convertir en un espai de conversa, d\u2019intercanvi d\u2019idees i de construcci\u00f3 de significat col\u00b7lectiu.<\/span><\/p>\n<p><img loading=\"lazy\" decoding=\"async\" class=\"wp-image-9194 aligncenter\" src=\"https:\/\/agora.xtec.cat\/ceipsorianomontagut\/wp-content\/uploads\/usu1929\/2026\/04\/1776354824023-225x300.jpg\" alt=\"\" width=\"187\" height=\"249\" srcset=\"https:\/\/agora.xtec.cat\/ceipsorianomontagut\/wp-content\/uploads\/usu1929\/2026\/04\/1776354824023-225x300.jpg 225w, https:\/\/agora.xtec.cat\/ceipsorianomontagut\/wp-content\/uploads\/usu1929\/2026\/04\/1776354824023.jpg 637w\" sizes=\"auto, (max-width: 187px) 100vw, 187px\" \/><\/p>\n<p><img loading=\"lazy\" decoding=\"async\" class=\"aligncenter size-medium wp-image-9195\" src=\"https:\/\/agora.xtec.cat\/ceipsorianomontagut\/wp-content\/uploads\/usu1929\/2026\/04\/1776354824008-300x226.jpg\" alt=\"\" width=\"300\" height=\"226\" srcset=\"https:\/\/agora.xtec.cat\/ceipsorianomontagut\/wp-content\/uploads\/usu1929\/2026\/04\/1776354824008-300x226.jpg 300w, https:\/\/agora.xtec.cat\/ceipsorianomontagut\/wp-content\/uploads\/usu1929\/2026\/04\/1776354824008-768x578.jpg 768w, https:\/\/agora.xtec.cat\/ceipsorianomontagut\/wp-content\/uploads\/usu1929\/2026\/04\/1776354824008.jpg 1000w\" sizes=\"auto, (max-width: 300px) 100vw, 300px\" \/><\/p>\n<p class=\"isSelectedEnd\">A partir d\u2019aqu\u00ed, va sorgir la pregunta clau: <em>i si canv<\/em><em>iem la hist\u00f2ria?<\/em> I aix\u00ed va n\u00e9ixer la nostra proposta: capgirar els papers i fer que fos el net qui expliqu\u00e9s un conte de terror al seu iaio. Aquesta idea va donar pas a una pluja d\u2019idees plena de creativitat, on cada alumne va poder aportar propostes, situacions i personatges.<\/p>\n<p class=\"isSelectedEnd\">Organitzats en grups cooperatius, vam comen\u00e7ar a construir les nostres hist\u00f2ries. Per fer-ho, vam treballar l\u2019estructura del text narratiu (plantejament, nus i desenlla\u00e7), vam definir personatges i escenaris, i vam aprendre a utilitzar connectors per donar coher\u00e8ncia i flu\u00efdesa als textos. Aquest proc\u00e9s ens ha ajudat a entendre millor com es construeix un relat i a millorar la nostra expressi\u00f3 escrita.<\/p>\n<p><img loading=\"lazy\" decoding=\"async\" class=\"aligncenter size-medium wp-image-9196\" src=\"https:\/\/agora.xtec.cat\/ceipsorianomontagut\/wp-content\/uploads\/usu1929\/2026\/04\/1776354853190-226x300.jpg\" alt=\"\" width=\"226\" height=\"300\" srcset=\"https:\/\/agora.xtec.cat\/ceipsorianomontagut\/wp-content\/uploads\/usu1929\/2026\/04\/1776354853190-226x300.jpg 226w, https:\/\/agora.xtec.cat\/ceipsorianomontagut\/wp-content\/uploads\/usu1929\/2026\/04\/1776354853190.jpg 768w\" sizes=\"auto, (max-width: 226px) 100vw, 226px\" \/><\/p>\n<p><img loading=\"lazy\" decoding=\"async\" class=\"aligncenter size-medium wp-image-9197\" src=\"https:\/\/agora.xtec.cat\/ceipsorianomontagut\/wp-content\/uploads\/usu1929\/2026\/04\/1776354823999-226x300.jpg\" alt=\"\" width=\"226\" height=\"300\" srcset=\"https:\/\/agora.xtec.cat\/ceipsorianomontagut\/wp-content\/uploads\/usu1929\/2026\/04\/1776354823999-226x300.jpg 226w, https:\/\/agora.xtec.cat\/ceipsorianomontagut\/wp-content\/uploads\/usu1929\/2026\/04\/1776354823999.jpg 768w\" sizes=\"auto, (max-width: 226px) 100vw, 226px\" \/><\/p>\n<p class=\"isSelectedEnd\">Un cop redactats els contes, vam iniciar un proc\u00e9s de revisi\u00f3 i millora. Mitjan\u00e7ant eines d\u2019autoavaluaci\u00f3, vam reflexionar sobre aspectes com l\u2019ortografia, la coher\u00e8ncia, el vocabulari i l\u2019\u00fas dels temps verbals. Aquesta fase ha estat clau per prendre consci\u00e8ncia del propi aprenentatge i per entendre que escriure tamb\u00e9 \u00e9s revisar, corregir i tornar a construir.<\/p>\n<p class=\"isSelectedEnd\">Paral\u00b7lelament, el projecte va cr\u00e9ixer a trav\u00e9s de l\u2019expressi\u00f3 art\u00edstica. A partir de les hist\u00f2ries, vam crear les il\u00b7lustracions i vam donar forma als personatges, pensant en com transmetre emocions i ambientar visualment el relat. D\u2019aquesta manera, el conte va comen\u00e7ar a prendre vida m\u00e9s enll\u00e0 del text.<\/p>\n<p><img loading=\"lazy\" decoding=\"async\" class=\"aligncenter size-medium wp-image-9199\" src=\"https:\/\/agora.xtec.cat\/ceipsorianomontagut\/wp-content\/uploads\/usu1929\/2026\/04\/1776354853174-300x226.jpg\" alt=\"\" width=\"300\" height=\"226\" srcset=\"https:\/\/agora.xtec.cat\/ceipsorianomontagut\/wp-content\/uploads\/usu1929\/2026\/04\/1776354853174-300x226.jpg 300w, https:\/\/agora.xtec.cat\/ceipsorianomontagut\/wp-content\/uploads\/usu1929\/2026\/04\/1776354853174-768x578.jpg 768w, https:\/\/agora.xtec.cat\/ceipsorianomontagut\/wp-content\/uploads\/usu1929\/2026\/04\/1776354853174.jpg 1020w\" sizes=\"auto, (max-width: 300px) 100vw, 300px\" \/><\/p>\n<p class=\"isSelectedEnd\">Amb tots els elements a punt, vam fer el pas final: convertir la nostra hist\u00f2ria en un v\u00eddeo narrat. Vam treballar la lectura en veu alta, l\u2019entonaci\u00f3, el ritme i l\u2019expressi\u00f3 oral per aconseguir transmetre el misteri i l\u2019emoci\u00f3 del conte.<\/p>\n<p class=\"isSelectedEnd\">Finalment, hem dedicat un espai a l\u2019autoavaluaci\u00f3 i a la reflexi\u00f3 sobre el propi proc\u00e9s. Hem compartit qu\u00e8 hem apr\u00e8s, quines dificultats hem superat i com hem treballat en equip. Hem apr\u00e8s que escoltar els altres, respectar idees diferents i col\u00b7laborar \u00e9s essencial per construir un bon projecte.<\/p>\n<p><img loading=\"lazy\" decoding=\"async\" class=\"aligncenter size-medium wp-image-9198\" src=\"https:\/\/agora.xtec.cat\/ceipsorianomontagut\/wp-content\/uploads\/usu1929\/2026\/04\/1776354853183-226x300.jpg\" alt=\"\" width=\"226\" height=\"300\" srcset=\"https:\/\/agora.xtec.cat\/ceipsorianomontagut\/wp-content\/uploads\/usu1929\/2026\/04\/1776354853183-226x300.jpg 226w, https:\/\/agora.xtec.cat\/ceipsorianomontagut\/wp-content\/uploads\/usu1929\/2026\/04\/1776354853183.jpg 768w\" sizes=\"auto, (max-width: 226px) 100vw, 226px\" \/><\/p>\n<p class=\"isSelectedEnd\">Aquest treball ha anat molt m\u00e9s enll\u00e0 de la lectura i l\u2019escriptura. Ha estat una experi\u00e8ncia completa que ens ha perm\u00e8s crear, imaginar, expressar-nos i cr\u00e9ixer com a aprenents.<\/p>\n<p class=\"isSelectedEnd\">Ara s\u00ed\u2026 us convidem a gaudir del resultat final.<\/p>\n<p>Perqu\u00e8 les hist\u00f2ries, quan es comparteixen, cobren vida\u2026 i la imaginaci\u00f3 no t\u00e9 l\u00edmits.<\/p>\n<div class=\"ast-oembed-container \" style=\"height: 100%;\"><iframe loading=\"lazy\" title=\"El Conte que el Net va Contar al Iaio\" width=\"500\" height=\"281\" src=\"https:\/\/www.youtube.com\/embed\/HOYjHwwbHcc?feature=oembed\" frameborder=\"0\" allow=\"accelerometer; autoplay; clipboard-write; encrypted-media; gyroscope; picture-in-picture; web-share\" referrerpolicy=\"strict-origin-when-cross-origin\" allowfullscreen><\/iframe><\/div>\n","protected":false},"excerpt":{"rendered":"<p>Aquest trimestre, l\u2019alumnat de 4t de prim\u00e0ria ha viscut un projecte que ha nascut de la lectura i ha crescut gr\u00e0cies a la imaginaci\u00f3, el treball cooperatiu i les ganes de crear. Tot va comen\u00e7ar amb la lectura compartida d\u2019un conte de misteri a l\u2019aula, Els Contes de Fantasmes de l&#8217;Avi (James Flora), on un [&hellip;]<\/p>\n","protected":false},"author":1,"featured_media":9205,"comment_status":"closed","ping_status":"closed","sticky":false,"template":"","format":"standard","meta":{"_bbp_topic_count":0,"_bbp_reply_count":0,"_bbp_total_topic_count":0,"_bbp_total_reply_count":0,"_bbp_voice_count":0,"_bbp_anonymous_reply_count":0,"_bbp_topic_count_hidden":0,"_bbp_reply_count_hidden":0,"_bbp_forum_subforum_count":0,"site-sidebar-layout":"default","site-content-layout":"","ast-site-content-layout":"default","site-content-style":"default","site-sidebar-style":"default","ast-global-header-display":"","ast-banner-title-visibility":"","ast-main-header-display":"","ast-hfb-above-header-display":"","ast-hfb-below-header-display":"","ast-hfb-mobile-header-display":"","site-post-title":"","ast-breadcrumbs-content":"","ast-featured-img":"","footer-sml-layout":"","theme-transparent-header-meta":"default","adv-header-id-meta":"","stick-header-meta":"","header-above-stick-meta":"","header-main-stick-meta":"","header-below-stick-meta":"","astra-migrate-meta-layouts":"set","ast-page-background-enabled":"default","ast-page-background-meta":{"desktop":{"background-color":"var(--ast-global-color-4)","background-image":"","background-repeat":"repeat","background-position":"center center","background-size":"auto","background-attachment":"scroll","background-type":"","background-media":"","overlay-type":"","overlay-color":"","overlay-opacity":"","overlay-gradient":""},"tablet":{"background-color":"","background-image":"","background-repeat":"repeat","background-position":"center center","background-size":"auto","background-attachment":"scroll","background-type":"","background-media":"","overlay-type":"","overlay-color":"","overlay-opacity":"","overlay-gradient":""},"mobile":{"background-color":"","background-image":"","background-repeat":"repeat","background-position":"center center","background-size":"auto","background-attachment":"scroll","background-type":"","background-media":"","overlay-type":"","overlay-color":"","overlay-opacity":"","overlay-gradient":""}},"ast-content-background-meta":{"desktop":{"background-color":"var(--ast-global-color-5)","background-image":"","background-repeat":"repeat","background-position":"center center","background-size":"auto","background-attachment":"scroll","background-type":"","background-media":"","overlay-type":"","overlay-color":"","overlay-opacity":"","overlay-gradient":""},"tablet":{"background-color":"var(--ast-global-color-5)","background-image":"","background-repeat":"repeat","background-position":"center center","background-size":"auto","background-attachment":"scroll","background-type":"","background-media":"","overlay-type":"","overlay-color":"","overlay-opacity":"","overlay-gradient":""},"mobile":{"background-color":"var(--ast-global-color-5)","background-image":"","background-repeat":"repeat","background-position":"center center","background-size":"auto","background-attachment":"scroll","background-type":"","background-media":"","overlay-type":"","overlay-color":"","overlay-opacity":"","overlay-gradient":""}},"footnotes":""},"categories":[13,70,144,1,4,5],"tags":[],"class_list":["post-9193","post","type-post","status-publish","format-standard","has-post-thumbnail","hentry","category-4t","category-cicle-mitja","category-comunitat-dels-grans","category-general","category-portada","category-primaria"],"post_mailing_queue_ids":[],"_links":{"self":[{"href":"https:\/\/agora.xtec.cat\/ceipsorianomontagut\/wp-json\/wp\/v2\/posts\/9193","targetHints":{"allow":["GET"]}}],"collection":[{"href":"https:\/\/agora.xtec.cat\/ceipsorianomontagut\/wp-json\/wp\/v2\/posts"}],"about":[{"href":"https:\/\/agora.xtec.cat\/ceipsorianomontagut\/wp-json\/wp\/v2\/types\/post"}],"author":[{"embeddable":true,"href":"https:\/\/agora.xtec.cat\/ceipsorianomontagut\/wp-json\/wp\/v2\/users\/1"}],"replies":[{"embeddable":true,"href":"https:\/\/agora.xtec.cat\/ceipsorianomontagut\/wp-json\/wp\/v2\/comments?post=9193"}],"version-history":[{"count":6,"href":"https:\/\/agora.xtec.cat\/ceipsorianomontagut\/wp-json\/wp\/v2\/posts\/9193\/revisions"}],"predecessor-version":[{"id":9248,"href":"https:\/\/agora.xtec.cat\/ceipsorianomontagut\/wp-json\/wp\/v2\/posts\/9193\/revisions\/9248"}],"wp:featuredmedia":[{"embeddable":true,"href":"https:\/\/agora.xtec.cat\/ceipsorianomontagut\/wp-json\/wp\/v2\/media\/9205"}],"wp:attachment":[{"href":"https:\/\/agora.xtec.cat\/ceipsorianomontagut\/wp-json\/wp\/v2\/media?parent=9193"}],"wp:term":[{"taxonomy":"category","embeddable":true,"href":"https:\/\/agora.xtec.cat\/ceipsorianomontagut\/wp-json\/wp\/v2\/categories?post=9193"},{"taxonomy":"post_tag","embeddable":true,"href":"https:\/\/agora.xtec.cat\/ceipsorianomontagut\/wp-json\/wp\/v2\/tags?post=9193"}],"curies":[{"name":"wp","href":"https:\/\/api.w.org\/{rel}","templated":true}]}}