{"id":9191,"date":"2026-04-16T10:07:32","date_gmt":"2026-04-16T08:07:32","guid":{"rendered":"https:\/\/agora.xtec.cat\/ceipsorianomontagut\/?p=9191"},"modified":"2026-04-22T11:56:19","modified_gmt":"2026-04-22T09:56:19","slug":"quan-la-lectura-es-transforma-en-historia-els-contes-de-fantasmes-del-net","status":"publish","type":"post","link":"https:\/\/agora.xtec.cat\/ceipsorianomontagut\/general\/quan-la-lectura-es-transforma-en-historia-els-contes-de-fantasmes-del-net\/","title":{"rendered":"Quan la lectura es transforma en hist\u00f2ria&#8230; Els contes de fantasmes del net."},"content":{"rendered":"<h3><strong><img loading=\"lazy\" decoding=\"async\" class=\"wp-image-9225 alignnone\" src=\"https:\/\/agora.xtec.cat\/ceipsorianomontagut\/wp-content\/uploads\/usu1929\/2026\/04\/CMYK-2026-LOGO_Petit-HI-PARTICIPEM-300x300.png\" alt=\"\" width=\"193\" height=\"193\" srcset=\"https:\/\/agora.xtec.cat\/ceipsorianomontagut\/wp-content\/uploads\/usu1929\/2026\/04\/CMYK-2026-LOGO_Petit-HI-PARTICIPEM-300x300.png 300w, https:\/\/agora.xtec.cat\/ceipsorianomontagut\/wp-content\/uploads\/usu1929\/2026\/04\/CMYK-2026-LOGO_Petit-HI-PARTICIPEM-150x150.png 150w, https:\/\/agora.xtec.cat\/ceipsorianomontagut\/wp-content\/uploads\/usu1929\/2026\/04\/CMYK-2026-LOGO_Petit-HI-PARTICIPEM.png 375w\" sizes=\"auto, (max-width: 193px) 100vw, 193px\" \/> EL GUST PER LA LECTURA: Els contes de fantasmes del net.\u00a0<\/strong><\/h3>\n<p>&nbsp;<\/p>\n<p><strong>U<\/strong><strong>n projecte que neix de la lectura\u2026 i creix amb la creativitat.<\/strong><\/p>\n<p>Tot va comen\u00e7ar amb un llibre i moltes ganes de descobrir hist\u00f2ries. L\u2019alumnat de 4t A es va endinsar en la lectura de <em>Els contes de fantasmes de l\u2019avi<\/em>, de James Flora. A trav\u00e9s d\u2019aquesta lectura, vam viure moments de misteri, sorpresa i imaginaci\u00f3.<\/p>\n<p>Per\u00f2 no nom\u00e9s vam llegir\u2026 vam compartir, opinar i pensar. Vam parlar de cada hist\u00f2ria, vam treballar el vocabulari i vam aprendre a entendre millor els textos. La lectura es va convertir en un espai de conversa, d\u2019intercanvi i d\u2019aprenentatge compartit.<\/p>\n<p><strong>\u00a0 \u00a0 \u00a0 \u00a0 \u00a0 \u00a0 \u00a0 \u00a0 \u00a0 \u00a0 \u00a0 \u00a0 \u00a0 \u00a0 \u00a0 \u00a0 \u00a0<img loading=\"lazy\" decoding=\"async\" class=\"wp-image-9194 alignnone\" src=\"https:\/\/agora.xtec.cat\/ceipsorianomontagut\/wp-content\/uploads\/usu1929\/2026\/04\/1776354824023-225x300.jpg\" alt=\"\" width=\"210\" height=\"280\" srcset=\"https:\/\/agora.xtec.cat\/ceipsorianomontagut\/wp-content\/uploads\/usu1929\/2026\/04\/1776354824023-225x300.jpg 225w, https:\/\/agora.xtec.cat\/ceipsorianomontagut\/wp-content\/uploads\/usu1929\/2026\/04\/1776354824023.jpg 637w\" sizes=\"auto, (max-width: 210px) 100vw, 210px\" \/>\u00a0 \u00a0 \u00a0 \u00a0 \u00a0 \u00a0 \u00a0 \u00a0 \u00a0 \u00a0 \u00a0 \u00a0 \u00a0 \u00a0 \u00a0 <img loading=\"lazy\" decoding=\"async\" class=\"wp-image-9214 alignnone\" src=\"https:\/\/agora.xtec.cat\/ceipsorianomontagut\/wp-content\/uploads\/usu1929\/2026\/04\/WhatsApp-Image-2026-04-20-at-08.50.52-3-225x300.jpeg\" alt=\"\" width=\"211\" height=\"281\" srcset=\"https:\/\/agora.xtec.cat\/ceipsorianomontagut\/wp-content\/uploads\/usu1929\/2026\/04\/WhatsApp-Image-2026-04-20-at-08.50.52-3-225x300.jpeg 225w, https:\/\/agora.xtec.cat\/ceipsorianomontagut\/wp-content\/uploads\/usu1929\/2026\/04\/WhatsApp-Image-2026-04-20-at-08.50.52-3-768x1024.jpeg 768w, https:\/\/agora.xtec.cat\/ceipsorianomontagut\/wp-content\/uploads\/usu1929\/2026\/04\/WhatsApp-Image-2026-04-20-at-08.50.52-3-1152x1536.jpeg 1152w, https:\/\/agora.xtec.cat\/ceipsorianomontagut\/wp-content\/uploads\/usu1929\/2026\/04\/WhatsApp-Image-2026-04-20-at-08.50.52-3.jpeg 1536w\" sizes=\"auto, (max-width: 211px) 100vw, 211px\" \/>\u00a0 \u00a0 \u00a0 \u00a0 \u00a0 \u00a0 \u00a0 \u00a0 \u00a0 \u00a0 \u00a0 \u00a0 \u00a0 \u00a0 \u00a0 \u00a0 \u00a0<img loading=\"lazy\" decoding=\"async\" class=\"wp-image-9215 alignnone\" src=\"https:\/\/agora.xtec.cat\/ceipsorianomontagut\/wp-content\/uploads\/usu1929\/2026\/04\/WhatsApp-Image-2026-04-20-at-08.50.52-4-225x300.jpeg\" alt=\"\" width=\"214\" height=\"285\" srcset=\"https:\/\/agora.xtec.cat\/ceipsorianomontagut\/wp-content\/uploads\/usu1929\/2026\/04\/WhatsApp-Image-2026-04-20-at-08.50.52-4-225x300.jpeg 225w, https:\/\/agora.xtec.cat\/ceipsorianomontagut\/wp-content\/uploads\/usu1929\/2026\/04\/WhatsApp-Image-2026-04-20-at-08.50.52-4-768x1024.jpeg 768w, https:\/\/agora.xtec.cat\/ceipsorianomontagut\/wp-content\/uploads\/usu1929\/2026\/04\/WhatsApp-Image-2026-04-20-at-08.50.52-4-1152x1536.jpeg 1152w, https:\/\/agora.xtec.cat\/ceipsorianomontagut\/wp-content\/uploads\/usu1929\/2026\/04\/WhatsApp-Image-2026-04-20-at-08.50.52-4.jpeg 1536w\" sizes=\"auto, (max-width: 214px) 100vw, 214px\" \/><\/strong><\/p>\n<p>&nbsp;<\/p>\n<p><strong style=\"font-size: 16px; font-style: normal;\">\u00a0 \u00a0 \u00a0 \u00a0 \u00a0 \u00a0 \u00a0 \u00a0 \u00a0 \u00a0 \u00a0 \u00a0 \u00a0 \u00a0 \u00a0 \u00a0 \u00a0 \u00a0 \u00a0 \u00a0 \u00a0 \u00a0 \u00a0 \u00a0 \u00a0 \u00a0 \u00a0 \u00a0 \u00a0 \u00a0 \u00a0 \u00a0 \u00a0 \u00a0<img loading=\"lazy\" decoding=\"async\" class=\"wp-image-9216 alignnone\" src=\"https:\/\/agora.xtec.cat\/ceipsorianomontagut\/wp-content\/uploads\/usu1929\/2026\/04\/WhatsApp-Image-2026-04-20-at-08.50.52-5-225x300.jpeg\" alt=\"\" width=\"225\" height=\"300\" srcset=\"https:\/\/agora.xtec.cat\/ceipsorianomontagut\/wp-content\/uploads\/usu1929\/2026\/04\/WhatsApp-Image-2026-04-20-at-08.50.52-5-225x300.jpeg 225w, https:\/\/agora.xtec.cat\/ceipsorianomontagut\/wp-content\/uploads\/usu1929\/2026\/04\/WhatsApp-Image-2026-04-20-at-08.50.52-5-768x1024.jpeg 768w, https:\/\/agora.xtec.cat\/ceipsorianomontagut\/wp-content\/uploads\/usu1929\/2026\/04\/WhatsApp-Image-2026-04-20-at-08.50.52-5-1152x1536.jpeg 1152w, https:\/\/agora.xtec.cat\/ceipsorianomontagut\/wp-content\/uploads\/usu1929\/2026\/04\/WhatsApp-Image-2026-04-20-at-08.50.52-5.jpeg 1536w\" sizes=\"auto, (max-width: 225px) 100vw, 225px\" \/>\u00a0 \u00a0 \u00a0 \u00a0 \u00a0 \u00a0 \u00a0 \u00a0 \u00a0 \u00a0 \u00a0 \u00a0 \u00a0 \u00a0 \u00a0 <\/strong><strong><img loading=\"lazy\" decoding=\"async\" class=\"wp-image-9213 alignnone\" src=\"https:\/\/agora.xtec.cat\/ceipsorianomontagut\/wp-content\/uploads\/usu1929\/2026\/04\/WhatsApp-Image-2026-04-20-at-08.50.52-2-225x300.jpeg\" alt=\"\" width=\"225\" height=\"300\" srcset=\"https:\/\/agora.xtec.cat\/ceipsorianomontagut\/wp-content\/uploads\/usu1929\/2026\/04\/WhatsApp-Image-2026-04-20-at-08.50.52-2-225x300.jpeg 225w, https:\/\/agora.xtec.cat\/ceipsorianomontagut\/wp-content\/uploads\/usu1929\/2026\/04\/WhatsApp-Image-2026-04-20-at-08.50.52-2-768x1024.jpeg 768w, https:\/\/agora.xtec.cat\/ceipsorianomontagut\/wp-content\/uploads\/usu1929\/2026\/04\/WhatsApp-Image-2026-04-20-at-08.50.52-2-1152x1536.jpeg 1152w, https:\/\/agora.xtec.cat\/ceipsorianomontagut\/wp-content\/uploads\/usu1929\/2026\/04\/WhatsApp-Image-2026-04-20-at-08.50.52-2.jpeg 1536w\" sizes=\"auto, (max-width: 225px) 100vw, 225px\" \/><\/strong><\/p>\n<p><strong>I si canviem la hist\u00f2ria?<\/strong><\/p>\n<p>Despr\u00e9s de llegir, va arribar la gran pregunta: <strong>qu\u00e8 podem crear nosaltres?<\/strong><\/p>\n<p>I aix\u00ed va sorgir una idea que ens va entusiasmar a tots: capgirar la hist\u00f2ria. En lloc que fos l\u2019avi qui explicava contes\u2026 seria el nen qui en crearia i explicaria de nous.<\/p>\n<p>Aix\u00ed va n\u00e9ixer el nostre projecte: <strong><em>Els contes de fantasmes del net<\/em><\/strong><\/p>\n<h3><strong><img loading=\"lazy\" decoding=\"async\" class=\"aligncenter wp-image-9229\" src=\"https:\/\/agora.xtec.cat\/ceipsorianomontagut\/wp-content\/uploads\/usu1929\/2026\/04\/WhatsApp-Image-2026-04-20-at-10.16.25-1-208x300.jpeg\" alt=\"\" width=\"267\" height=\"385\" srcset=\"https:\/\/agora.xtec.cat\/ceipsorianomontagut\/wp-content\/uploads\/usu1929\/2026\/04\/WhatsApp-Image-2026-04-20-at-10.16.25-1-208x300.jpeg 208w, https:\/\/agora.xtec.cat\/ceipsorianomontagut\/wp-content\/uploads\/usu1929\/2026\/04\/WhatsApp-Image-2026-04-20-at-10.16.25-1-710x1024.jpeg 710w, https:\/\/agora.xtec.cat\/ceipsorianomontagut\/wp-content\/uploads\/usu1929\/2026\/04\/WhatsApp-Image-2026-04-20-at-10.16.25-1-768x1108.jpeg 768w, https:\/\/agora.xtec.cat\/ceipsorianomontagut\/wp-content\/uploads\/usu1929\/2026\/04\/WhatsApp-Image-2026-04-20-at-10.16.25-1-1065x1536.jpeg 1065w, https:\/\/agora.xtec.cat\/ceipsorianomontagut\/wp-content\/uploads\/usu1929\/2026\/04\/WhatsApp-Image-2026-04-20-at-10.16.25-1.jpeg 1309w\" sizes=\"auto, (max-width: 267px) 100vw, 267px\" \/><\/strong><\/h3>\n<p>&nbsp;<\/p>\n<p><strong>Treball cooperatiu: crear junts \u00e9s millor<\/strong><\/p>\n<p>Ens vam organitzar en grups cooperatius i cada equip va crear la seva pr\u00f2pia hist\u00f2ria. Per fer-ho, vam utilitzar una fitxa d\u2019escriptura que ens ajudava a estructurar el conte:<\/p>\n<ul>\n<li>Pensar qu\u00e8 passaria (inici, nus i desenlla\u00e7)<\/li>\n<li>Decidir els personatges<\/li>\n<li>Situar la hist\u00f2ria en un lloc i un temps<\/li>\n<li>Transmetre emocions i valors<\/li>\n<\/ul>\n<p>Cada grup va aportar idees diferents, i aix\u00f2 va fer que sorgissin hist\u00f2ries molt diverses i originals.<\/p>\n<p><img loading=\"lazy\" decoding=\"async\" class=\"wp-image-9220 alignnone\" src=\"https:\/\/agora.xtec.cat\/ceipsorianomontagut\/wp-content\/uploads\/usu1929\/2026\/04\/WhatsApp-Image-2026-04-20-at-09.17.10-225x300.jpeg\" alt=\"\" width=\"239\" height=\"319\" srcset=\"https:\/\/agora.xtec.cat\/ceipsorianomontagut\/wp-content\/uploads\/usu1929\/2026\/04\/WhatsApp-Image-2026-04-20-at-09.17.10-225x300.jpeg 225w, https:\/\/agora.xtec.cat\/ceipsorianomontagut\/wp-content\/uploads\/usu1929\/2026\/04\/WhatsApp-Image-2026-04-20-at-09.17.10-768x1024.jpeg 768w, https:\/\/agora.xtec.cat\/ceipsorianomontagut\/wp-content\/uploads\/usu1929\/2026\/04\/WhatsApp-Image-2026-04-20-at-09.17.10-1152x1536.jpeg 1152w, https:\/\/agora.xtec.cat\/ceipsorianomontagut\/wp-content\/uploads\/usu1929\/2026\/04\/WhatsApp-Image-2026-04-20-at-09.17.10.jpeg 1536w\" sizes=\"auto, (max-width: 239px) 100vw, 239px\" \/>\u00a0 \u00a0 \u00a0 \u00a0 \u00a0 \u00a0 \u00a0 \u00a0 \u00a0 \u00a0<img loading=\"lazy\" decoding=\"async\" class=\"wp-image-9221 alignnone\" src=\"https:\/\/agora.xtec.cat\/ceipsorianomontagut\/wp-content\/uploads\/usu1929\/2026\/04\/WhatsApp-Image-2026-04-20-at-09.17.10-1-e1776669540993-225x300.jpeg\" alt=\"\" width=\"240\" height=\"320\" srcset=\"https:\/\/agora.xtec.cat\/ceipsorianomontagut\/wp-content\/uploads\/usu1929\/2026\/04\/WhatsApp-Image-2026-04-20-at-09.17.10-1-e1776669540993-225x300.jpeg 225w, https:\/\/agora.xtec.cat\/ceipsorianomontagut\/wp-content\/uploads\/usu1929\/2026\/04\/WhatsApp-Image-2026-04-20-at-09.17.10-1-e1776669540993-768x1024.jpeg 768w, https:\/\/agora.xtec.cat\/ceipsorianomontagut\/wp-content\/uploads\/usu1929\/2026\/04\/WhatsApp-Image-2026-04-20-at-09.17.10-1-e1776669540993-1152x1536.jpeg 1152w, https:\/\/agora.xtec.cat\/ceipsorianomontagut\/wp-content\/uploads\/usu1929\/2026\/04\/WhatsApp-Image-2026-04-20-at-09.17.10-1-e1776669540993.jpeg 1536w\" sizes=\"auto, (max-width: 240px) 100vw, 240px\" \/>\u00a0 \u00a0 \u00a0 \u00a0 \u00a0 \u00a0 \u00a0 \u00a0 \u00a0 \u00a0 \u00a0 \u00a0 \u00a0<img loading=\"lazy\" decoding=\"async\" class=\"wp-image-9210 alignnone\" src=\"https:\/\/agora.xtec.cat\/ceipsorianomontagut\/wp-content\/uploads\/usu1929\/2026\/04\/WhatsApp-Image-2026-04-20-at-08.50.51-3-e1776668497469-225x300.jpeg\" alt=\"\" width=\"241\" height=\"322\" srcset=\"https:\/\/agora.xtec.cat\/ceipsorianomontagut\/wp-content\/uploads\/usu1929\/2026\/04\/WhatsApp-Image-2026-04-20-at-08.50.51-3-e1776668497469-225x300.jpeg 225w, https:\/\/agora.xtec.cat\/ceipsorianomontagut\/wp-content\/uploads\/usu1929\/2026\/04\/WhatsApp-Image-2026-04-20-at-08.50.51-3-e1776668497469-768x1024.jpeg 768w, https:\/\/agora.xtec.cat\/ceipsorianomontagut\/wp-content\/uploads\/usu1929\/2026\/04\/WhatsApp-Image-2026-04-20-at-08.50.51-3-e1776668497469-1152x1536.jpeg 1152w, https:\/\/agora.xtec.cat\/ceipsorianomontagut\/wp-content\/uploads\/usu1929\/2026\/04\/WhatsApp-Image-2026-04-20-at-08.50.51-3-e1776668497469.jpeg 1536w\" sizes=\"auto, (max-width: 241px) 100vw, 241px\" \/><\/p>\n<p>&nbsp;<\/p>\n<p><strong>Aprenem a escriure millor.<\/strong><\/p>\n<p>Per construir les nostres hist\u00f2ries, vam treballar el <strong>text narratiu<\/strong>:<\/p>\n<ul>\n<li>El <strong>plantejament<\/strong> (on comen\u00e7a tot)<\/li>\n<li>El <strong>nus<\/strong> (on passen les coses m\u00e9s importants)<\/li>\n<li>El <strong>desenlla\u00e7<\/strong> (com acaba la hist\u00f2ria)<\/li>\n<\/ul>\n<p>Tamb\u00e9 vam tenir en compte els personatges, el narrador i tots els elements que fan que una hist\u00f2ria funcioni.<\/p>\n<p>A m\u00e9s, vam utilitzar <strong>connectors<\/strong> per donar coher\u00e8ncia als textos (despr\u00e9s, mentrestant, finalment\u2026), cosa que ens va ajudar a enlla\u00e7ar millor les idees i fer els contes m\u00e9s entenedors.<\/p>\n<p><strong><img loading=\"lazy\" decoding=\"async\" class=\"wp-image-9231 alignnone\" src=\"https:\/\/agora.xtec.cat\/ceipsorianomontagut\/wp-content\/uploads\/usu1929\/2026\/04\/WhatsApp-Image-2026-04-20-at-10.22.24-e1776673409253-300x225.jpeg\" alt=\"\" width=\"454\" height=\"341\" srcset=\"https:\/\/agora.xtec.cat\/ceipsorianomontagut\/wp-content\/uploads\/usu1929\/2026\/04\/WhatsApp-Image-2026-04-20-at-10.22.24-e1776673409253-300x225.jpeg 300w, https:\/\/agora.xtec.cat\/ceipsorianomontagut\/wp-content\/uploads\/usu1929\/2026\/04\/WhatsApp-Image-2026-04-20-at-10.22.24-e1776673409253-1024x768.jpeg 1024w, https:\/\/agora.xtec.cat\/ceipsorianomontagut\/wp-content\/uploads\/usu1929\/2026\/04\/WhatsApp-Image-2026-04-20-at-10.22.24-e1776673409253-768x576.jpeg 768w, https:\/\/agora.xtec.cat\/ceipsorianomontagut\/wp-content\/uploads\/usu1929\/2026\/04\/WhatsApp-Image-2026-04-20-at-10.22.24-e1776673409253-1536x1152.jpeg 1536w, https:\/\/agora.xtec.cat\/ceipsorianomontagut\/wp-content\/uploads\/usu1929\/2026\/04\/WhatsApp-Image-2026-04-20-at-10.22.24-e1776673409253.jpeg 2048w\" sizes=\"auto, (max-width: 454px) 100vw, 454px\" \/><\/strong><\/p>\n<p><img loading=\"lazy\" decoding=\"async\" class=\"wp-image-9209 alignnone\" src=\"https:\/\/agora.xtec.cat\/ceipsorianomontagut\/wp-content\/uploads\/usu1929\/2026\/04\/WhatsApp-Image-2026-04-20-at-08.50.51-2-225x300.jpeg\" alt=\"\" width=\"291\" height=\"388\" srcset=\"https:\/\/agora.xtec.cat\/ceipsorianomontagut\/wp-content\/uploads\/usu1929\/2026\/04\/WhatsApp-Image-2026-04-20-at-08.50.51-2-225x300.jpeg 225w, https:\/\/agora.xtec.cat\/ceipsorianomontagut\/wp-content\/uploads\/usu1929\/2026\/04\/WhatsApp-Image-2026-04-20-at-08.50.51-2-768x1024.jpeg 768w, https:\/\/agora.xtec.cat\/ceipsorianomontagut\/wp-content\/uploads\/usu1929\/2026\/04\/WhatsApp-Image-2026-04-20-at-08.50.51-2-1152x1536.jpeg 1152w, https:\/\/agora.xtec.cat\/ceipsorianomontagut\/wp-content\/uploads\/usu1929\/2026\/04\/WhatsApp-Image-2026-04-20-at-08.50.51-2-rotated.jpeg 1536w\" sizes=\"auto, (max-width: 291px) 100vw, 291px\" \/>\u00a0 \u00a0 \u00a0 \u00a0 \u00a0 \u00a0 \u00a0 <img loading=\"lazy\" decoding=\"async\" class=\"wp-image-9212 alignnone\" src=\"https:\/\/agora.xtec.cat\/ceipsorianomontagut\/wp-content\/uploads\/usu1929\/2026\/04\/WhatsApp-Image-2026-04-20-at-08.50.52-1-e1776668586600-225x300.jpeg\" alt=\"\" width=\"291\" height=\"388\" srcset=\"https:\/\/agora.xtec.cat\/ceipsorianomontagut\/wp-content\/uploads\/usu1929\/2026\/04\/WhatsApp-Image-2026-04-20-at-08.50.52-1-e1776668586600-225x300.jpeg 225w, https:\/\/agora.xtec.cat\/ceipsorianomontagut\/wp-content\/uploads\/usu1929\/2026\/04\/WhatsApp-Image-2026-04-20-at-08.50.52-1-e1776668586600-768x1024.jpeg 768w, https:\/\/agora.xtec.cat\/ceipsorianomontagut\/wp-content\/uploads\/usu1929\/2026\/04\/WhatsApp-Image-2026-04-20-at-08.50.52-1-e1776668586600-1152x1536.jpeg 1152w, https:\/\/agora.xtec.cat\/ceipsorianomontagut\/wp-content\/uploads\/usu1929\/2026\/04\/WhatsApp-Image-2026-04-20-at-08.50.52-1-e1776668586600.jpeg 1536w\" sizes=\"auto, (max-width: 291px) 100vw, 291px\" \/><\/p>\n<p>&nbsp;<\/p>\n<p><strong>Revisar per millorar.<\/strong><\/p>\n<p>Un dels passos m\u00e9s importants va ser revisar la nostra feina. Vam utilitzar graelles d\u2019autoavaluaci\u00f3 que ens ajudaven a fixar-nos en:<\/p>\n<ul>\n<li>L\u2019ortografia<\/li>\n<li>La presentaci\u00f3<\/li>\n<li>La coher\u00e8ncia del text<\/li>\n<li>La riquesa del vocabulari<\/li>\n<li>L\u2019\u00fas correcte dels temps verbals<\/li>\n<\/ul>\n<p><img loading=\"lazy\" decoding=\"async\" class=\"wp-image-9217 alignnone\" src=\"https:\/\/agora.xtec.cat\/ceipsorianomontagut\/wp-content\/uploads\/usu1929\/2026\/04\/WhatsApp-Image-2026-04-20-at-08.50.52-e1776668697449-225x300.jpeg\" alt=\"\" width=\"298\" height=\"397\" srcset=\"https:\/\/agora.xtec.cat\/ceipsorianomontagut\/wp-content\/uploads\/usu1929\/2026\/04\/WhatsApp-Image-2026-04-20-at-08.50.52-e1776668697449-225x300.jpeg 225w, https:\/\/agora.xtec.cat\/ceipsorianomontagut\/wp-content\/uploads\/usu1929\/2026\/04\/WhatsApp-Image-2026-04-20-at-08.50.52-e1776668697449-768x1024.jpeg 768w, https:\/\/agora.xtec.cat\/ceipsorianomontagut\/wp-content\/uploads\/usu1929\/2026\/04\/WhatsApp-Image-2026-04-20-at-08.50.52-e1776668697449-1152x1536.jpeg 1152w, https:\/\/agora.xtec.cat\/ceipsorianomontagut\/wp-content\/uploads\/usu1929\/2026\/04\/WhatsApp-Image-2026-04-20-at-08.50.52-e1776668697449.jpeg 1536w\" sizes=\"auto, (max-width: 298px) 100vw, 298px\" \/>\u00a0 \u00a0 \u00a0 \u00a0 \u00a0 \u00a0 \u00a0 \u00a0 <img loading=\"lazy\" decoding=\"async\" class=\"wp-image-9198 alignnone\" src=\"https:\/\/agora.xtec.cat\/ceipsorianomontagut\/wp-content\/uploads\/usu1929\/2026\/04\/1776354853183-226x300.jpg\" alt=\"\" width=\"295\" height=\"392\" srcset=\"https:\/\/agora.xtec.cat\/ceipsorianomontagut\/wp-content\/uploads\/usu1929\/2026\/04\/1776354853183-226x300.jpg 226w, https:\/\/agora.xtec.cat\/ceipsorianomontagut\/wp-content\/uploads\/usu1929\/2026\/04\/1776354853183.jpg 768w\" sizes=\"auto, (max-width: 295px) 100vw, 295px\" \/><\/p>\n<p>Gr\u00e0cies a aix\u00f2, vam poder millorar molt els nostres escrits.<\/p>\n<p>Finalment, entre tots i totes, vam escollir la hist\u00f2ria que m\u00e9s ens agradava i la vam reescriure conjuntament, fent-la encara millor.<\/p>\n<p>&nbsp;<\/p>\n<p><strong>Donem forma als personatges.<\/strong><\/p>\n<p>A l\u2019aula de pl\u00e0stica, el projecte va continuar creixent. Vam dissenyar i crear els personatges de la hist\u00f2ria, donant-los forma, expressi\u00f3 i personalitat.<\/p>\n<p>A poc a poc, el nostre conte deixava de ser nom\u00e9s escrit\u2026 i comen\u00e7ava a tenir vida pr\u00f2pia.<\/p>\n<p><img loading=\"lazy\" decoding=\"async\" class=\"size-medium wp-image-9236 alignleft\" src=\"https:\/\/agora.xtec.cat\/ceipsorianomontagut\/wp-content\/uploads\/usu1929\/2026\/04\/WhatsApp-Image-2026-04-22-at-10.27.49-225x300.jpeg\" alt=\"\" width=\"225\" height=\"300\" srcset=\"https:\/\/agora.xtec.cat\/ceipsorianomontagut\/wp-content\/uploads\/usu1929\/2026\/04\/WhatsApp-Image-2026-04-22-at-10.27.49-225x300.jpeg 225w, https:\/\/agora.xtec.cat\/ceipsorianomontagut\/wp-content\/uploads\/usu1929\/2026\/04\/WhatsApp-Image-2026-04-22-at-10.27.49-768x1024.jpeg 768w, https:\/\/agora.xtec.cat\/ceipsorianomontagut\/wp-content\/uploads\/usu1929\/2026\/04\/WhatsApp-Image-2026-04-22-at-10.27.49-1152x1536.jpeg 1152w, https:\/\/agora.xtec.cat\/ceipsorianomontagut\/wp-content\/uploads\/usu1929\/2026\/04\/WhatsApp-Image-2026-04-22-at-10.27.49.jpeg 1536w\" sizes=\"auto, (max-width: 225px) 100vw, 225px\" \/> <img loading=\"lazy\" decoding=\"async\" class=\"size-medium wp-image-9237 alignleft\" src=\"https:\/\/agora.xtec.cat\/ceipsorianomontagut\/wp-content\/uploads\/usu1929\/2026\/04\/WhatsApp-Image-2026-04-22-at-10.27.50-1-225x300.jpeg\" alt=\"\" width=\"225\" height=\"300\" srcset=\"https:\/\/agora.xtec.cat\/ceipsorianomontagut\/wp-content\/uploads\/usu1929\/2026\/04\/WhatsApp-Image-2026-04-22-at-10.27.50-1-225x300.jpeg 225w, https:\/\/agora.xtec.cat\/ceipsorianomontagut\/wp-content\/uploads\/usu1929\/2026\/04\/WhatsApp-Image-2026-04-22-at-10.27.50-1-768x1024.jpeg 768w, https:\/\/agora.xtec.cat\/ceipsorianomontagut\/wp-content\/uploads\/usu1929\/2026\/04\/WhatsApp-Image-2026-04-22-at-10.27.50-1-1152x1536.jpeg 1152w, https:\/\/agora.xtec.cat\/ceipsorianomontagut\/wp-content\/uploads\/usu1929\/2026\/04\/WhatsApp-Image-2026-04-22-at-10.27.50-1.jpeg 1536w\" sizes=\"auto, (max-width: 225px) 100vw, 225px\" \/> <img loading=\"lazy\" decoding=\"async\" class=\"size-medium wp-image-9238 alignleft\" src=\"https:\/\/agora.xtec.cat\/ceipsorianomontagut\/wp-content\/uploads\/usu1929\/2026\/04\/WhatsApp-Image-2026-04-22-at-10.27.50-2-225x300.jpeg\" alt=\"\" width=\"225\" height=\"300\" srcset=\"https:\/\/agora.xtec.cat\/ceipsorianomontagut\/wp-content\/uploads\/usu1929\/2026\/04\/WhatsApp-Image-2026-04-22-at-10.27.50-2-225x300.jpeg 225w, https:\/\/agora.xtec.cat\/ceipsorianomontagut\/wp-content\/uploads\/usu1929\/2026\/04\/WhatsApp-Image-2026-04-22-at-10.27.50-2-768x1024.jpeg 768w, https:\/\/agora.xtec.cat\/ceipsorianomontagut\/wp-content\/uploads\/usu1929\/2026\/04\/WhatsApp-Image-2026-04-22-at-10.27.50-2-1152x1536.jpeg 1152w, https:\/\/agora.xtec.cat\/ceipsorianomontagut\/wp-content\/uploads\/usu1929\/2026\/04\/WhatsApp-Image-2026-04-22-at-10.27.50-2.jpeg 1536w\" sizes=\"auto, (max-width: 225px) 100vw, 225px\" \/> <img loading=\"lazy\" decoding=\"async\" class=\"size-medium wp-image-9239 alignleft\" src=\"https:\/\/agora.xtec.cat\/ceipsorianomontagut\/wp-content\/uploads\/usu1929\/2026\/04\/WhatsApp-Image-2026-04-22-at-10.27.50-225x300.jpeg\" alt=\"\" width=\"225\" height=\"300\" srcset=\"https:\/\/agora.xtec.cat\/ceipsorianomontagut\/wp-content\/uploads\/usu1929\/2026\/04\/WhatsApp-Image-2026-04-22-at-10.27.50-225x300.jpeg 225w, https:\/\/agora.xtec.cat\/ceipsorianomontagut\/wp-content\/uploads\/usu1929\/2026\/04\/WhatsApp-Image-2026-04-22-at-10.27.50-768x1024.jpeg 768w, https:\/\/agora.xtec.cat\/ceipsorianomontagut\/wp-content\/uploads\/usu1929\/2026\/04\/WhatsApp-Image-2026-04-22-at-10.27.50-1152x1536.jpeg 1152w, https:\/\/agora.xtec.cat\/ceipsorianomontagut\/wp-content\/uploads\/usu1929\/2026\/04\/WhatsApp-Image-2026-04-22-at-10.27.50.jpeg 1536w\" sizes=\"auto, (max-width: 225px) 100vw, 225px\" \/> <img loading=\"lazy\" decoding=\"async\" class=\"size-medium wp-image-9241 alignleft\" src=\"https:\/\/agora.xtec.cat\/ceipsorianomontagut\/wp-content\/uploads\/usu1929\/2026\/04\/WhatsApp-Image-2026-04-22-at-10.27.51-2-225x300.jpeg\" alt=\"\" width=\"225\" height=\"300\" srcset=\"https:\/\/agora.xtec.cat\/ceipsorianomontagut\/wp-content\/uploads\/usu1929\/2026\/04\/WhatsApp-Image-2026-04-22-at-10.27.51-2-225x300.jpeg 225w, https:\/\/agora.xtec.cat\/ceipsorianomontagut\/wp-content\/uploads\/usu1929\/2026\/04\/WhatsApp-Image-2026-04-22-at-10.27.51-2-768x1024.jpeg 768w, https:\/\/agora.xtec.cat\/ceipsorianomontagut\/wp-content\/uploads\/usu1929\/2026\/04\/WhatsApp-Image-2026-04-22-at-10.27.51-2-1152x1536.jpeg 1152w, https:\/\/agora.xtec.cat\/ceipsorianomontagut\/wp-content\/uploads\/usu1929\/2026\/04\/WhatsApp-Image-2026-04-22-at-10.27.51-2.jpeg 1536w\" sizes=\"auto, (max-width: 225px) 100vw, 225px\" \/> <img loading=\"lazy\" decoding=\"async\" class=\"size-medium wp-image-9242 alignleft\" src=\"https:\/\/agora.xtec.cat\/ceipsorianomontagut\/wp-content\/uploads\/usu1929\/2026\/04\/WhatsApp-Image-2026-04-22-at-10.27.51-3-225x300.jpeg\" alt=\"\" width=\"225\" height=\"300\" srcset=\"https:\/\/agora.xtec.cat\/ceipsorianomontagut\/wp-content\/uploads\/usu1929\/2026\/04\/WhatsApp-Image-2026-04-22-at-10.27.51-3-225x300.jpeg 225w, https:\/\/agora.xtec.cat\/ceipsorianomontagut\/wp-content\/uploads\/usu1929\/2026\/04\/WhatsApp-Image-2026-04-22-at-10.27.51-3-768x1024.jpeg 768w, https:\/\/agora.xtec.cat\/ceipsorianomontagut\/wp-content\/uploads\/usu1929\/2026\/04\/WhatsApp-Image-2026-04-22-at-10.27.51-3-1152x1536.jpeg 1152w, https:\/\/agora.xtec.cat\/ceipsorianomontagut\/wp-content\/uploads\/usu1929\/2026\/04\/WhatsApp-Image-2026-04-22-at-10.27.51-3.jpeg 1536w\" sizes=\"auto, (max-width: 225px) 100vw, 225px\" \/><\/p>\n<p>&nbsp;<\/p>\n<p>&nbsp;<\/p>\n<p>&nbsp;<\/p>\n<p>&nbsp;<\/p>\n<p>&nbsp;<\/p>\n<p>&nbsp;<\/p>\n<p>&nbsp;<\/p>\n<p>&nbsp;<\/p>\n<p>&nbsp;<\/p>\n<p>&nbsp;<\/p>\n<p>&nbsp;<\/p>\n<p>&nbsp;<\/p>\n<p>&nbsp;<\/p>\n<p>&nbsp;<\/p>\n<p>&nbsp;<\/p>\n<p><strong>El gran final: un audiollibre.<\/strong><\/p>\n<p>Amb la hist\u00f2ria definitiva i els personatges preparats, vam fer un pas m\u00e9s: convertir el nostre conte en un <strong>audiollibre<\/strong>.<\/p>\n<p>Vam gravar les veus, interpretant els personatges i la narraci\u00f3, treballant l\u2019expressi\u00f3 oral, l\u2019entonaci\u00f3 i l\u2019emoci\u00f3.<\/p>\n<p>&nbsp;<\/p>\n<p><strong>Molt m\u00e9s que un projecte.<\/strong><\/p>\n<p>Aquest projecte no nom\u00e9s ens ha ensenyat a llegir i escriure millor. Ens ha ajudat a:<\/p>\n<ul>\n<li>Treballar en equip<\/li>\n<li>Escoltar i respectar idees<\/li>\n<li>Crear i imaginar<\/li>\n<li>Revisar i millorar<\/li>\n<li>expressar-nos de diferents maneres<\/li>\n<\/ul>\n<p>En definitiva, hem apr\u00e8s que darrere de cada hist\u00f2ria\u2026 hi ha tot un m\u00f3n per descobrir.<\/p>\n<p>&nbsp;<\/p>\n<p><strong>I ara\u2026 escolteu la nostra hist\u00f2ria!<\/strong><\/p>\n<p>Despr\u00e9s de tot aquest proc\u00e9s, arriba el moment m\u00e9s emocionant: compartir-ho amb vosaltres.<\/p>\n<p>Perqu\u00e8 les hist\u00f2ries, quan es comparteixen\u2026 cobren vida.<\/p>\n<p>Un projecte fet amb veu pr\u00f2pia, imaginaci\u00f3 i molt treball en equip.<\/p>\n<p>Prepareu-vos per entrar en un m\u00f3n de misteri, fantasia i creativitat\u2026 explicat pels nostres petits grans narradors!<\/p>\n<p><strong>I aqu\u00ed us deixem l\u2019enlla\u00e7 on podreu escoltar el nostre audiollibre<\/strong>, creat amb molta il\u00b7lusi\u00f3 pels alumnes de 4t A de l\u2019Escola Soriano Montagut.<\/p>\n<div class=\"ast-oembed-container \" style=\"height: 100%;\"><iframe loading=\"lazy\" title=\"GUST PER LA LECTURA: Els contes de fantasmes del net (4t A)\" width=\"500\" height=\"375\" src=\"https:\/\/www.youtube.com\/embed\/RoP29C5wmuw?feature=oembed\" frameborder=\"0\" allow=\"accelerometer; autoplay; clipboard-write; encrypted-media; gyroscope; picture-in-picture; web-share\" referrerpolicy=\"strict-origin-when-cross-origin\" allowfullscreen><\/iframe><\/div>\n<p>&nbsp;<\/p>\n<h1 style=\"text-align: center;\"><strong data-start=\"684\" data-end=\"751\">Les paraules tenen vida\u2026 nom\u00e9s cal una veu per despertar-les.<\/strong><\/h1>\n","protected":false},"excerpt":{"rendered":"<p>EL GUST PER LA LECTURA: Els contes de fantasmes del net.\u00a0 &nbsp; Un projecte que neix de la lectura\u2026 i creix amb la creativitat. Tot va comen\u00e7ar amb un llibre i moltes ganes de descobrir hist\u00f2ries. L\u2019alumnat de 4t A es va endinsar en la lectura de Els contes de fantasmes de l\u2019avi, de James [&hellip;]<\/p>\n","protected":false},"author":1,"featured_media":0,"comment_status":"open","ping_status":"open","sticky":false,"template":"","format":"standard","meta":{"_bbp_topic_count":0,"_bbp_reply_count":0,"_bbp_total_topic_count":0,"_bbp_total_reply_count":0,"_bbp_voice_count":0,"_bbp_anonymous_reply_count":0,"_bbp_topic_count_hidden":0,"_bbp_reply_count_hidden":0,"_bbp_forum_subforum_count":0,"site-sidebar-layout":"default","site-content-layout":"","ast-site-content-layout":"default","site-content-style":"default","site-sidebar-style":"default","ast-global-header-display":"","ast-banner-title-visibility":"","ast-main-header-display":"","ast-hfb-above-header-display":"","ast-hfb-below-header-display":"","ast-hfb-mobile-header-display":"","site-post-title":"","ast-breadcrumbs-content":"","ast-featured-img":"","footer-sml-layout":"","theme-transparent-header-meta":"default","adv-header-id-meta":"","stick-header-meta":"","header-above-stick-meta":"","header-main-stick-meta":"","header-below-stick-meta":"","astra-migrate-meta-layouts":"set","ast-page-background-enabled":"default","ast-page-background-meta":{"desktop":{"background-color":"var(--ast-global-color-4)","background-image":"","background-repeat":"repeat","background-position":"center center","background-size":"auto","background-attachment":"scroll","background-type":"","background-media":"","overlay-type":"","overlay-color":"","overlay-opacity":"","overlay-gradient":""},"tablet":{"background-color":"","background-image":"","background-repeat":"repeat","background-position":"center center","background-size":"auto","background-attachment":"scroll","background-type":"","background-media":"","overlay-type":"","overlay-color":"","overlay-opacity":"","overlay-gradient":""},"mobile":{"background-color":"","background-image":"","background-repeat":"repeat","background-position":"center center","background-size":"auto","background-attachment":"scroll","background-type":"","background-media":"","overlay-type":"","overlay-color":"","overlay-opacity":"","overlay-gradient":""}},"ast-content-background-meta":{"desktop":{"background-color":"var(--ast-global-color-5)","background-image":"","background-repeat":"repeat","background-position":"center center","background-size":"auto","background-attachment":"scroll","background-type":"","background-media":"","overlay-type":"","overlay-color":"","overlay-opacity":"","overlay-gradient":""},"tablet":{"background-color":"var(--ast-global-color-5)","background-image":"","background-repeat":"repeat","background-position":"center center","background-size":"auto","background-attachment":"scroll","background-type":"","background-media":"","overlay-type":"","overlay-color":"","overlay-opacity":"","overlay-gradient":""},"mobile":{"background-color":"var(--ast-global-color-5)","background-image":"","background-repeat":"repeat","background-position":"center center","background-size":"auto","background-attachment":"scroll","background-type":"","background-media":"","overlay-type":"","overlay-color":"","overlay-opacity":"","overlay-gradient":""}},"footnotes":""},"categories":[13,148,70,144,1,4,5],"tags":[],"class_list":["post-9191","post","type-post","status-publish","format-standard","hentry","category-4t","category-biblioteca","category-cicle-mitja","category-comunitat-dels-grans","category-general","category-portada","category-primaria"],"post_mailing_queue_ids":[],"_links":{"self":[{"href":"https:\/\/agora.xtec.cat\/ceipsorianomontagut\/wp-json\/wp\/v2\/posts\/9191","targetHints":{"allow":["GET"]}}],"collection":[{"href":"https:\/\/agora.xtec.cat\/ceipsorianomontagut\/wp-json\/wp\/v2\/posts"}],"about":[{"href":"https:\/\/agora.xtec.cat\/ceipsorianomontagut\/wp-json\/wp\/v2\/types\/post"}],"author":[{"embeddable":true,"href":"https:\/\/agora.xtec.cat\/ceipsorianomontagut\/wp-json\/wp\/v2\/users\/1"}],"replies":[{"embeddable":true,"href":"https:\/\/agora.xtec.cat\/ceipsorianomontagut\/wp-json\/wp\/v2\/comments?post=9191"}],"version-history":[{"count":6,"href":"https:\/\/agora.xtec.cat\/ceipsorianomontagut\/wp-json\/wp\/v2\/posts\/9191\/revisions"}],"predecessor-version":[{"id":9247,"href":"https:\/\/agora.xtec.cat\/ceipsorianomontagut\/wp-json\/wp\/v2\/posts\/9191\/revisions\/9247"}],"wp:attachment":[{"href":"https:\/\/agora.xtec.cat\/ceipsorianomontagut\/wp-json\/wp\/v2\/media?parent=9191"}],"wp:term":[{"taxonomy":"category","embeddable":true,"href":"https:\/\/agora.xtec.cat\/ceipsorianomontagut\/wp-json\/wp\/v2\/categories?post=9191"},{"taxonomy":"post_tag","embeddable":true,"href":"https:\/\/agora.xtec.cat\/ceipsorianomontagut\/wp-json\/wp\/v2\/tags?post=9191"}],"curies":[{"name":"wp","href":"https:\/\/api.w.org\/{rel}","templated":true}]}}