{"id":9075,"date":"2025-11-26T21:13:47","date_gmt":"2025-11-26T20:13:47","guid":{"rendered":"https:\/\/agora.xtec.cat\/ceipsorianomontagut\/?p=9075"},"modified":"2025-11-26T21:15:44","modified_gmt":"2025-11-26T20:15:44","slug":"formacio-maker","status":"publish","type":"post","link":"https:\/\/agora.xtec.cat\/ceipsorianomontagut\/general\/formacio-maker\/","title":{"rendered":"Formaci\u00f3 maker"},"content":{"rendered":"<p>L\u2019equip motor del centre hem comen\u00e7at la formaci\u00f3 vinculada al Pla d\u2019Educaci\u00f3 Digital i a la nova dotaci\u00f3 maker que arribar\u00e0 properament \ud83d\udd27\ud83d\udcbb. En aquesta primera sessi\u00f3 hem pogut con\u00e8ixer de prop alguns dels materials, i especialment hem treballat amb la talladora l\u00e0ser, descobrint les seves possibilitats creatives i pedag\u00f2giques \ud83d\udd25\ud83e\udeb5\u2728.<\/p>\n<p>Tamb\u00e9 hem aprofundit en les l\u00ednies clau del pla i en el potencial de les eines maker per impulsar metodologies actives, creativitat i projectes STEAM \ud83d\ude80\ud83e\udd16\ud83c\udfa8.<\/p>\n<p style=\"text-align: center;\">A partir d\u2019aquest punt, l\u2019equip motor comen\u00e7ar\u00e0 a desplegar la nostra Estrat\u00e8gia Digital de Centre, acompanyant el claustre en aquest proc\u00e9s de transformaci\u00f3 i integraci\u00f3 de les noves eines \ud83d\udcda\u2728.<img loading=\"lazy\" decoding=\"async\" class=\"aligncenter size-full wp-image-9076\" src=\"https:\/\/agora.xtec.cat\/ceipsorianomontagut\/wp-content\/uploads\/usu1929\/2025\/11\/Post-de-Instagram-Fiesta-Collage-Colorida.png\" alt=\"\" width=\"512\" height=\"640\" srcset=\"https:\/\/agora.xtec.cat\/ceipsorianomontagut\/wp-content\/uploads\/usu1929\/2025\/11\/Post-de-Instagram-Fiesta-Collage-Colorida.png 512w, https:\/\/agora.xtec.cat\/ceipsorianomontagut\/wp-content\/uploads\/usu1929\/2025\/11\/Post-de-Instagram-Fiesta-Collage-Colorida-240x300.png 240w\" sizes=\"auto, (max-width: 512px) 100vw, 512px\" \/><\/p>\n","protected":false},"excerpt":{"rendered":"<p>L\u2019equip motor del centre hem comen\u00e7at la formaci\u00f3 vinculada al Pla d\u2019Educaci\u00f3 Digital i a la nova dotaci\u00f3 maker que arribar\u00e0 properament \ud83d\udd27\ud83d\udcbb. En aquesta primera sessi\u00f3 hem pogut con\u00e8ixer de prop alguns dels materials, i especialment hem treballat amb la talladora l\u00e0ser, descobrint les seves possibilitats creatives i pedag\u00f2giques \ud83d\udd25\ud83e\udeb5\u2728. Tamb\u00e9 hem aprofundit en [&hellip;]<\/p>\n","protected":false},"author":1,"featured_media":0,"comment_status":"open","ping_status":"open","sticky":false,"template":"","format":"standard","meta":{"_bbp_topic_count":0,"_bbp_reply_count":0,"_bbp_total_topic_count":0,"_bbp_total_reply_count":0,"_bbp_voice_count":0,"_bbp_anonymous_reply_count":0,"_bbp_topic_count_hidden":0,"_bbp_reply_count_hidden":0,"_bbp_forum_subforum_count":0,"site-sidebar-layout":"default","site-content-layout":"","ast-site-content-layout":"","site-content-style":"default","site-sidebar-style":"default","ast-global-header-display":"","ast-banner-title-visibility":"","ast-main-header-display":"","ast-hfb-above-header-display":"","ast-hfb-below-header-display":"","ast-hfb-mobile-header-display":"","site-post-title":"","ast-breadcrumbs-content":"","ast-featured-img":"","footer-sml-layout":"","theme-transparent-header-meta":"","adv-header-id-meta":"","stick-header-meta":"","header-above-stick-meta":"","header-main-stick-meta":"","header-below-stick-meta":"","astra-migrate-meta-layouts":"default","ast-page-background-enabled":"default","ast-page-background-meta":{"desktop":{"background-color":"var(--ast-global-color-4)","background-image":"","background-repeat":"repeat","background-position":"center center","background-size":"auto","background-attachment":"scroll","background-type":"","background-media":"","overlay-type":"","overlay-color":"","overlay-opacity":"","overlay-gradient":""},"tablet":{"background-color":"","background-image":"","background-repeat":"repeat","background-position":"center center","background-size":"auto","background-attachment":"scroll","background-type":"","background-media":"","overlay-type":"","overlay-color":"","overlay-opacity":"","overlay-gradient":""},"mobile":{"background-color":"","background-image":"","background-repeat":"repeat","background-position":"center center","background-size":"auto","background-attachment":"scroll","background-type":"","background-media":"","overlay-type":"","overlay-color":"","overlay-opacity":"","overlay-gradient":""}},"ast-content-background-meta":{"desktop":{"background-color":"var(--ast-global-color-5)","background-image":"","background-repeat":"repeat","background-position":"center center","background-size":"auto","background-attachment":"scroll","background-type":"","background-media":"","overlay-type":"","overlay-color":"","overlay-opacity":"","overlay-gradient":""},"tablet":{"background-color":"var(--ast-global-color-5)","background-image":"","background-repeat":"repeat","background-position":"center center","background-size":"auto","background-attachment":"scroll","background-type":"","background-media":"","overlay-type":"","overlay-color":"","overlay-opacity":"","overlay-gradient":""},"mobile":{"background-color":"var(--ast-global-color-5)","background-image":"","background-repeat":"repeat","background-position":"center center","background-size":"auto","background-attachment":"scroll","background-type":"","background-media":"","overlay-type":"","overlay-color":"","overlay-opacity":"","overlay-gradient":""}},"footnotes":""},"categories":[1,4],"tags":[],"class_list":["post-9075","post","type-post","status-publish","format-standard","hentry","category-general","category-portada"],"post_mailing_queue_ids":[],"_links":{"self":[{"href":"https:\/\/agora.xtec.cat\/ceipsorianomontagut\/wp-json\/wp\/v2\/posts\/9075","targetHints":{"allow":["GET"]}}],"collection":[{"href":"https:\/\/agora.xtec.cat\/ceipsorianomontagut\/wp-json\/wp\/v2\/posts"}],"about":[{"href":"https:\/\/agora.xtec.cat\/ceipsorianomontagut\/wp-json\/wp\/v2\/types\/post"}],"author":[{"embeddable":true,"href":"https:\/\/agora.xtec.cat\/ceipsorianomontagut\/wp-json\/wp\/v2\/users\/1"}],"replies":[{"embeddable":true,"href":"https:\/\/agora.xtec.cat\/ceipsorianomontagut\/wp-json\/wp\/v2\/comments?post=9075"}],"version-history":[{"count":3,"href":"https:\/\/agora.xtec.cat\/ceipsorianomontagut\/wp-json\/wp\/v2\/posts\/9075\/revisions"}],"predecessor-version":[{"id":9079,"href":"https:\/\/agora.xtec.cat\/ceipsorianomontagut\/wp-json\/wp\/v2\/posts\/9075\/revisions\/9079"}],"wp:attachment":[{"href":"https:\/\/agora.xtec.cat\/ceipsorianomontagut\/wp-json\/wp\/v2\/media?parent=9075"}],"wp:term":[{"taxonomy":"category","embeddable":true,"href":"https:\/\/agora.xtec.cat\/ceipsorianomontagut\/wp-json\/wp\/v2\/categories?post=9075"},{"taxonomy":"post_tag","embeddable":true,"href":"https:\/\/agora.xtec.cat\/ceipsorianomontagut\/wp-json\/wp\/v2\/tags?post=9075"}],"curies":[{"name":"wp","href":"https:\/\/api.w.org\/{rel}","templated":true}]}}