{"id":9025,"date":"2026-01-30T09:17:21","date_gmt":"2026-01-30T08:17:21","guid":{"rendered":"https:\/\/agora.xtec.cat\/ceipsorianomontagut\/?p=9025"},"modified":"2026-01-30T09:21:04","modified_gmt":"2026-01-30T08:21:04","slug":"%f0%9f%8e%99%ef%b8%8fla-veu-de-lescola","status":"publish","type":"post","link":"https:\/\/agora.xtec.cat\/ceipsorianomontagut\/general\/%f0%9f%8e%99%ef%b8%8fla-veu-de-lescola\/","title":{"rendered":"\ud83c\udf99\ufe0fLA VEU DE L&#8217;ESCOLA"},"content":{"rendered":"<p><img loading=\"lazy\" decoding=\"async\" class=\"aligncenter wp-image-9026\" src=\"https:\/\/agora.xtec.cat\/ceipsorianomontagut\/wp-content\/uploads\/usu1929\/2025\/09\/Purple-Green-and-Orange-Dynamic-Business-Podcast-Cover-scaled.jpg\" alt=\"\" width=\"649\" height=\"649\" srcset=\"https:\/\/agora.xtec.cat\/ceipsorianomontagut\/wp-content\/uploads\/usu1929\/2025\/09\/Purple-Green-and-Orange-Dynamic-Business-Podcast-Cover-scaled.jpg 2560w, https:\/\/agora.xtec.cat\/ceipsorianomontagut\/wp-content\/uploads\/usu1929\/2025\/09\/Purple-Green-and-Orange-Dynamic-Business-Podcast-Cover-300x300.jpg 300w, https:\/\/agora.xtec.cat\/ceipsorianomontagut\/wp-content\/uploads\/usu1929\/2025\/09\/Purple-Green-and-Orange-Dynamic-Business-Podcast-Cover-1024x1024.jpg 1024w, https:\/\/agora.xtec.cat\/ceipsorianomontagut\/wp-content\/uploads\/usu1929\/2025\/09\/Purple-Green-and-Orange-Dynamic-Business-Podcast-Cover-150x150.jpg 150w, https:\/\/agora.xtec.cat\/ceipsorianomontagut\/wp-content\/uploads\/usu1929\/2025\/09\/Purple-Green-and-Orange-Dynamic-Business-Podcast-Cover-768x768.jpg 768w, https:\/\/agora.xtec.cat\/ceipsorianomontagut\/wp-content\/uploads\/usu1929\/2025\/09\/Purple-Green-and-Orange-Dynamic-Business-Podcast-Cover-1536x1536.jpg 1536w, https:\/\/agora.xtec.cat\/ceipsorianomontagut\/wp-content\/uploads\/usu1929\/2025\/09\/Purple-Green-and-Orange-Dynamic-Business-Podcast-Cover-2048x2048.jpg 2048w\" sizes=\"auto, (max-width: 649px) 100vw, 649px\" \/><\/p>\n<p style=\"text-align: center;\">\ud83d\udce2Atenci\u00f3, atenci\u00f3! Les not\u00edcies m\u00e9s fresques i sorprenents de l\u2019escola ja tenen veu pr\u00f2pia!<\/p>\n<p style=\"text-align: center;\">Cada mes, els alumnes de 3r i 4t agafen el micr\u00f2fon, escriuen i graven les seves pr\u00f2pies not\u00edcies sobre tot all\u00f2 que passa al nostre dia a dia: activitats divertides, moments inesperats i curiositats que no et voldr\u00e0s perdre.<\/p>\n<p style=\"text-align: center;\">Aquest \u00e9s el teu espai per escoltar, riure i descobrir com veu el m\u00f3n la nostra comunitat escolar.<\/p>\n<p style=\"text-align: center;\">I cada mes\u2026 <strong>nous reportatges fets per ells mateixos!\ud83c\udfac<\/strong><\/p>\n<p>&nbsp;<\/p>\n<p style=\"text-align: left;\"><span style=\"color: #333333;\"><strong>\ud83c\udfa7 Programa 1 \u2013 Una tarda plena de ci\u00e8ncia i descobriments: La Nit de la Recerca!<\/strong><\/span><\/p>\n<p style=\"text-align: left;\" data-start=\"150\" data-end=\"491\">En aquest primer programa us volem parlar d\u2019una tarda molt emocionant: <strong data-start=\"224\" data-end=\"249\">la Nit de la Recerca!<\/strong> \ud83d\udd2c\u2728 Vam omplir l\u2019escola de <strong data-start=\"279\" data-end=\"290\">ci\u00e8ncia<\/strong>, <strong data-start=\"292\" data-end=\"306\" data-is-only-node=\"\">curiositat<\/strong> i <strong data-start=\"309\" data-end=\"329\">ganes d\u2019aprendre<\/strong> \ud83d\udca1\ud83e\udd13<\/p>\n<p style=\"text-align: left;\" data-start=\"150\" data-end=\"491\">Prepareu-vos per descobrir com ens vam convertir en <strong data-start=\"389\" data-end=\"425\">petits cient\u00edfics i cient\u00edfiques<\/strong> \ud83e\uddea\ud83d\udc69\u200d\ud83d\udd2c\ud83d\udc68\u200d\ud83d\udd2c<\/p>\n<p style=\"text-align: left;\" data-start=\"150\" data-end=\"491\">Som-hi! \ud83d\ude80 <strong data-start=\"452\" data-end=\"485\">Comen\u00e7a <em data-start=\"462\" data-end=\"482\">La veu de l\u2019escola<\/em>!<\/strong> \ud83c\udf99\ufe0f<\/p>\n<!--[if lt IE 9]><script>document.createElement('audio');<\/script><![endif]-->\n<audio class=\"wp-audio-shortcode\" id=\"audio-9025-1\" preload=\"none\" style=\"width: 100%;\" controls=\"controls\"><source type=\"audio\/mpeg\" src=\"https:\/\/agora.xtec.cat\/ceipsorianomontagut\/wp-content\/uploads\/usu1929\/2025\/09\/La-nit-de-la-recerca-1.mp3?_=1\" \/><a href=\"https:\/\/agora.xtec.cat\/ceipsorianomontagut\/wp-content\/uploads\/usu1929\/2025\/09\/La-nit-de-la-recerca-1.mp3\">https:\/\/agora.xtec.cat\/ceipsorianomontagut\/wp-content\/uploads\/usu1929\/2025\/09\/La-nit-de-la-recerca-1.mp3<\/a><\/audio>\n<p data-start=\"130\" data-end=\"216\">\ud83c\udfa7 <strong data-start=\"133\" data-end=\"216\">Programa 2 \u2013 Creativitat, esfor\u00e7 i solidaritat: el nostre mercat per La Marat\u00f3!<\/strong><\/p>\n<p data-start=\"218\" data-end=\"514\">En aquest segon programa us expliquem una tarda molt especial: el <strong>mercat solidari de sis\u00e8!<\/strong> \ud83d\udc99\u2728<br data-start=\"312\" data-end=\"315\" \/>Hem omplert l\u2019escola de creativitat, treball en equip i ganes d\u2019ajudar. Els alumnes han creat productes artesanals per recaptar diners per La <strong>Marat\u00f3 de TV3,<\/strong> dedicada a la<strong> investigaci\u00f3 del c\u00e0ncer.<\/strong> \ud83c\udf97\ufe0f<\/p>\n<p data-start=\"516\" data-end=\"625\">Prepareu-vos per descobrir com sis\u00e8 s\u2019ha convertit en un aut\u00e8ntic equip d\u2019emprenedors i emprenedores! \ud83d\udcbc\ud83e\uddd1\u200d\ud83c\udfa8<\/p>\n<audio class=\"wp-audio-shortcode\" id=\"audio-9025-2\" preload=\"none\" style=\"width: 100%;\" controls=\"controls\"><source type=\"audio\/mpeg\" src=\"https:\/\/agora.xtec.cat\/ceipsorianomontagut\/wp-content\/uploads\/usu1929\/2025\/09\/Marato-TV3.mp3?_=2\" \/><a href=\"https:\/\/agora.xtec.cat\/ceipsorianomontagut\/wp-content\/uploads\/usu1929\/2025\/09\/Marato-TV3.mp3\">https:\/\/agora.xtec.cat\/ceipsorianomontagut\/wp-content\/uploads\/usu1929\/2025\/09\/Marato-TV3.mp3<\/a><\/audio>\n<p>&nbsp;<\/p>\n<p>\ud83c\udfa7\u2728 <strong>Programa 3 \u2013 Avui, 30 de gener: celebrem el Dia de la Pau a l\u2019escola!<\/strong> \ud83d\udd4a\ufe0f\ud83c\udf0d<\/p>\n<p>Avui, 30 de gener, Dia Escolar de la No-viol\u00e8ncia i la Pau, al nostre programa parlem de qu\u00e8 \u00e9s la pau i de com la treballem cada dia a l\u2019escola. Reflexionem sobre la import\u00e0ncia del respecte, l\u2019amistat i la bona conviv\u00e8ncia, i repassem totes les activitats que hem fet per celebrar aquesta jornada tan especial. \ud83d\udc9b\ud83e\udd1d<\/p>\n<p>Prepareu-vos per un programa ple de valors, bones idees i moments que ens recorden que construir la pau comen\u00e7a amb petits gestos\u2026 cada dia! \ud83c\udf99\ufe0f\u2728<\/p>\n<audio class=\"wp-audio-shortcode\" id=\"audio-9025-3\" preload=\"none\" style=\"width: 100%;\" controls=\"controls\"><source type=\"audio\/mpeg\" src=\"https:\/\/agora.xtec.cat\/ceipsorianomontagut\/wp-content\/uploads\/usu1929\/2025\/09\/Dia-de-la-PAU.mp3?_=3\" \/><a href=\"https:\/\/agora.xtec.cat\/ceipsorianomontagut\/wp-content\/uploads\/usu1929\/2025\/09\/Dia-de-la-PAU.mp3\">https:\/\/agora.xtec.cat\/ceipsorianomontagut\/wp-content\/uploads\/usu1929\/2025\/09\/Dia-de-la-PAU.mp3<\/a><\/audio>\n<p>&nbsp;<\/p>\n<p>&nbsp;<\/p>\n<p>&nbsp;<\/p>\n<p>&nbsp;<\/p>\n<p>&nbsp;<\/p>\n<p>&nbsp;<\/p>\n<p>&nbsp;<\/p>\n<p>&nbsp;<\/p>\n<p>&nbsp;<\/p>\n<p>&nbsp;<\/p>\n<p>&nbsp;<\/p>\n<p>&nbsp;<\/p>\n<p>&nbsp;<\/p>\n<p>&nbsp;<\/p>\n<p>&nbsp;<\/p>\n<p>&nbsp;<\/p>\n<p>&nbsp;<\/p>\n<p>&nbsp;<\/p>\n<p>&nbsp;<\/p>\n<p>&nbsp;<\/p>\n<p>&nbsp;<\/p>\n<p>&nbsp;<\/p>\n<p>&nbsp;<\/p>\n<p>&nbsp;<\/p>\n<p>&nbsp;<\/p>\n<p>&nbsp;<\/p>\n<p>&nbsp;<\/p>\n<p>&nbsp;<\/p>\n<p>&nbsp;<\/p>\n<p>&nbsp;<\/p>\n<p>&nbsp;<\/p>\n<p>&nbsp;<\/p>\n<p>&nbsp;<\/p>\n<p>&nbsp;<\/p>\n<p>&nbsp;<\/p>\n<p>&nbsp;<\/p>\n<p>&nbsp;<\/p>\n<p>&nbsp;<\/p>\n<p>&nbsp;<\/p>\n<p>&nbsp;<\/p>\n<p>&nbsp;<\/p>\n<p>&nbsp;<\/p>\n<p>&nbsp;<\/p>\n<p>&nbsp;<\/p>\n<p>&nbsp;<\/p>\n<p>&nbsp;<\/p>\n","protected":false},"excerpt":{"rendered":"<p>\ud83d\udce2Atenci\u00f3, atenci\u00f3! Les not\u00edcies m\u00e9s fresques i sorprenents de l\u2019escola ja tenen veu pr\u00f2pia! Cada mes, els alumnes de 3r i 4t agafen el micr\u00f2fon, escriuen i graven les seves pr\u00f2pies not\u00edcies sobre tot all\u00f2 que passa al nostre dia a dia: activitats divertides, moments inesperats i curiositats que no et voldr\u00e0s perdre. Aquest \u00e9s [&hellip;]<\/p>\n","protected":false},"author":1,"featured_media":0,"comment_status":"open","ping_status":"open","sticky":false,"template":"","format":"standard","meta":{"_bbp_topic_count":0,"_bbp_reply_count":0,"_bbp_total_topic_count":0,"_bbp_total_reply_count":0,"_bbp_voice_count":0,"_bbp_anonymous_reply_count":0,"_bbp_topic_count_hidden":0,"_bbp_reply_count_hidden":0,"_bbp_forum_subforum_count":0,"site-sidebar-layout":"default","site-content-layout":"","ast-site-content-layout":"default","site-content-style":"default","site-sidebar-style":"default","ast-global-header-display":"","ast-banner-title-visibility":"","ast-main-header-display":"","ast-hfb-above-header-display":"","ast-hfb-below-header-display":"","ast-hfb-mobile-header-display":"","site-post-title":"","ast-breadcrumbs-content":"","ast-featured-img":"","footer-sml-layout":"","theme-transparent-header-meta":"default","adv-header-id-meta":"","stick-header-meta":"","header-above-stick-meta":"","header-main-stick-meta":"","header-below-stick-meta":"","astra-migrate-meta-layouts":"set","ast-page-background-enabled":"default","ast-page-background-meta":{"desktop":{"background-color":"var(--ast-global-color-4)","background-image":"","background-repeat":"repeat","background-position":"center center","background-size":"auto","background-attachment":"scroll","background-type":"","background-media":"","overlay-type":"","overlay-color":"","overlay-opacity":"","overlay-gradient":""},"tablet":{"background-color":"","background-image":"","background-repeat":"repeat","background-position":"center center","background-size":"auto","background-attachment":"scroll","background-type":"","background-media":"","overlay-type":"","overlay-color":"","overlay-opacity":"","overlay-gradient":""},"mobile":{"background-color":"","background-image":"","background-repeat":"repeat","background-position":"center center","background-size":"auto","background-attachment":"scroll","background-type":"","background-media":"","overlay-type":"","overlay-color":"","overlay-opacity":"","overlay-gradient":""}},"ast-content-background-meta":{"desktop":{"background-color":"var(--ast-global-color-5)","background-image":"","background-repeat":"repeat","background-position":"center center","background-size":"auto","background-attachment":"scroll","background-type":"","background-media":"","overlay-type":"","overlay-color":"","overlay-opacity":"","overlay-gradient":""},"tablet":{"background-color":"var(--ast-global-color-5)","background-image":"","background-repeat":"repeat","background-position":"center center","background-size":"auto","background-attachment":"scroll","background-type":"","background-media":"","overlay-type":"","overlay-color":"","overlay-opacity":"","overlay-gradient":""},"mobile":{"background-color":"var(--ast-global-color-5)","background-image":"","background-repeat":"repeat","background-position":"center center","background-size":"auto","background-attachment":"scroll","background-type":"","background-media":"","overlay-type":"","overlay-color":"","overlay-opacity":"","overlay-gradient":""}},"footnotes":""},"categories":[12,13,14,103,15,70,144,145,1,4,5],"tags":[],"class_list":["post-9025","post","type-post","status-publish","format-standard","hentry","category-3r","category-4t","category-5e","category-103","category-6e","category-cicle-mitja","category-comunitat-dels-grans","category-comunitats-mitjans","category-general","category-portada","category-primaria"],"post_mailing_queue_ids":[],"_links":{"self":[{"href":"https:\/\/agora.xtec.cat\/ceipsorianomontagut\/wp-json\/wp\/v2\/posts\/9025","targetHints":{"allow":["GET"]}}],"collection":[{"href":"https:\/\/agora.xtec.cat\/ceipsorianomontagut\/wp-json\/wp\/v2\/posts"}],"about":[{"href":"https:\/\/agora.xtec.cat\/ceipsorianomontagut\/wp-json\/wp\/v2\/types\/post"}],"author":[{"embeddable":true,"href":"https:\/\/agora.xtec.cat\/ceipsorianomontagut\/wp-json\/wp\/v2\/users\/1"}],"replies":[{"embeddable":true,"href":"https:\/\/agora.xtec.cat\/ceipsorianomontagut\/wp-json\/wp\/v2\/comments?post=9025"}],"version-history":[{"count":7,"href":"https:\/\/agora.xtec.cat\/ceipsorianomontagut\/wp-json\/wp\/v2\/posts\/9025\/revisions"}],"predecessor-version":[{"id":9138,"href":"https:\/\/agora.xtec.cat\/ceipsorianomontagut\/wp-json\/wp\/v2\/posts\/9025\/revisions\/9138"}],"wp:attachment":[{"href":"https:\/\/agora.xtec.cat\/ceipsorianomontagut\/wp-json\/wp\/v2\/media?parent=9025"}],"wp:term":[{"taxonomy":"category","embeddable":true,"href":"https:\/\/agora.xtec.cat\/ceipsorianomontagut\/wp-json\/wp\/v2\/categories?post=9025"},{"taxonomy":"post_tag","embeddable":true,"href":"https:\/\/agora.xtec.cat\/ceipsorianomontagut\/wp-json\/wp\/v2\/tags?post=9025"}],"curies":[{"name":"wp","href":"https:\/\/api.w.org\/{rel}","templated":true}]}}