{"id":8960,"date":"2025-06-13T18:29:21","date_gmt":"2025-06-13T16:29:21","guid":{"rendered":"https:\/\/agora.xtec.cat\/ceipsorianomontagut\/?p=8960"},"modified":"2025-06-13T18:29:21","modified_gmt":"2025-06-13T16:29:21","slug":"barcelona-a-la-carta-descobrim-barcelona","status":"publish","type":"post","link":"https:\/\/agora.xtec.cat\/ceipsorianomontagut\/general\/barcelona-a-la-carta-descobrim-barcelona\/","title":{"rendered":"Barcelona a la Carta: Descobrim Barcelona!"},"content":{"rendered":"<div dir=\"auto\">Aquest curs, durant el segon i tercer trimestre, l\u2019alumnat de 6\u00e8 ha viscut una experi\u00e8ncia educativa molt especial: &#8220;Barcelona a la Carta&#8221;, una situaci\u00f3 d\u2019aprenentatge treballada a trav\u00e9s de les caixes d\u2019aprenentatge.<\/div>\n<div dir=\"auto\"><\/div>\n<div dir=\"auto\">A partir d\u2019una mirada activa, cr\u00edtica i creativa, l&#8217;alumnat s\u2019ha endinsat en el coneixement de la ciutat de Barcelona: els seus barris, la seva hist\u00f2ria, els seus espais emblem\u00e0tics i la seva riquesa cultural i patrimonial.<\/div>\n<div dir=\"auto\"><\/div>\n<div dir=\"auto\">Per dur a terme aquest projecte, l\u2019alumnat s\u2019ha organitzat en grups d\u2019experts, i cada grup ha aprofundit en un \u00e0mbit concret de la ciutat. El proc\u00e9s ha comen\u00e7at per la descoberta dels districtes i barris de Barcelona, que ha servit com a punt de partida per situar-se geogr\u00e0ficament i con\u00e8ixer espais emblem\u00e0tics de la ciutat.<\/div>\n<div dir=\"auto\"><\/div>\n<div dir=\"auto\">A partir d\u2019aqu\u00ed, cada grup ha fet un treball de recerca centrat en temes diversos com:<\/div>\n<div dir=\"auto\"><\/div>\n<div dir=\"auto\">&#8211; El Parlament de Catalunya<\/div>\n<div dir=\"auto\">&#8211; Una mirada general a la ciutat de Barcelona<\/div>\n<div dir=\"auto\">&#8211; Educaci\u00f3, cultura i esport<\/div>\n<div dir=\"auto\">&#8211; El Parc G\u00fcell<\/div>\n<div dir=\"auto\">&#8211; El Parc de la Ciutadella<\/div>\n<div dir=\"auto\">&#8211; El patrimoni de la humanitat<\/div>\n<div dir=\"auto\"><\/div>\n<div dir=\"auto\">Amb tota la informaci\u00f3 recollida, els i les alumnes han esdevingut reporters i reporteres, preparant guions i posant-se davant la c\u00e0mera per explicar el seu tema amb claredat i entusiasme. Han utilitzat la t\u00e8cnica del croma per gravar els v\u00eddeos, i han fet l\u2019edici\u00f3 amb l\u2019eina Canva, desenvolupant aix\u00ed compet\u00e8ncies digitals, comunicatives i art\u00edstiques.<\/div>\n<div dir=\"auto\"><\/div>\n<div dir=\"auto\">El resultat d\u2019aquesta experi\u00e8ncia \u00e9s un recull de v\u00eddeos plens de contingut, esfor\u00e7, creativitat i ganes de compartir el que han apr\u00e8s. Estem molt orgullosos del seu treball, i us convidem a veure els v\u00eddeos que han creat amb tanta il\u00b7lusi\u00f3.<\/div>\n<div dir=\"auto\"><\/div>\n<div dir=\"auto\"><img decoding=\"async\" class=\"an1\" draggable=\"false\" src=\"https:\/\/fonts.gstatic.com\/s\/e\/notoemoji\/16.0\/1f3a5\/72.png\" alt=\"\ud83c\udfa5\" data-emoji=\"\ud83c\udfa5\" aria-label=\"\ud83c\udfa5\" \/>\u00a0A continuaci\u00f3 us deixem els v\u00eddeos. No us els perdeu!<\/div>\n<div dir=\"auto\"><\/div>\n<div dir=\"auto\"><img decoding=\"async\" class=\"an1\" draggable=\"false\" src=\"https:\/\/fonts.gstatic.com\/s\/e\/notoemoji\/16.0\/1f449\/72.png\" alt=\"\ud83d\udc49\" data-emoji=\"\ud83d\udc49\" aria-label=\"\ud83d\udc49\" \/>Barcelona: <a href=\"https:\/\/youtu.be\/7nCeTW11nMI\">https:\/\/youtu.be\/7nCeTW11nMI<\/a><\/p>\n<p>Ciutadella: <a href=\"https:\/\/youtu.be\/sQp31hx0xow\">https:\/\/youtu.be\/sQp31hx0xow<\/a><\/p>\n<p>Esports, Educaci\u00f3 i Arquitectura: <a href=\"https:\/\/youtu.be\/wz3cxppVGHw\">https:\/\/youtu.be\/wz3cxppVGHw<\/a><\/p>\n<p>Parc G\u00fcell: <a href=\"https:\/\/youtu.be\/zVy_dzZPbb4\">https:\/\/youtu.be\/zVy_dzZPbb4<\/a><\/p>\n<p>Parlament: <a href=\"https:\/\/youtu.be\/n3OQuYlMYSU\">https:\/\/youtu.be\/n3OQuYlMYSU<\/a><\/p>\n<p>Patrimoni: <a href=\"https:\/\/youtu.be\/gXTbnPaaEUw\">https:\/\/youtu.be\/gXTbnPaaEUw<\/a><\/p>\n<p>Barcelona a la Carta: <a href=\"https:\/\/youtu.be\/j0xB3D_pVDk\">https:\/\/youtu.be\/j0xB3D_pVDk<\/a><\/p>\n<\/div>\n","protected":false},"excerpt":{"rendered":"<p>Aquest curs, durant el segon i tercer trimestre, l\u2019alumnat de 6\u00e8 ha viscut una experi\u00e8ncia educativa molt especial: &#8220;Barcelona a la Carta&#8221;, una situaci\u00f3 d\u2019aprenentatge treballada a trav\u00e9s de les caixes d\u2019aprenentatge. A partir d\u2019una mirada activa, cr\u00edtica i creativa, l&#8217;alumnat s\u2019ha endinsat en el coneixement de la ciutat de Barcelona: els seus barris, la [&hellip;]<\/p>\n","protected":false},"author":1,"featured_media":8962,"comment_status":"open","ping_status":"open","sticky":false,"template":"","format":"standard","meta":{"_bbp_topic_count":0,"_bbp_reply_count":0,"_bbp_total_topic_count":0,"_bbp_total_reply_count":0,"_bbp_voice_count":0,"_bbp_anonymous_reply_count":0,"_bbp_topic_count_hidden":0,"_bbp_reply_count_hidden":0,"_bbp_forum_subforum_count":0,"site-sidebar-layout":"default","site-content-layout":"","ast-site-content-layout":"","site-content-style":"default","site-sidebar-style":"default","ast-global-header-display":"","ast-banner-title-visibility":"","ast-main-header-display":"","ast-hfb-above-header-display":"","ast-hfb-below-header-display":"","ast-hfb-mobile-header-display":"","site-post-title":"","ast-breadcrumbs-content":"","ast-featured-img":"","footer-sml-layout":"","theme-transparent-header-meta":"","adv-header-id-meta":"","stick-header-meta":"","header-above-stick-meta":"","header-main-stick-meta":"","header-below-stick-meta":"","astra-migrate-meta-layouts":"default","ast-page-background-enabled":"default","ast-page-background-meta":{"desktop":{"background-color":"var(--ast-global-color-4)","background-image":"","background-repeat":"repeat","background-position":"center center","background-size":"auto","background-attachment":"scroll","background-type":"","background-media":"","overlay-type":"","overlay-color":"","overlay-opacity":"","overlay-gradient":""},"tablet":{"background-color":"","background-image":"","background-repeat":"repeat","background-position":"center center","background-size":"auto","background-attachment":"scroll","background-type":"","background-media":"","overlay-type":"","overlay-color":"","overlay-opacity":"","overlay-gradient":""},"mobile":{"background-color":"","background-image":"","background-repeat":"repeat","background-position":"center center","background-size":"auto","background-attachment":"scroll","background-type":"","background-media":"","overlay-type":"","overlay-color":"","overlay-opacity":"","overlay-gradient":""}},"ast-content-background-meta":{"desktop":{"background-color":"var(--ast-global-color-5)","background-image":"","background-repeat":"repeat","background-position":"center center","background-size":"auto","background-attachment":"scroll","background-type":"","background-media":"","overlay-type":"","overlay-color":"","overlay-opacity":"","overlay-gradient":""},"tablet":{"background-color":"var(--ast-global-color-5)","background-image":"","background-repeat":"repeat","background-position":"center center","background-size":"auto","background-attachment":"scroll","background-type":"","background-media":"","overlay-type":"","overlay-color":"","overlay-opacity":"","overlay-gradient":""},"mobile":{"background-color":"var(--ast-global-color-5)","background-image":"","background-repeat":"repeat","background-position":"center center","background-size":"auto","background-attachment":"scroll","background-type":"","background-media":"","overlay-type":"","overlay-color":"","overlay-opacity":"","overlay-gradient":""}},"footnotes":""},"categories":[15,71,144,1,4,5],"tags":[],"class_list":["post-8960","post","type-post","status-publish","format-standard","has-post-thumbnail","hentry","category-6e","category-cicle-superior","category-comunitat-dels-grans","category-general","category-portada","category-primaria"],"post_mailing_queue_ids":[],"_links":{"self":[{"href":"https:\/\/agora.xtec.cat\/ceipsorianomontagut\/wp-json\/wp\/v2\/posts\/8960","targetHints":{"allow":["GET"]}}],"collection":[{"href":"https:\/\/agora.xtec.cat\/ceipsorianomontagut\/wp-json\/wp\/v2\/posts"}],"about":[{"href":"https:\/\/agora.xtec.cat\/ceipsorianomontagut\/wp-json\/wp\/v2\/types\/post"}],"author":[{"embeddable":true,"href":"https:\/\/agora.xtec.cat\/ceipsorianomontagut\/wp-json\/wp\/v2\/users\/1"}],"replies":[{"embeddable":true,"href":"https:\/\/agora.xtec.cat\/ceipsorianomontagut\/wp-json\/wp\/v2\/comments?post=8960"}],"version-history":[{"count":1,"href":"https:\/\/agora.xtec.cat\/ceipsorianomontagut\/wp-json\/wp\/v2\/posts\/8960\/revisions"}],"predecessor-version":[{"id":8961,"href":"https:\/\/agora.xtec.cat\/ceipsorianomontagut\/wp-json\/wp\/v2\/posts\/8960\/revisions\/8961"}],"wp:featuredmedia":[{"embeddable":true,"href":"https:\/\/agora.xtec.cat\/ceipsorianomontagut\/wp-json\/wp\/v2\/media\/8962"}],"wp:attachment":[{"href":"https:\/\/agora.xtec.cat\/ceipsorianomontagut\/wp-json\/wp\/v2\/media?parent=8960"}],"wp:term":[{"taxonomy":"category","embeddable":true,"href":"https:\/\/agora.xtec.cat\/ceipsorianomontagut\/wp-json\/wp\/v2\/categories?post=8960"},{"taxonomy":"post_tag","embeddable":true,"href":"https:\/\/agora.xtec.cat\/ceipsorianomontagut\/wp-json\/wp\/v2\/tags?post=8960"}],"curies":[{"name":"wp","href":"https:\/\/api.w.org\/{rel}","templated":true}]}}