{"id":8916,"date":"2025-05-14T18:00:46","date_gmt":"2025-05-14T16:00:46","guid":{"rendered":"https:\/\/agora.xtec.cat\/ceipsorianomontagut\/?p=8916"},"modified":"2025-05-14T18:03:10","modified_gmt":"2025-05-14T16:03:10","slug":"visites-formatives-a-escoles-del-territori-%f0%9f%9a%8c%f0%9f%93%9a","status":"publish","type":"post","link":"https:\/\/agora.xtec.cat\/ceipsorianomontagut\/general\/visites-formatives-a-escoles-del-territori-%f0%9f%9a%8c%f0%9f%93%9a\/","title":{"rendered":"Visites formatives a escoles del territori \ud83d\ude8c\ud83d\udcda"},"content":{"rendered":"<p><img loading=\"lazy\" decoding=\"async\" class=\"aligncenter size-medium wp-image-8917\" src=\"https:\/\/agora.xtec.cat\/ceipsorianomontagut\/wp-content\/uploads\/usu1929\/2025\/05\/f38fb84f-c3d0-46c8-b2ca-9df96311d079-300x225.jpeg\" alt=\"\" width=\"300\" height=\"225\" srcset=\"https:\/\/agora.xtec.cat\/ceipsorianomontagut\/wp-content\/uploads\/usu1929\/2025\/05\/f38fb84f-c3d0-46c8-b2ca-9df96311d079-300x225.jpeg 300w, https:\/\/agora.xtec.cat\/ceipsorianomontagut\/wp-content\/uploads\/usu1929\/2025\/05\/f38fb84f-c3d0-46c8-b2ca-9df96311d079-200x150.jpeg 200w, https:\/\/agora.xtec.cat\/ceipsorianomontagut\/wp-content\/uploads\/usu1929\/2025\/05\/f38fb84f-c3d0-46c8-b2ca-9df96311d079.jpeg 640w\" sizes=\"auto, (max-width: 300px) 100vw, 300px\" \/> <img loading=\"lazy\" decoding=\"async\" class=\"aligncenter\" src=\"https:\/\/agora.xtec.cat\/ceipsorianomontagut\/wp-content\/uploads\/usu1929\/2025\/05\/1c78c694-f1d5-4800-8049-26a70489c34e-300x135.jpeg\" alt=\"\" width=\"300\" height=\"135\" \/><\/p>\n<p>A la nostra escola estem compromesos amb la millora cont\u00ednua, per aix\u00f2 aquests dies hem visitat diferents centres educatius per con\u00e8ixer noves maneres de fer i enriquir la nostra pr\u00e0ctica docent.<\/p>\n<p>Hem tingut l&#8217;oportunitat d&#8217;aprendre i compartir experi\u00e8ncies amb les escoles:<\/p>\n<ul>\n<li>Garcia Cabanes (L\u2019Aldea)<\/li>\n<li>La Merc\u00e8 (Tortosa)<\/li>\n<li>Ferreries (Tortosa)<\/li>\n<li>Daniel Mangran\u00e9 (Jes\u00fas)<\/li>\n<li>Jaume Balmes (Santa B\u00e0rbara)<\/li>\n<\/ul>\n<p>Moltes gr\u00e0cies per la vostra acollida i per obrir-nos les portes! Seguim creixent junts \ud83d\udca1\ud83e\udd1d<\/p>\n","protected":false},"excerpt":{"rendered":"<p>A la nostra escola estem compromesos amb la millora cont\u00ednua, per aix\u00f2 aquests dies hem visitat diferents centres educatius per con\u00e8ixer noves maneres de fer i enriquir la nostra pr\u00e0ctica docent. Hem tingut l&#8217;oportunitat d&#8217;aprendre i compartir experi\u00e8ncies amb les escoles: Garcia Cabanes (L\u2019Aldea) La Merc\u00e8 (Tortosa) Ferreries (Tortosa) Daniel Mangran\u00e9 (Jes\u00fas) Jaume Balmes (Santa [&hellip;]<\/p>\n","protected":false},"author":1,"featured_media":0,"comment_status":"open","ping_status":"closed","sticky":false,"template":"","format":"standard","meta":{"_bbp_topic_count":0,"_bbp_reply_count":0,"_bbp_total_topic_count":0,"_bbp_total_reply_count":0,"_bbp_voice_count":0,"_bbp_anonymous_reply_count":0,"_bbp_topic_count_hidden":0,"_bbp_reply_count_hidden":0,"_bbp_forum_subforum_count":0,"site-sidebar-layout":"default","site-content-layout":"","ast-site-content-layout":"","site-content-style":"default","site-sidebar-style":"default","ast-global-header-display":"","ast-banner-title-visibility":"","ast-main-header-display":"","ast-hfb-above-header-display":"","ast-hfb-below-header-display":"","ast-hfb-mobile-header-display":"","site-post-title":"","ast-breadcrumbs-content":"","ast-featured-img":"","footer-sml-layout":"","theme-transparent-header-meta":"","adv-header-id-meta":"","stick-header-meta":"","header-above-stick-meta":"","header-main-stick-meta":"","header-below-stick-meta":"","astra-migrate-meta-layouts":"default","ast-page-background-enabled":"default","ast-page-background-meta":{"desktop":{"background-color":"var(--ast-global-color-4)","background-image":"","background-repeat":"repeat","background-position":"center center","background-size":"auto","background-attachment":"scroll","background-type":"","background-media":"","overlay-type":"","overlay-color":"","overlay-opacity":"","overlay-gradient":""},"tablet":{"background-color":"","background-image":"","background-repeat":"repeat","background-position":"center center","background-size":"auto","background-attachment":"scroll","background-type":"","background-media":"","overlay-type":"","overlay-color":"","overlay-opacity":"","overlay-gradient":""},"mobile":{"background-color":"","background-image":"","background-repeat":"repeat","background-position":"center center","background-size":"auto","background-attachment":"scroll","background-type":"","background-media":"","overlay-type":"","overlay-color":"","overlay-opacity":"","overlay-gradient":""}},"ast-content-background-meta":{"desktop":{"background-color":"var(--ast-global-color-5)","background-image":"","background-repeat":"repeat","background-position":"center center","background-size":"auto","background-attachment":"scroll","background-type":"","background-media":"","overlay-type":"","overlay-color":"","overlay-opacity":"","overlay-gradient":""},"tablet":{"background-color":"var(--ast-global-color-5)","background-image":"","background-repeat":"repeat","background-position":"center center","background-size":"auto","background-attachment":"scroll","background-type":"","background-media":"","overlay-type":"","overlay-color":"","overlay-opacity":"","overlay-gradient":""},"mobile":{"background-color":"var(--ast-global-color-5)","background-image":"","background-repeat":"repeat","background-position":"center center","background-size":"auto","background-attachment":"scroll","background-type":"","background-media":"","overlay-type":"","overlay-color":"","overlay-opacity":"","overlay-gradient":""}},"footnotes":""},"categories":[1,4],"tags":[],"class_list":["post-8916","post","type-post","status-publish","format-standard","hentry","category-general","category-portada"],"post_mailing_queue_ids":[],"_links":{"self":[{"href":"https:\/\/agora.xtec.cat\/ceipsorianomontagut\/wp-json\/wp\/v2\/posts\/8916","targetHints":{"allow":["GET"]}}],"collection":[{"href":"https:\/\/agora.xtec.cat\/ceipsorianomontagut\/wp-json\/wp\/v2\/posts"}],"about":[{"href":"https:\/\/agora.xtec.cat\/ceipsorianomontagut\/wp-json\/wp\/v2\/types\/post"}],"author":[{"embeddable":true,"href":"https:\/\/agora.xtec.cat\/ceipsorianomontagut\/wp-json\/wp\/v2\/users\/1"}],"replies":[{"embeddable":true,"href":"https:\/\/agora.xtec.cat\/ceipsorianomontagut\/wp-json\/wp\/v2\/comments?post=8916"}],"version-history":[{"count":2,"href":"https:\/\/agora.xtec.cat\/ceipsorianomontagut\/wp-json\/wp\/v2\/posts\/8916\/revisions"}],"predecessor-version":[{"id":8920,"href":"https:\/\/agora.xtec.cat\/ceipsorianomontagut\/wp-json\/wp\/v2\/posts\/8916\/revisions\/8920"}],"wp:attachment":[{"href":"https:\/\/agora.xtec.cat\/ceipsorianomontagut\/wp-json\/wp\/v2\/media?parent=8916"}],"wp:term":[{"taxonomy":"category","embeddable":true,"href":"https:\/\/agora.xtec.cat\/ceipsorianomontagut\/wp-json\/wp\/v2\/categories?post=8916"},{"taxonomy":"post_tag","embeddable":true,"href":"https:\/\/agora.xtec.cat\/ceipsorianomontagut\/wp-json\/wp\/v2\/tags?post=8916"}],"curies":[{"name":"wp","href":"https:\/\/api.w.org\/{rel}","templated":true}]}}