{"id":8894,"date":"2025-04-21T17:39:40","date_gmt":"2025-04-21T15:39:40","guid":{"rendered":"https:\/\/agora.xtec.cat\/ceipsorianomontagut\/?p=8894"},"modified":"2025-04-21T17:39:40","modified_gmt":"2025-04-21T15:39:40","slug":"un-somni-entre-aigues-i-esperanca","status":"publish","type":"post","link":"https:\/\/agora.xtec.cat\/ceipsorianomontagut\/general\/un-somni-entre-aigues-i-esperanca\/","title":{"rendered":"Un somni entre aig\u00fces i esperan\u00e7a"},"content":{"rendered":"<p class=\"\" data-start=\"101\" data-end=\"265\">\ud83d\udca7\u2728 <em data-start=\"105\" data-end=\"140\">Un somni entre aig\u00fces i esperan\u00e7a<\/em> \u00e9s el t\u00edtol de la nostra hist\u00f2ria, inspirada en els fets reals viscuts a Val\u00e8ncia durant la DANA del passat octubre del 2024.<\/p>\n<p class=\"\" data-start=\"267\" data-end=\"616\">Amb aquest relat, l\u2019alumnat de 5\u00e8 A hem volgut posar paraules, emocions i colors a una situaci\u00f3 que va colpir moltes fam\u00edlies valencianes \ud83d\udc94. A trav\u00e9s del nostre projecte audiovisual, hem intentat transmetre no nom\u00e9s la tristesa i el desconcert d\u2019aquells dies, sin\u00f3 tamb\u00e9 la for\u00e7a, la solidaritat i l\u2019esperan\u00e7a que neixen enmig de l\u2019adversitat \ud83c\udf08\ud83e\udd32.<\/p>\n<p class=\"\" data-start=\"618\" data-end=\"743\">Volem enviar una abra\u00e7ada molt forta i sincera a tots els valencians i valencianes que vau viure aquells moments dif\u00edcils \ud83d\udc99. Aquest projecte va dedicat amb tot el nostre cor a totes les persones que vau ajudar sense mirar enrere: bombers, sanitaris, policies, voluntaris i ve\u00efns i ve\u00efnes que vau ser llum enmig de la tempesta \ud83d\ude92\ud83d\ude91\ud83d\udc6e\u200d\u2640\ufe0f\ud83e\udd0d. Gr\u00e0cies per demostrar que, fins i tot sota la pluja m\u00e9s intensa, la humanitat pot brillar com mai. \ud83c\udf1f<\/p>\n<div class=\"ast-oembed-container \" style=\"height: 100%;\"><iframe loading=\"lazy\" title=\"Un somni entre aig\u00fces i esperan\u00e7a\" width=\"500\" height=\"281\" src=\"https:\/\/www.youtube.com\/embed\/IRcUgJl3NF4?feature=oembed\" frameborder=\"0\" allow=\"accelerometer; autoplay; clipboard-write; encrypted-media; gyroscope; picture-in-picture; web-share\" referrerpolicy=\"strict-origin-when-cross-origin\" allowfullscreen><\/iframe><\/div>\n<p data-start=\"618\" data-end=\"743\">\n","protected":false},"excerpt":{"rendered":"<p>\ud83d\udca7\u2728 Un somni entre aig\u00fces i esperan\u00e7a \u00e9s el t\u00edtol de la nostra hist\u00f2ria, inspirada en els fets reals viscuts a Val\u00e8ncia durant la DANA del passat octubre del 2024. Amb aquest relat, l\u2019alumnat de 5\u00e8 A hem volgut posar paraules, emocions i colors a una situaci\u00f3 que va colpir moltes fam\u00edlies valencianes \ud83d\udc94. A [&hellip;]<\/p>\n","protected":false},"author":1,"featured_media":8895,"comment_status":"open","ping_status":"closed","sticky":false,"template":"","format":"standard","meta":{"_bbp_topic_count":0,"_bbp_reply_count":0,"_bbp_total_topic_count":0,"_bbp_total_reply_count":0,"_bbp_voice_count":0,"_bbp_anonymous_reply_count":0,"_bbp_topic_count_hidden":0,"_bbp_reply_count_hidden":0,"_bbp_forum_subforum_count":0,"site-sidebar-layout":"default","site-content-layout":"","ast-site-content-layout":"","site-content-style":"default","site-sidebar-style":"default","ast-global-header-display":"","ast-banner-title-visibility":"","ast-main-header-display":"","ast-hfb-above-header-display":"","ast-hfb-below-header-display":"","ast-hfb-mobile-header-display":"","site-post-title":"","ast-breadcrumbs-content":"","ast-featured-img":"","footer-sml-layout":"","theme-transparent-header-meta":"","adv-header-id-meta":"","stick-header-meta":"","header-above-stick-meta":"","header-main-stick-meta":"","header-below-stick-meta":"","astra-migrate-meta-layouts":"default","ast-page-background-enabled":"default","ast-page-background-meta":{"desktop":{"background-color":"var(--ast-global-color-4)","background-image":"","background-repeat":"repeat","background-position":"center center","background-size":"auto","background-attachment":"scroll","background-type":"","background-media":"","overlay-type":"","overlay-color":"","overlay-opacity":"","overlay-gradient":""},"tablet":{"background-color":"","background-image":"","background-repeat":"repeat","background-position":"center center","background-size":"auto","background-attachment":"scroll","background-type":"","background-media":"","overlay-type":"","overlay-color":"","overlay-opacity":"","overlay-gradient":""},"mobile":{"background-color":"","background-image":"","background-repeat":"repeat","background-position":"center center","background-size":"auto","background-attachment":"scroll","background-type":"","background-media":"","overlay-type":"","overlay-color":"","overlay-opacity":"","overlay-gradient":""}},"ast-content-background-meta":{"desktop":{"background-color":"var(--ast-global-color-5)","background-image":"","background-repeat":"repeat","background-position":"center center","background-size":"auto","background-attachment":"scroll","background-type":"","background-media":"","overlay-type":"","overlay-color":"","overlay-opacity":"","overlay-gradient":""},"tablet":{"background-color":"var(--ast-global-color-5)","background-image":"","background-repeat":"repeat","background-position":"center center","background-size":"auto","background-attachment":"scroll","background-type":"","background-media":"","overlay-type":"","overlay-color":"","overlay-opacity":"","overlay-gradient":""},"mobile":{"background-color":"var(--ast-global-color-5)","background-image":"","background-repeat":"repeat","background-position":"center center","background-size":"auto","background-attachment":"scroll","background-type":"","background-media":"","overlay-type":"","overlay-color":"","overlay-opacity":"","overlay-gradient":""}},"footnotes":""},"categories":[14,1,4,5],"tags":[],"class_list":["post-8894","post","type-post","status-publish","format-standard","has-post-thumbnail","hentry","category-5e","category-general","category-portada","category-primaria"],"post_mailing_queue_ids":[],"_links":{"self":[{"href":"https:\/\/agora.xtec.cat\/ceipsorianomontagut\/wp-json\/wp\/v2\/posts\/8894","targetHints":{"allow":["GET"]}}],"collection":[{"href":"https:\/\/agora.xtec.cat\/ceipsorianomontagut\/wp-json\/wp\/v2\/posts"}],"about":[{"href":"https:\/\/agora.xtec.cat\/ceipsorianomontagut\/wp-json\/wp\/v2\/types\/post"}],"author":[{"embeddable":true,"href":"https:\/\/agora.xtec.cat\/ceipsorianomontagut\/wp-json\/wp\/v2\/users\/1"}],"replies":[{"embeddable":true,"href":"https:\/\/agora.xtec.cat\/ceipsorianomontagut\/wp-json\/wp\/v2\/comments?post=8894"}],"version-history":[{"count":1,"href":"https:\/\/agora.xtec.cat\/ceipsorianomontagut\/wp-json\/wp\/v2\/posts\/8894\/revisions"}],"predecessor-version":[{"id":8896,"href":"https:\/\/agora.xtec.cat\/ceipsorianomontagut\/wp-json\/wp\/v2\/posts\/8894\/revisions\/8896"}],"wp:featuredmedia":[{"embeddable":true,"href":"https:\/\/agora.xtec.cat\/ceipsorianomontagut\/wp-json\/wp\/v2\/media\/8895"}],"wp:attachment":[{"href":"https:\/\/agora.xtec.cat\/ceipsorianomontagut\/wp-json\/wp\/v2\/media?parent=8894"}],"wp:term":[{"taxonomy":"category","embeddable":true,"href":"https:\/\/agora.xtec.cat\/ceipsorianomontagut\/wp-json\/wp\/v2\/categories?post=8894"},{"taxonomy":"post_tag","embeddable":true,"href":"https:\/\/agora.xtec.cat\/ceipsorianomontagut\/wp-json\/wp\/v2\/tags?post=8894"}],"curies":[{"name":"wp","href":"https:\/\/api.w.org\/{rel}","templated":true}]}}