{"id":8854,"date":"2025-03-29T17:44:44","date_gmt":"2025-03-29T16:44:44","guid":{"rendered":"https:\/\/agora.xtec.cat\/ceipsorianomontagut\/?p=8854"},"modified":"2025-03-29T17:44:44","modified_gmt":"2025-03-29T16:44:44","slug":"tarraco-romana","status":"publish","type":"post","link":"https:\/\/agora.xtec.cat\/ceipsorianomontagut\/general\/tarraco-romana\/","title":{"rendered":"T\u00e0rraco Romana"},"content":{"rendered":"<p>Ara s\u00ed que donem per finalitzat el nostre projecte sobre la T\u00e0rraco Romana! \ud83c\udfdb\ufe0f\ud83d\uddfa\ufe0f Ahir, l&#8217;alumnat de 5\u00e8, per posar el punt final a aquesta aventura, vam tenir l&#8217;oportunitat d&#8217;endinsar-nos en els seus vestigis hist\u00f2rics. \ud83c\udfde\ufe0f<\/p>\n<p>Primer, vam visitar l&#8217;aq\u00fceducte conegut com el Pont del Diable, una obra imponent que encara ens deixa bocabadats. \ud83c\udf09 Despr\u00e9s, vam entrar a les muralles de la ciutat, que ens van transportar directament a l&#8217;\u00e8poca romana. \ud83c\udff0<\/p>\n<p>Tamb\u00e9 vam passar per l&#8217;amfiteatre, on els gladiadors protagonitzaven lluites emocionants davant del p\u00fablic. \ud83c\udf1f\ud83c\udfc6 Finalment, vam con\u00e8ixer el circ, on es feien les famoses curses de carros i cavalls. \ud83c\udfc7\ud83d\udc0e<\/p>\n<p>Aqu\u00ed us deixem un petit recull d&#8217;imatges per recordar aquesta experi\u00e8ncia tan especial. \ud83d\udcf8<\/p>\n<p>&nbsp;<\/p>\n<div class=\"ast-oembed-container \" style=\"height: 100%;\"><iframe loading=\"lazy\" title=\"VISITA DE L&#039;ALUMNAT DE 5\u00e8 a T\u00c0RRACO\" width=\"500\" height=\"281\" src=\"https:\/\/www.youtube.com\/embed\/yQ9ErUIVm-Y?feature=oembed\" frameborder=\"0\" allow=\"accelerometer; autoplay; clipboard-write; encrypted-media; gyroscope; picture-in-picture; web-share\" referrerpolicy=\"strict-origin-when-cross-origin\" allowfullscreen><\/iframe><\/div>\n","protected":false},"excerpt":{"rendered":"<p>Ara s\u00ed que donem per finalitzat el nostre projecte sobre la T\u00e0rraco Romana! \ud83c\udfdb\ufe0f\ud83d\uddfa\ufe0f Ahir, l&#8217;alumnat de 5\u00e8, per posar el punt final a aquesta aventura, vam tenir l&#8217;oportunitat d&#8217;endinsar-nos en els seus vestigis hist\u00f2rics. \ud83c\udfde\ufe0f Primer, vam visitar l&#8217;aq\u00fceducte conegut com el Pont del Diable, una obra imponent que encara ens deixa bocabadats. \ud83c\udf09 [&hellip;]<\/p>\n","protected":false},"author":1,"featured_media":8855,"comment_status":"open","ping_status":"closed","sticky":false,"template":"","format":"standard","meta":{"_bbp_topic_count":0,"_bbp_reply_count":0,"_bbp_total_topic_count":0,"_bbp_total_reply_count":0,"_bbp_voice_count":0,"_bbp_anonymous_reply_count":0,"_bbp_topic_count_hidden":0,"_bbp_reply_count_hidden":0,"_bbp_forum_subforum_count":0,"site-sidebar-layout":"default","site-content-layout":"","ast-site-content-layout":"","site-content-style":"default","site-sidebar-style":"default","ast-global-header-display":"","ast-banner-title-visibility":"","ast-main-header-display":"","ast-hfb-above-header-display":"","ast-hfb-below-header-display":"","ast-hfb-mobile-header-display":"","site-post-title":"","ast-breadcrumbs-content":"","ast-featured-img":"","footer-sml-layout":"","theme-transparent-header-meta":"","adv-header-id-meta":"","stick-header-meta":"","header-above-stick-meta":"","header-main-stick-meta":"","header-below-stick-meta":"","astra-migrate-meta-layouts":"default","ast-page-background-enabled":"default","ast-page-background-meta":{"desktop":{"background-color":"var(--ast-global-color-4)","background-image":"","background-repeat":"repeat","background-position":"center center","background-size":"auto","background-attachment":"scroll","background-type":"","background-media":"","overlay-type":"","overlay-color":"","overlay-opacity":"","overlay-gradient":""},"tablet":{"background-color":"","background-image":"","background-repeat":"repeat","background-position":"center center","background-size":"auto","background-attachment":"scroll","background-type":"","background-media":"","overlay-type":"","overlay-color":"","overlay-opacity":"","overlay-gradient":""},"mobile":{"background-color":"","background-image":"","background-repeat":"repeat","background-position":"center center","background-size":"auto","background-attachment":"scroll","background-type":"","background-media":"","overlay-type":"","overlay-color":"","overlay-opacity":"","overlay-gradient":""}},"ast-content-background-meta":{"desktop":{"background-color":"var(--ast-global-color-5)","background-image":"","background-repeat":"repeat","background-position":"center center","background-size":"auto","background-attachment":"scroll","background-type":"","background-media":"","overlay-type":"","overlay-color":"","overlay-opacity":"","overlay-gradient":""},"tablet":{"background-color":"var(--ast-global-color-5)","background-image":"","background-repeat":"repeat","background-position":"center center","background-size":"auto","background-attachment":"scroll","background-type":"","background-media":"","overlay-type":"","overlay-color":"","overlay-opacity":"","overlay-gradient":""},"mobile":{"background-color":"var(--ast-global-color-5)","background-image":"","background-repeat":"repeat","background-position":"center center","background-size":"auto","background-attachment":"scroll","background-type":"","background-media":"","overlay-type":"","overlay-color":"","overlay-opacity":"","overlay-gradient":""}},"footnotes":""},"categories":[14,1,4,5],"tags":[],"class_list":["post-8854","post","type-post","status-publish","format-standard","has-post-thumbnail","hentry","category-5e","category-general","category-portada","category-primaria"],"post_mailing_queue_ids":[],"_links":{"self":[{"href":"https:\/\/agora.xtec.cat\/ceipsorianomontagut\/wp-json\/wp\/v2\/posts\/8854","targetHints":{"allow":["GET"]}}],"collection":[{"href":"https:\/\/agora.xtec.cat\/ceipsorianomontagut\/wp-json\/wp\/v2\/posts"}],"about":[{"href":"https:\/\/agora.xtec.cat\/ceipsorianomontagut\/wp-json\/wp\/v2\/types\/post"}],"author":[{"embeddable":true,"href":"https:\/\/agora.xtec.cat\/ceipsorianomontagut\/wp-json\/wp\/v2\/users\/1"}],"replies":[{"embeddable":true,"href":"https:\/\/agora.xtec.cat\/ceipsorianomontagut\/wp-json\/wp\/v2\/comments?post=8854"}],"version-history":[{"count":1,"href":"https:\/\/agora.xtec.cat\/ceipsorianomontagut\/wp-json\/wp\/v2\/posts\/8854\/revisions"}],"predecessor-version":[{"id":8856,"href":"https:\/\/agora.xtec.cat\/ceipsorianomontagut\/wp-json\/wp\/v2\/posts\/8854\/revisions\/8856"}],"wp:featuredmedia":[{"embeddable":true,"href":"https:\/\/agora.xtec.cat\/ceipsorianomontagut\/wp-json\/wp\/v2\/media\/8855"}],"wp:attachment":[{"href":"https:\/\/agora.xtec.cat\/ceipsorianomontagut\/wp-json\/wp\/v2\/media?parent=8854"}],"wp:term":[{"taxonomy":"category","embeddable":true,"href":"https:\/\/agora.xtec.cat\/ceipsorianomontagut\/wp-json\/wp\/v2\/categories?post=8854"},{"taxonomy":"post_tag","embeddable":true,"href":"https:\/\/agora.xtec.cat\/ceipsorianomontagut\/wp-json\/wp\/v2\/tags?post=8854"}],"curies":[{"name":"wp","href":"https:\/\/api.w.org\/{rel}","templated":true}]}}