{"id":8786,"date":"2025-01-23T14:25:40","date_gmt":"2025-01-23T13:25:40","guid":{"rendered":"https:\/\/agora.xtec.cat\/ceipsorianomontagut\/?p=8786"},"modified":"2025-01-23T14:25:40","modified_gmt":"2025-01-23T13:25:40","slug":"claustre-pedagogic","status":"publish","type":"post","link":"https:\/\/agora.xtec.cat\/ceipsorianomontagut\/general\/claustre-pedagogic\/","title":{"rendered":"Claustre pedag\u00f2gic"},"content":{"rendered":"<p>Aquesta setmana hem dedicat el claustre pedag\u00f2gic a treballar la pertinen\u00e7a al grup i la cohesi\u00f3, dos aspectes essencials per garantir un bon funcionament, tant a l\u2019equip docent com a les aules.<\/p>\n<p>\ud83d\udca1 Hem realitzat diverses din\u00e0miques pr\u00e0ctiques i moments de reflexi\u00f3, compartint idees i experi\u00e8ncies per traslladar aquestes activitats al dia a dia escolar i fomentar un clima positiu i enriquidor.<\/p>\n<p>\u2728 Aquestes activitats ens ajuden a promoure el benestar personal i la conviv\u00e8ncia. Continuem construint espais d\u2019aprenentatge plens de valors! #benestar #convivencia #cohesio #cohesioclaustre #pertinen\u00e7a @elic.ebre @aliancesmagnet<\/p>\n<div style=\"width: 1080px;\" class=\"wp-video\"><!--[if lt IE 9]><script>document.createElement('video');<\/script><![endif]-->\n<video class=\"wp-video-shortcode\" id=\"video-8786-1\" width=\"1080\" height=\"1920\" preload=\"metadata\" controls=\"controls\"><source type=\"video\/mp4\" src=\"https:\/\/agora.xtec.cat\/ceipsorianomontagut\/wp-content\/uploads\/usu1929\/2025\/01\/video-movil-historia-reel-collage-verano-recuerdo-aesthetic-pastel.mp4?_=1\" \/><a href=\"https:\/\/agora.xtec.cat\/ceipsorianomontagut\/wp-content\/uploads\/usu1929\/2025\/01\/video-movil-historia-reel-collage-verano-recuerdo-aesthetic-pastel.mp4\">https:\/\/agora.xtec.cat\/ceipsorianomontagut\/wp-content\/uploads\/usu1929\/2025\/01\/video-movil-historia-reel-collage-verano-recuerdo-aesthetic-pastel.mp4<\/a><\/video><\/div>\n","protected":false},"excerpt":{"rendered":"<p>Aquesta setmana hem dedicat el claustre pedag\u00f2gic a treballar la pertinen\u00e7a al grup i la cohesi\u00f3, dos aspectes essencials per garantir un bon funcionament, tant a l\u2019equip docent com a les aules. \ud83d\udca1 Hem realitzat diverses din\u00e0miques pr\u00e0ctiques i moments de reflexi\u00f3, compartint idees i experi\u00e8ncies per traslladar aquestes activitats al dia a dia escolar [&hellip;]<\/p>\n","protected":false},"author":1,"featured_media":0,"comment_status":"open","ping_status":"closed","sticky":false,"template":"","format":"standard","meta":{"_bbp_topic_count":0,"_bbp_reply_count":0,"_bbp_total_topic_count":0,"_bbp_total_reply_count":0,"_bbp_voice_count":0,"_bbp_anonymous_reply_count":0,"_bbp_topic_count_hidden":0,"_bbp_reply_count_hidden":0,"_bbp_forum_subforum_count":0,"site-sidebar-layout":"default","site-content-layout":"","ast-site-content-layout":"","site-content-style":"default","site-sidebar-style":"default","ast-global-header-display":"","ast-banner-title-visibility":"","ast-main-header-display":"","ast-hfb-above-header-display":"","ast-hfb-below-header-display":"","ast-hfb-mobile-header-display":"","site-post-title":"","ast-breadcrumbs-content":"","ast-featured-img":"","footer-sml-layout":"","theme-transparent-header-meta":"","adv-header-id-meta":"","stick-header-meta":"","header-above-stick-meta":"","header-main-stick-meta":"","header-below-stick-meta":"","astra-migrate-meta-layouts":"default","ast-page-background-enabled":"default","ast-page-background-meta":{"desktop":{"background-color":"var(--ast-global-color-4)","background-image":"","background-repeat":"repeat","background-position":"center center","background-size":"auto","background-attachment":"scroll","background-type":"","background-media":"","overlay-type":"","overlay-color":"","overlay-opacity":"","overlay-gradient":""},"tablet":{"background-color":"","background-image":"","background-repeat":"repeat","background-position":"center center","background-size":"auto","background-attachment":"scroll","background-type":"","background-media":"","overlay-type":"","overlay-color":"","overlay-opacity":"","overlay-gradient":""},"mobile":{"background-color":"","background-image":"","background-repeat":"repeat","background-position":"center center","background-size":"auto","background-attachment":"scroll","background-type":"","background-media":"","overlay-type":"","overlay-color":"","overlay-opacity":"","overlay-gradient":""}},"ast-content-background-meta":{"desktop":{"background-color":"var(--ast-global-color-5)","background-image":"","background-repeat":"repeat","background-position":"center center","background-size":"auto","background-attachment":"scroll","background-type":"","background-media":"","overlay-type":"","overlay-color":"","overlay-opacity":"","overlay-gradient":""},"tablet":{"background-color":"var(--ast-global-color-5)","background-image":"","background-repeat":"repeat","background-position":"center center","background-size":"auto","background-attachment":"scroll","background-type":"","background-media":"","overlay-type":"","overlay-color":"","overlay-opacity":"","overlay-gradient":""},"mobile":{"background-color":"var(--ast-global-color-5)","background-image":"","background-repeat":"repeat","background-position":"center center","background-size":"auto","background-attachment":"scroll","background-type":"","background-media":"","overlay-type":"","overlay-color":"","overlay-opacity":"","overlay-gradient":""}},"footnotes":""},"categories":[1,4],"tags":[],"class_list":["post-8786","post","type-post","status-publish","format-standard","hentry","category-general","category-portada"],"post_mailing_queue_ids":[],"_links":{"self":[{"href":"https:\/\/agora.xtec.cat\/ceipsorianomontagut\/wp-json\/wp\/v2\/posts\/8786","targetHints":{"allow":["GET"]}}],"collection":[{"href":"https:\/\/agora.xtec.cat\/ceipsorianomontagut\/wp-json\/wp\/v2\/posts"}],"about":[{"href":"https:\/\/agora.xtec.cat\/ceipsorianomontagut\/wp-json\/wp\/v2\/types\/post"}],"author":[{"embeddable":true,"href":"https:\/\/agora.xtec.cat\/ceipsorianomontagut\/wp-json\/wp\/v2\/users\/1"}],"replies":[{"embeddable":true,"href":"https:\/\/agora.xtec.cat\/ceipsorianomontagut\/wp-json\/wp\/v2\/comments?post=8786"}],"version-history":[{"count":1,"href":"https:\/\/agora.xtec.cat\/ceipsorianomontagut\/wp-json\/wp\/v2\/posts\/8786\/revisions"}],"predecessor-version":[{"id":8788,"href":"https:\/\/agora.xtec.cat\/ceipsorianomontagut\/wp-json\/wp\/v2\/posts\/8786\/revisions\/8788"}],"wp:attachment":[{"href":"https:\/\/agora.xtec.cat\/ceipsorianomontagut\/wp-json\/wp\/v2\/media?parent=8786"}],"wp:term":[{"taxonomy":"category","embeddable":true,"href":"https:\/\/agora.xtec.cat\/ceipsorianomontagut\/wp-json\/wp\/v2\/categories?post=8786"},{"taxonomy":"post_tag","embeddable":true,"href":"https:\/\/agora.xtec.cat\/ceipsorianomontagut\/wp-json\/wp\/v2\/tags?post=8786"}],"curies":[{"name":"wp","href":"https:\/\/api.w.org\/{rel}","templated":true}]}}