{"id":8581,"date":"2024-05-31T11:58:45","date_gmt":"2024-05-31T09:58:45","guid":{"rendered":"https:\/\/agora.xtec.cat\/ceipsorianomontagut\/?p=8581"},"modified":"2024-05-31T11:58:45","modified_gmt":"2024-05-31T09:58:45","slug":"projecte-arrels-i-ales-2","status":"publish","type":"post","link":"https:\/\/agora.xtec.cat\/ceipsorianomontagut\/portada\/projecte-arrels-i-ales-2\/","title":{"rendered":"Projecte arrels i ales"},"content":{"rendered":"<p class=\"p1\"><span class=\"s1\">Diuen que \u201cSense Arrels no hi ha ales\u201d, des de fa tres cursos realitzem el projecte ARRELS I ALES, on l\u2019alumnat coneix m\u00e9s la seua hist\u00f2ria familiar, la identitat i el sentiment de pertinen\u00e7a, es refor\u00e7a el vincle entre la fam\u00edlia i l\u2019escola, s\u2019enforteix la cohesi\u00f3 de grup, el respecte als diferents or\u00edgens, lleng\u00fces i cultures\u2026 posant \u00e8mfasi en els talents per apoderar-los cap al futur. A trav\u00e9s de diferents propostes ajudem a l\u2019alumnat a anar responent tres preguntes b\u00e0siques i fonamentals: <\/span><\/p>\n<p class=\"p1\"><span class=\"s1\">\ud83d\udcccQui s\u00f3c?<\/span><\/p>\n<p class=\"p1\"><span class=\"s1\">\ud83d\udcccD\u2019on vinc? <\/span><\/p>\n<p class=\"p1\"><span class=\"s1\">\ud83d\udcccCap a on vaig? <\/span><\/p>\n<p class=\"p1\"><span class=\"s1\">Volem agrair a totes les fam\u00edlies que han col\u00b7laborat, venint a l\u2019escola o ajudant als seus fills\/es a preparar l\u2019exposici\u00f3, ja que sense ells\/es no seria possible.<\/span><\/p>\n<div class=\"ast-oembed-container \" style=\"height: 100%;\"><iframe loading=\"lazy\" title=\"Arrels i Ales\" width=\"500\" height=\"281\" src=\"https:\/\/www.youtube.com\/embed\/g1buHwPKPqk?feature=oembed\" frameborder=\"0\" allow=\"accelerometer; autoplay; clipboard-write; encrypted-media; gyroscope; picture-in-picture; web-share\" referrerpolicy=\"strict-origin-when-cross-origin\" allowfullscreen><\/iframe><\/div>\n","protected":false},"excerpt":{"rendered":"<p>Diuen que \u201cSense Arrels no hi ha ales\u201d, des de fa tres cursos realitzem el projecte ARRELS I ALES, on l\u2019alumnat coneix m\u00e9s la seua hist\u00f2ria familiar, la identitat i el sentiment de pertinen\u00e7a, es refor\u00e7a el vincle entre la fam\u00edlia i l\u2019escola, s\u2019enforteix la cohesi\u00f3 de grup, el respecte als diferents or\u00edgens, lleng\u00fces i [&hellip;]<\/p>\n","protected":false},"author":1,"featured_media":8582,"comment_status":"open","ping_status":"closed","sticky":false,"template":"","format":"standard","meta":{"_bbp_topic_count":0,"_bbp_reply_count":0,"_bbp_total_topic_count":0,"_bbp_total_reply_count":0,"_bbp_voice_count":0,"_bbp_anonymous_reply_count":0,"_bbp_topic_count_hidden":0,"_bbp_reply_count_hidden":0,"_bbp_forum_subforum_count":0,"site-sidebar-layout":"default","site-content-layout":"","ast-site-content-layout":"","site-content-style":"default","site-sidebar-style":"default","ast-global-header-display":"","ast-banner-title-visibility":"","ast-main-header-display":"","ast-hfb-above-header-display":"","ast-hfb-below-header-display":"","ast-hfb-mobile-header-display":"","site-post-title":"","ast-breadcrumbs-content":"","ast-featured-img":"","footer-sml-layout":"","theme-transparent-header-meta":"","adv-header-id-meta":"","stick-header-meta":"","header-above-stick-meta":"","header-main-stick-meta":"","header-below-stick-meta":"","astra-migrate-meta-layouts":"default","ast-page-background-enabled":"default","ast-page-background-meta":{"desktop":{"background-color":"var(--ast-global-color-4)","background-image":"","background-repeat":"repeat","background-position":"center center","background-size":"auto","background-attachment":"scroll","background-type":"","background-media":"","overlay-type":"","overlay-color":"","overlay-opacity":"","overlay-gradient":""},"tablet":{"background-color":"","background-image":"","background-repeat":"repeat","background-position":"center center","background-size":"auto","background-attachment":"scroll","background-type":"","background-media":"","overlay-type":"","overlay-color":"","overlay-opacity":"","overlay-gradient":""},"mobile":{"background-color":"","background-image":"","background-repeat":"repeat","background-position":"center center","background-size":"auto","background-attachment":"scroll","background-type":"","background-media":"","overlay-type":"","overlay-color":"","overlay-opacity":"","overlay-gradient":""}},"ast-content-background-meta":{"desktop":{"background-color":"var(--ast-global-color-5)","background-image":"","background-repeat":"repeat","background-position":"center center","background-size":"auto","background-attachment":"scroll","background-type":"","background-media":"","overlay-type":"","overlay-color":"","overlay-opacity":"","overlay-gradient":""},"tablet":{"background-color":"var(--ast-global-color-5)","background-image":"","background-repeat":"repeat","background-position":"center center","background-size":"auto","background-attachment":"scroll","background-type":"","background-media":"","overlay-type":"","overlay-color":"","overlay-opacity":"","overlay-gradient":""},"mobile":{"background-color":"var(--ast-global-color-5)","background-image":"","background-repeat":"repeat","background-position":"center center","background-size":"auto","background-attachment":"scroll","background-type":"","background-media":"","overlay-type":"","overlay-color":"","overlay-opacity":"","overlay-gradient":""}},"footnotes":""},"categories":[4],"tags":[],"class_list":["post-8581","post","type-post","status-publish","format-standard","has-post-thumbnail","hentry","category-portada"],"post_mailing_queue_ids":[],"_links":{"self":[{"href":"https:\/\/agora.xtec.cat\/ceipsorianomontagut\/wp-json\/wp\/v2\/posts\/8581","targetHints":{"allow":["GET"]}}],"collection":[{"href":"https:\/\/agora.xtec.cat\/ceipsorianomontagut\/wp-json\/wp\/v2\/posts"}],"about":[{"href":"https:\/\/agora.xtec.cat\/ceipsorianomontagut\/wp-json\/wp\/v2\/types\/post"}],"author":[{"embeddable":true,"href":"https:\/\/agora.xtec.cat\/ceipsorianomontagut\/wp-json\/wp\/v2\/users\/1"}],"replies":[{"embeddable":true,"href":"https:\/\/agora.xtec.cat\/ceipsorianomontagut\/wp-json\/wp\/v2\/comments?post=8581"}],"version-history":[{"count":1,"href":"https:\/\/agora.xtec.cat\/ceipsorianomontagut\/wp-json\/wp\/v2\/posts\/8581\/revisions"}],"predecessor-version":[{"id":8583,"href":"https:\/\/agora.xtec.cat\/ceipsorianomontagut\/wp-json\/wp\/v2\/posts\/8581\/revisions\/8583"}],"wp:featuredmedia":[{"embeddable":true,"href":"https:\/\/agora.xtec.cat\/ceipsorianomontagut\/wp-json\/wp\/v2\/media\/8582"}],"wp:attachment":[{"href":"https:\/\/agora.xtec.cat\/ceipsorianomontagut\/wp-json\/wp\/v2\/media?parent=8581"}],"wp:term":[{"taxonomy":"category","embeddable":true,"href":"https:\/\/agora.xtec.cat\/ceipsorianomontagut\/wp-json\/wp\/v2\/categories?post=8581"},{"taxonomy":"post_tag","embeddable":true,"href":"https:\/\/agora.xtec.cat\/ceipsorianomontagut\/wp-json\/wp\/v2\/tags?post=8581"}],"curies":[{"name":"wp","href":"https:\/\/api.w.org\/{rel}","templated":true}]}}