{"id":8488,"date":"2024-04-09T22:18:58","date_gmt":"2024-04-09T20:18:58","guid":{"rendered":"https:\/\/agora.xtec.cat\/ceipsorianomontagut\/?p=8488"},"modified":"2024-04-09T22:20:02","modified_gmt":"2024-04-09T20:20:02","slug":"eleccions-escolars-a-la-comunitat-dels-grans","status":"publish","type":"post","link":"https:\/\/agora.xtec.cat\/ceipsorianomontagut\/general\/eleccions-escolars-a-la-comunitat-dels-grans\/","title":{"rendered":"ELECCIONS ESCOLARS A LA COMUNITAT DELS GRANS!"},"content":{"rendered":"<p>L\u2019alumnat de 4t hem estat treballant a les classes de medi social l\u2019organitzaci\u00f3 territorial i pol\u00edtica del nostre pa\u00eds.<\/p>\n<p>Tamb\u00e9 hem treballat la import\u00e0ncia de l\u2019ajuntament com a govern de la poblaci\u00f3. A partir d\u2019aqu\u00ed, hem preparat amb grups cooperatius una campanya pol\u00edtica. L\u2019objectiu era fer propostes de millora per millorar la nostra escola mitjan\u00e7ant la representaci\u00f3 de partits pol\u00edtics.\u00a0Hem treballat l\u2019esl\u00f2gan, les sigles, l\u2019anagrama, el nom del partit, els objectius, etc.<\/p>\n<p>Tamb\u00e9 hem fet la penjada de cartells pels passadissos de l\u2019escola!\u00a0Ara nom\u00e9s ens queda donar-ho a con\u00e8ixer a la resta de companys de l\u2019escola mitjan\u00e7ant els m\u00edtings d\u2019aquest v\u00eddeo.<\/p>\n<p><strong>E<\/strong><strong>l<\/strong><strong> dijous 25 d&#8217;abril ser\u00e0 el dia de les eleccions<\/strong>!\u00a0<strong>L\u2019alumnat de la comunitat dels grans sortir\u00e0 a les urnes a dipositar el seu vot democr\u00e0ticament!\u00a0<\/strong><\/p>\n<p>La proposta guanyadora ser\u00e0 presentada a l\u2019ajuntament d\u2019Amposta.<\/p>\n<p><strong>Som-hi!\u00a0<\/strong><\/p>\n<p>&nbsp;<\/p>\n<div class=\"ast-oembed-container \" style=\"height: 100%;\"><iframe loading=\"lazy\" title=\"ELECCIONS ESCOLARS A LA COMUNITAT DELS GRANS\" width=\"500\" height=\"281\" src=\"https:\/\/www.youtube.com\/embed\/PAzkbWu_GRY?feature=oembed\" frameborder=\"0\" allow=\"accelerometer; autoplay; clipboard-write; encrypted-media; gyroscope; picture-in-picture; web-share\" referrerpolicy=\"strict-origin-when-cross-origin\" allowfullscreen><\/iframe><\/div>\n","protected":false},"excerpt":{"rendered":"<p>L\u2019alumnat de 4t hem estat treballant a les classes de medi social l\u2019organitzaci\u00f3 territorial i pol\u00edtica del nostre pa\u00eds. Tamb\u00e9 hem treballat la import\u00e0ncia de l\u2019ajuntament com a govern de la poblaci\u00f3. A partir d\u2019aqu\u00ed, hem preparat amb grups cooperatius una campanya pol\u00edtica. L\u2019objectiu era fer propostes de millora per millorar la nostra escola mitjan\u00e7ant [&hellip;]<\/p>\n","protected":false},"author":1,"featured_media":8490,"comment_status":"open","ping_status":"closed","sticky":false,"template":"","format":"standard","meta":{"_bbp_topic_count":0,"_bbp_reply_count":0,"_bbp_total_topic_count":0,"_bbp_total_reply_count":0,"_bbp_voice_count":0,"_bbp_anonymous_reply_count":0,"_bbp_topic_count_hidden":0,"_bbp_reply_count_hidden":0,"_bbp_forum_subforum_count":0,"site-sidebar-layout":"default","site-content-layout":"","ast-site-content-layout":"","site-content-style":"default","site-sidebar-style":"default","ast-global-header-display":"","ast-banner-title-visibility":"","ast-main-header-display":"","ast-hfb-above-header-display":"","ast-hfb-below-header-display":"","ast-hfb-mobile-header-display":"","site-post-title":"","ast-breadcrumbs-content":"","ast-featured-img":"","footer-sml-layout":"","theme-transparent-header-meta":"","adv-header-id-meta":"","stick-header-meta":"","header-above-stick-meta":"","header-main-stick-meta":"","header-below-stick-meta":"","astra-migrate-meta-layouts":"default","ast-page-background-enabled":"default","ast-page-background-meta":{"desktop":{"background-color":"var(--ast-global-color-4)","background-image":"","background-repeat":"repeat","background-position":"center center","background-size":"auto","background-attachment":"scroll","background-type":"","background-media":"","overlay-type":"","overlay-color":"","overlay-opacity":"","overlay-gradient":""},"tablet":{"background-color":"","background-image":"","background-repeat":"repeat","background-position":"center center","background-size":"auto","background-attachment":"scroll","background-type":"","background-media":"","overlay-type":"","overlay-color":"","overlay-opacity":"","overlay-gradient":""},"mobile":{"background-color":"","background-image":"","background-repeat":"repeat","background-position":"center center","background-size":"auto","background-attachment":"scroll","background-type":"","background-media":"","overlay-type":"","overlay-color":"","overlay-opacity":"","overlay-gradient":""}},"ast-content-background-meta":{"desktop":{"background-color":"var(--ast-global-color-5)","background-image":"","background-repeat":"repeat","background-position":"center center","background-size":"auto","background-attachment":"scroll","background-type":"","background-media":"","overlay-type":"","overlay-color":"","overlay-opacity":"","overlay-gradient":""},"tablet":{"background-color":"var(--ast-global-color-5)","background-image":"","background-repeat":"repeat","background-position":"center center","background-size":"auto","background-attachment":"scroll","background-type":"","background-media":"","overlay-type":"","overlay-color":"","overlay-opacity":"","overlay-gradient":""},"mobile":{"background-color":"var(--ast-global-color-5)","background-image":"","background-repeat":"repeat","background-position":"center center","background-size":"auto","background-attachment":"scroll","background-type":"","background-media":"","overlay-type":"","overlay-color":"","overlay-opacity":"","overlay-gradient":""}},"footnotes":""},"categories":[13,70,144,1,4,5],"tags":[],"class_list":["post-8488","post","type-post","status-publish","format-standard","has-post-thumbnail","hentry","category-4t","category-cicle-mitja","category-comunitat-dels-grans","category-general","category-portada","category-primaria"],"post_mailing_queue_ids":[],"_links":{"self":[{"href":"https:\/\/agora.xtec.cat\/ceipsorianomontagut\/wp-json\/wp\/v2\/posts\/8488","targetHints":{"allow":["GET"]}}],"collection":[{"href":"https:\/\/agora.xtec.cat\/ceipsorianomontagut\/wp-json\/wp\/v2\/posts"}],"about":[{"href":"https:\/\/agora.xtec.cat\/ceipsorianomontagut\/wp-json\/wp\/v2\/types\/post"}],"author":[{"embeddable":true,"href":"https:\/\/agora.xtec.cat\/ceipsorianomontagut\/wp-json\/wp\/v2\/users\/1"}],"replies":[{"embeddable":true,"href":"https:\/\/agora.xtec.cat\/ceipsorianomontagut\/wp-json\/wp\/v2\/comments?post=8488"}],"version-history":[{"count":1,"href":"https:\/\/agora.xtec.cat\/ceipsorianomontagut\/wp-json\/wp\/v2\/posts\/8488\/revisions"}],"predecessor-version":[{"id":8489,"href":"https:\/\/agora.xtec.cat\/ceipsorianomontagut\/wp-json\/wp\/v2\/posts\/8488\/revisions\/8489"}],"wp:featuredmedia":[{"embeddable":true,"href":"https:\/\/agora.xtec.cat\/ceipsorianomontagut\/wp-json\/wp\/v2\/media\/8490"}],"wp:attachment":[{"href":"https:\/\/agora.xtec.cat\/ceipsorianomontagut\/wp-json\/wp\/v2\/media?parent=8488"}],"wp:term":[{"taxonomy":"category","embeddable":true,"href":"https:\/\/agora.xtec.cat\/ceipsorianomontagut\/wp-json\/wp\/v2\/categories?post=8488"},{"taxonomy":"post_tag","embeddable":true,"href":"https:\/\/agora.xtec.cat\/ceipsorianomontagut\/wp-json\/wp\/v2\/tags?post=8488"}],"curies":[{"name":"wp","href":"https:\/\/api.w.org\/{rel}","templated":true}]}}