{"id":8414,"date":"2024-02-24T09:56:11","date_gmt":"2024-02-24T08:56:11","guid":{"rendered":"https:\/\/agora.xtec.cat\/ceipsorianomontagut\/?p=8414"},"modified":"2024-02-24T09:56:11","modified_gmt":"2024-02-24T08:56:11","slug":"llengues-maternes-2024","status":"publish","type":"post","link":"https:\/\/agora.xtec.cat\/ceipsorianomontagut\/portada\/llengues-maternes-2024\/","title":{"rendered":"Lleng\u00fces maternes 2024"},"content":{"rendered":"<p>Celebrant el dia de les lleng\u00fces maternes, defensem i promovem valors fonamentals per a la cohesi\u00f3 social i la conviv\u00e8ncia.<br \/>\n\ud83d\udcccPreservaci\u00f3 cultural: Celebrant el dia de les lleng\u00fces maternes, reconeixem i protegim les nostres arrels culturals. \ud83c\udf0d<br \/>\n\ud83d\udcccIdentitat personal i comunit\u00e0ria: Valorem les lleng\u00fces natives com a part integral de qui som i de les nostres comunitats. \ud83d\udc65<br \/>\n\ud83d\udcccInclusi\u00f3 i diversitat: Promovem la igualtat d\u2019oportunitats per a tots els parlants i celebrem la riquesa de la diversitat ling\u00fc\u00edstica. \ud83c\udf08<br \/>\n@elic.ebre @aliancesmagnet @ajamposta #lleng\u00fcesmaternes #identitatcultural<img loading=\"lazy\" decoding=\"async\" class=\"aligncenter size-full wp-image-8418\" src=\"https:\/\/agora.xtec.cat\/ceipsorianomontagut\/wp-content\/uploads\/usu1929\/2024\/02\/IMG_5671.png\" alt=\"\" width=\"1170\" height=\"2532\" srcset=\"https:\/\/agora.xtec.cat\/ceipsorianomontagut\/wp-content\/uploads\/usu1929\/2024\/02\/IMG_5671.png 1170w, https:\/\/agora.xtec.cat\/ceipsorianomontagut\/wp-content\/uploads\/usu1929\/2024\/02\/IMG_5671-139x300.png 139w, https:\/\/agora.xtec.cat\/ceipsorianomontagut\/wp-content\/uploads\/usu1929\/2024\/02\/IMG_5671-473x1024.png 473w, https:\/\/agora.xtec.cat\/ceipsorianomontagut\/wp-content\/uploads\/usu1929\/2024\/02\/IMG_5671-768x1662.png 768w, https:\/\/agora.xtec.cat\/ceipsorianomontagut\/wp-content\/uploads\/usu1929\/2024\/02\/IMG_5671-710x1536.png 710w, https:\/\/agora.xtec.cat\/ceipsorianomontagut\/wp-content\/uploads\/usu1929\/2024\/02\/IMG_5671-946x2048.png 946w\" sizes=\"auto, (max-width: 1170px) 100vw, 1170px\" \/><img loading=\"lazy\" decoding=\"async\" class=\"aligncenter size-full wp-image-8415\" src=\"https:\/\/agora.xtec.cat\/ceipsorianomontagut\/wp-content\/uploads\/usu1929\/2024\/02\/bf65a58d-127b-4fb1-9156-05a667b480b2.jpeg\" alt=\"\" width=\"2000\" height=\"1500\" srcset=\"https:\/\/agora.xtec.cat\/ceipsorianomontagut\/wp-content\/uploads\/usu1929\/2024\/02\/bf65a58d-127b-4fb1-9156-05a667b480b2.jpeg 2000w, https:\/\/agora.xtec.cat\/ceipsorianomontagut\/wp-content\/uploads\/usu1929\/2024\/02\/bf65a58d-127b-4fb1-9156-05a667b480b2-300x225.jpeg 300w, https:\/\/agora.xtec.cat\/ceipsorianomontagut\/wp-content\/uploads\/usu1929\/2024\/02\/bf65a58d-127b-4fb1-9156-05a667b480b2-1024x768.jpeg 1024w, https:\/\/agora.xtec.cat\/ceipsorianomontagut\/wp-content\/uploads\/usu1929\/2024\/02\/bf65a58d-127b-4fb1-9156-05a667b480b2-768x576.jpeg 768w, https:\/\/agora.xtec.cat\/ceipsorianomontagut\/wp-content\/uploads\/usu1929\/2024\/02\/bf65a58d-127b-4fb1-9156-05a667b480b2-1536x1152.jpeg 1536w, https:\/\/agora.xtec.cat\/ceipsorianomontagut\/wp-content\/uploads\/usu1929\/2024\/02\/bf65a58d-127b-4fb1-9156-05a667b480b2-200x150.jpeg 200w\" sizes=\"auto, (max-width: 2000px) 100vw, 2000px\" \/> <img loading=\"lazy\" decoding=\"async\" class=\"aligncenter size-full wp-image-8416\" src=\"https:\/\/agora.xtec.cat\/ceipsorianomontagut\/wp-content\/uploads\/usu1929\/2024\/02\/47188eb5-5d7e-4aa5-8d4d-d0cf051c188a.jpeg\" alt=\"\" width=\"2048\" height=\"1536\" srcset=\"https:\/\/agora.xtec.cat\/ceipsorianomontagut\/wp-content\/uploads\/usu1929\/2024\/02\/47188eb5-5d7e-4aa5-8d4d-d0cf051c188a.jpeg 2048w, https:\/\/agora.xtec.cat\/ceipsorianomontagut\/wp-content\/uploads\/usu1929\/2024\/02\/47188eb5-5d7e-4aa5-8d4d-d0cf051c188a-300x225.jpeg 300w, https:\/\/agora.xtec.cat\/ceipsorianomontagut\/wp-content\/uploads\/usu1929\/2024\/02\/47188eb5-5d7e-4aa5-8d4d-d0cf051c188a-1024x768.jpeg 1024w, https:\/\/agora.xtec.cat\/ceipsorianomontagut\/wp-content\/uploads\/usu1929\/2024\/02\/47188eb5-5d7e-4aa5-8d4d-d0cf051c188a-768x576.jpeg 768w, https:\/\/agora.xtec.cat\/ceipsorianomontagut\/wp-content\/uploads\/usu1929\/2024\/02\/47188eb5-5d7e-4aa5-8d4d-d0cf051c188a-1536x1152.jpeg 1536w, https:\/\/agora.xtec.cat\/ceipsorianomontagut\/wp-content\/uploads\/usu1929\/2024\/02\/47188eb5-5d7e-4aa5-8d4d-d0cf051c188a-200x150.jpeg 200w\" sizes=\"auto, (max-width: 2048px) 100vw, 2048px\" \/> <img loading=\"lazy\" decoding=\"async\" class=\"aligncenter size-full wp-image-8417\" src=\"https:\/\/agora.xtec.cat\/ceipsorianomontagut\/wp-content\/uploads\/usu1929\/2024\/02\/d9b02ae2-e24f-46d7-93a8-d8be01c962d5.jpeg\" alt=\"\" width=\"2048\" height=\"1536\" srcset=\"https:\/\/agora.xtec.cat\/ceipsorianomontagut\/wp-content\/uploads\/usu1929\/2024\/02\/d9b02ae2-e24f-46d7-93a8-d8be01c962d5.jpeg 2048w, https:\/\/agora.xtec.cat\/ceipsorianomontagut\/wp-content\/uploads\/usu1929\/2024\/02\/d9b02ae2-e24f-46d7-93a8-d8be01c962d5-300x225.jpeg 300w, https:\/\/agora.xtec.cat\/ceipsorianomontagut\/wp-content\/uploads\/usu1929\/2024\/02\/d9b02ae2-e24f-46d7-93a8-d8be01c962d5-1024x768.jpeg 1024w, https:\/\/agora.xtec.cat\/ceipsorianomontagut\/wp-content\/uploads\/usu1929\/2024\/02\/d9b02ae2-e24f-46d7-93a8-d8be01c962d5-768x576.jpeg 768w, https:\/\/agora.xtec.cat\/ceipsorianomontagut\/wp-content\/uploads\/usu1929\/2024\/02\/d9b02ae2-e24f-46d7-93a8-d8be01c962d5-1536x1152.jpeg 1536w, https:\/\/agora.xtec.cat\/ceipsorianomontagut\/wp-content\/uploads\/usu1929\/2024\/02\/d9b02ae2-e24f-46d7-93a8-d8be01c962d5-200x150.jpeg 200w\" sizes=\"auto, (max-width: 2048px) 100vw, 2048px\" \/><\/p>\n","protected":false},"excerpt":{"rendered":"<p>Celebrant el dia de les lleng\u00fces maternes, defensem i promovem valors fonamentals per a la cohesi\u00f3 social i la conviv\u00e8ncia. \ud83d\udcccPreservaci\u00f3 cultural: Celebrant el dia de les lleng\u00fces maternes, reconeixem i protegim les nostres arrels culturals. \ud83c\udf0d \ud83d\udcccIdentitat personal i comunit\u00e0ria: Valorem les lleng\u00fces natives com a part integral de qui som i de les [&hellip;]<\/p>\n","protected":false},"author":1,"featured_media":8416,"comment_status":"open","ping_status":"closed","sticky":false,"template":"","format":"standard","meta":{"_bbp_topic_count":0,"_bbp_reply_count":0,"_bbp_total_topic_count":0,"_bbp_total_reply_count":0,"_bbp_voice_count":0,"_bbp_anonymous_reply_count":0,"_bbp_topic_count_hidden":0,"_bbp_reply_count_hidden":0,"_bbp_forum_subforum_count":0,"site-sidebar-layout":"default","site-content-layout":"","ast-site-content-layout":"","site-content-style":"default","site-sidebar-style":"default","ast-global-header-display":"","ast-banner-title-visibility":"","ast-main-header-display":"","ast-hfb-above-header-display":"","ast-hfb-below-header-display":"","ast-hfb-mobile-header-display":"","site-post-title":"","ast-breadcrumbs-content":"","ast-featured-img":"","footer-sml-layout":"","theme-transparent-header-meta":"","adv-header-id-meta":"","stick-header-meta":"","header-above-stick-meta":"","header-main-stick-meta":"","header-below-stick-meta":"","astra-migrate-meta-layouts":"default","ast-page-background-enabled":"default","ast-page-background-meta":{"desktop":{"background-color":"var(--ast-global-color-4)","background-image":"","background-repeat":"repeat","background-position":"center center","background-size":"auto","background-attachment":"scroll","background-type":"","background-media":"","overlay-type":"","overlay-color":"","overlay-opacity":"","overlay-gradient":""},"tablet":{"background-color":"","background-image":"","background-repeat":"repeat","background-position":"center center","background-size":"auto","background-attachment":"scroll","background-type":"","background-media":"","overlay-type":"","overlay-color":"","overlay-opacity":"","overlay-gradient":""},"mobile":{"background-color":"","background-image":"","background-repeat":"repeat","background-position":"center center","background-size":"auto","background-attachment":"scroll","background-type":"","background-media":"","overlay-type":"","overlay-color":"","overlay-opacity":"","overlay-gradient":""}},"ast-content-background-meta":{"desktop":{"background-color":"var(--ast-global-color-5)","background-image":"","background-repeat":"repeat","background-position":"center center","background-size":"auto","background-attachment":"scroll","background-type":"","background-media":"","overlay-type":"","overlay-color":"","overlay-opacity":"","overlay-gradient":""},"tablet":{"background-color":"var(--ast-global-color-5)","background-image":"","background-repeat":"repeat","background-position":"center center","background-size":"auto","background-attachment":"scroll","background-type":"","background-media":"","overlay-type":"","overlay-color":"","overlay-opacity":"","overlay-gradient":""},"mobile":{"background-color":"var(--ast-global-color-5)","background-image":"","background-repeat":"repeat","background-position":"center center","background-size":"auto","background-attachment":"scroll","background-type":"","background-media":"","overlay-type":"","overlay-color":"","overlay-opacity":"","overlay-gradient":""}},"footnotes":""},"categories":[4],"tags":[],"class_list":["post-8414","post","type-post","status-publish","format-standard","has-post-thumbnail","hentry","category-portada"],"post_mailing_queue_ids":[],"_links":{"self":[{"href":"https:\/\/agora.xtec.cat\/ceipsorianomontagut\/wp-json\/wp\/v2\/posts\/8414","targetHints":{"allow":["GET"]}}],"collection":[{"href":"https:\/\/agora.xtec.cat\/ceipsorianomontagut\/wp-json\/wp\/v2\/posts"}],"about":[{"href":"https:\/\/agora.xtec.cat\/ceipsorianomontagut\/wp-json\/wp\/v2\/types\/post"}],"author":[{"embeddable":true,"href":"https:\/\/agora.xtec.cat\/ceipsorianomontagut\/wp-json\/wp\/v2\/users\/1"}],"replies":[{"embeddable":true,"href":"https:\/\/agora.xtec.cat\/ceipsorianomontagut\/wp-json\/wp\/v2\/comments?post=8414"}],"version-history":[{"count":1,"href":"https:\/\/agora.xtec.cat\/ceipsorianomontagut\/wp-json\/wp\/v2\/posts\/8414\/revisions"}],"predecessor-version":[{"id":8419,"href":"https:\/\/agora.xtec.cat\/ceipsorianomontagut\/wp-json\/wp\/v2\/posts\/8414\/revisions\/8419"}],"wp:featuredmedia":[{"embeddable":true,"href":"https:\/\/agora.xtec.cat\/ceipsorianomontagut\/wp-json\/wp\/v2\/media\/8416"}],"wp:attachment":[{"href":"https:\/\/agora.xtec.cat\/ceipsorianomontagut\/wp-json\/wp\/v2\/media?parent=8414"}],"wp:term":[{"taxonomy":"category","embeddable":true,"href":"https:\/\/agora.xtec.cat\/ceipsorianomontagut\/wp-json\/wp\/v2\/categories?post=8414"},{"taxonomy":"post_tag","embeddable":true,"href":"https:\/\/agora.xtec.cat\/ceipsorianomontagut\/wp-json\/wp\/v2\/tags?post=8414"}],"curies":[{"name":"wp","href":"https:\/\/api.w.org\/{rel}","templated":true}]}}