{"id":8137,"date":"2024-03-01T09:31:25","date_gmt":"2024-03-01T08:31:25","guid":{"rendered":"https:\/\/agora.xtec.cat\/ceipsorianomontagut\/?p=8137"},"modified":"2024-03-02T08:43:57","modified_gmt":"2024-03-02T07:43:57","slug":"projecte-arrels-i-ales","status":"publish","type":"post","link":"https:\/\/agora.xtec.cat\/ceipsorianomontagut\/infantil\/projecte-arrels-i-ales\/","title":{"rendered":"Projecte ARRELS I ALES"},"content":{"rendered":"<h2 style=\"text-align: center;\">Projecte ARRELS I ALES<\/h2>\n<p style=\"text-align: center;\">Aquest projecte el fem des de I3 fins a 6\u00e8 i, a trav\u00e9s de diferents propostes, ajudem als alumnes a respondre tres preguntes b\u00e0siques i fonamentals: Qui s\u00f3c? D\u2019on vinc? Cap a on vaig? El projecte permet anar coneixent les seues arrels i crear la pr\u00f2pia identitat, descobrir el sentiment de pertinen\u00e7a i aconseguir m\u00e9s cohesi\u00f3 de grup, refor\u00e7ar el vincle entre fam\u00edlia i escola, treballar les emocions, afavorir el respecte als diferents or\u00edgens, lleng\u00fces i cultures i ajudar a desenvolupar una imatge positiva d\u2019un mateix, posant \u00e8mfasi en els talents per apoderar-los cap al futur.<br \/>\nLes activitats realitzades als diferents cursos s\u00f3n: La Caixa de la vida (I3); Fam\u00edlies protagonistes (I4); Conta-contes en fam\u00edlia i La capsa dels Records (I5); El meu nom (1r); Els nostres iaios\/es (2n); La meua can\u00e7\u00f3 (3r); La L\u00ednia de la vida (4t); Les meues qualitats, els meus talents: L\u2019arbre geneal\u00f2gic (5\u00e8); Carta al jo del futur (6\u00e8).<br \/>\nVolem agra\u00efr a totes les fam\u00edlies que ho feu possible, ja sigui venint a l\u2019escola o ajudant als vostres fills\/es a preparar l\u2019exposici\u00f3&#8230; &#8220;sense arrels no hi ha ales&#8221;.<br \/>\nAqu\u00ed us deixem una petita mostra d\u2019alguns dels treballs realitzats als diferents cursos.<\/p>\n<div class=\"ast-oembed-container \" style=\"height: 100%;\"><iframe loading=\"lazy\" title=\"Arrels i ales\" width=\"500\" height=\"375\" src=\"https:\/\/www.youtube.com\/embed\/OCvDqntrQ8Q?feature=oembed\" frameborder=\"0\" allow=\"accelerometer; autoplay; clipboard-write; encrypted-media; gyroscope; picture-in-picture; web-share\" referrerpolicy=\"strict-origin-when-cross-origin\" allowfullscreen><\/iframe><\/div>\n","protected":false},"excerpt":{"rendered":"<p>Projecte ARRELS I ALES Aquest projecte el fem des de I3 fins a 6\u00e8 i, a trav\u00e9s de diferents propostes, ajudem als alumnes a respondre tres preguntes b\u00e0siques i fonamentals: Qui s\u00f3c? D\u2019on vinc? Cap a on vaig? El projecte permet anar coneixent les seues arrels i crear la pr\u00f2pia identitat, descobrir el sentiment de [&hellip;]<\/p>\n","protected":false},"author":1,"featured_media":8138,"comment_status":"open","ping_status":"closed","sticky":false,"template":"","format":"standard","meta":{"_bbp_topic_count":0,"_bbp_reply_count":0,"_bbp_total_topic_count":0,"_bbp_total_reply_count":0,"_bbp_voice_count":0,"_bbp_anonymous_reply_count":0,"_bbp_topic_count_hidden":0,"_bbp_reply_count_hidden":0,"_bbp_forum_subforum_count":0,"site-sidebar-layout":"default","site-content-layout":"","ast-site-content-layout":"","site-content-style":"default","site-sidebar-style":"default","ast-global-header-display":"","ast-banner-title-visibility":"","ast-main-header-display":"","ast-hfb-above-header-display":"","ast-hfb-below-header-display":"","ast-hfb-mobile-header-display":"","site-post-title":"","ast-breadcrumbs-content":"","ast-featured-img":"","footer-sml-layout":"","theme-transparent-header-meta":"","adv-header-id-meta":"","stick-header-meta":"","header-above-stick-meta":"","header-main-stick-meta":"","header-below-stick-meta":"","astra-migrate-meta-layouts":"default","ast-page-background-enabled":"default","ast-page-background-meta":{"desktop":{"background-color":"var(--ast-global-color-4)","background-image":"","background-repeat":"repeat","background-position":"center center","background-size":"auto","background-attachment":"scroll","background-type":"","background-media":"","overlay-type":"","overlay-color":"","overlay-opacity":"","overlay-gradient":""},"tablet":{"background-color":"","background-image":"","background-repeat":"repeat","background-position":"center center","background-size":"auto","background-attachment":"scroll","background-type":"","background-media":"","overlay-type":"","overlay-color":"","overlay-opacity":"","overlay-gradient":""},"mobile":{"background-color":"","background-image":"","background-repeat":"repeat","background-position":"center center","background-size":"auto","background-attachment":"scroll","background-type":"","background-media":"","overlay-type":"","overlay-color":"","overlay-opacity":"","overlay-gradient":""}},"ast-content-background-meta":{"desktop":{"background-color":"var(--ast-global-color-5)","background-image":"","background-repeat":"repeat","background-position":"center center","background-size":"auto","background-attachment":"scroll","background-type":"","background-media":"","overlay-type":"","overlay-color":"","overlay-opacity":"","overlay-gradient":""},"tablet":{"background-color":"var(--ast-global-color-5)","background-image":"","background-repeat":"repeat","background-position":"center center","background-size":"auto","background-attachment":"scroll","background-type":"","background-media":"","overlay-type":"","overlay-color":"","overlay-opacity":"","overlay-gradient":""},"mobile":{"background-color":"var(--ast-global-color-5)","background-image":"","background-repeat":"repeat","background-position":"center center","background-size":"auto","background-attachment":"scroll","background-type":"","background-media":"","overlay-type":"","overlay-color":"","overlay-opacity":"","overlay-gradient":""}},"footnotes":""},"categories":[2,136,4,5],"tags":[],"class_list":["post-8137","post","type-post","status-publish","format-standard","has-post-thumbnail","hentry","category-infantil","category-pacte","category-portada","category-primaria"],"post_mailing_queue_ids":[],"_links":{"self":[{"href":"https:\/\/agora.xtec.cat\/ceipsorianomontagut\/wp-json\/wp\/v2\/posts\/8137","targetHints":{"allow":["GET"]}}],"collection":[{"href":"https:\/\/agora.xtec.cat\/ceipsorianomontagut\/wp-json\/wp\/v2\/posts"}],"about":[{"href":"https:\/\/agora.xtec.cat\/ceipsorianomontagut\/wp-json\/wp\/v2\/types\/post"}],"author":[{"embeddable":true,"href":"https:\/\/agora.xtec.cat\/ceipsorianomontagut\/wp-json\/wp\/v2\/users\/1"}],"replies":[{"embeddable":true,"href":"https:\/\/agora.xtec.cat\/ceipsorianomontagut\/wp-json\/wp\/v2\/comments?post=8137"}],"version-history":[{"count":5,"href":"https:\/\/agora.xtec.cat\/ceipsorianomontagut\/wp-json\/wp\/v2\/posts\/8137\/revisions"}],"predecessor-version":[{"id":8440,"href":"https:\/\/agora.xtec.cat\/ceipsorianomontagut\/wp-json\/wp\/v2\/posts\/8137\/revisions\/8440"}],"wp:featuredmedia":[{"embeddable":true,"href":"https:\/\/agora.xtec.cat\/ceipsorianomontagut\/wp-json\/wp\/v2\/media\/8138"}],"wp:attachment":[{"href":"https:\/\/agora.xtec.cat\/ceipsorianomontagut\/wp-json\/wp\/v2\/media?parent=8137"}],"wp:term":[{"taxonomy":"category","embeddable":true,"href":"https:\/\/agora.xtec.cat\/ceipsorianomontagut\/wp-json\/wp\/v2\/categories?post=8137"},{"taxonomy":"post_tag","embeddable":true,"href":"https:\/\/agora.xtec.cat\/ceipsorianomontagut\/wp-json\/wp\/v2\/tags?post=8137"}],"curies":[{"name":"wp","href":"https:\/\/api.w.org\/{rel}","templated":true}]}}