{"id":8121,"date":"2023-06-01T08:06:51","date_gmt":"2023-06-01T06:06:51","guid":{"rendered":"https:\/\/agora.xtec.cat\/ceipsorianomontagut\/?p=8121"},"modified":"2023-06-01T08:06:51","modified_gmt":"2023-06-01T06:06:51","slug":"presentacio-a-bcn-darrels-i-ales","status":"publish","type":"post","link":"https:\/\/agora.xtec.cat\/ceipsorianomontagut\/portada\/presentacio-a-bcn-darrels-i-ales\/","title":{"rendered":"Presentaci\u00f3 a BCN d&#8217;Arrels i ales"},"content":{"rendered":"<p>Avui 5 mestres de l&#8217;escola hem participat de la jornada de tancament de la Xarxa de transformaci\u00f3 educativa. Hem presentat el nostre projecte de centre &#8220;Arrels i Ales&#8221;, projecte que treballa el Benestar emocional. Per nosaltres ha estat una gran experi\u00e8ncia. Gr\u00e0cies a tots els membres organizadors de la Xarxa per oferir-nos aquesta oportunitat. Ens emportem moltes idees i el m\u00e9s important, hem gaudit del gran equip que som . Entre tots i totes, passet, a passet anem transformant la nostra escola. Amunt Sorianets i Sorianetes!!<img loading=\"lazy\" decoding=\"async\" class=\"aligncenter size-medium wp-image-8122\" src=\"https:\/\/agora.xtec.cat\/ceipsorianomontagut\/wp-content\/uploads\/usu1929\/2023\/06\/IMG-20230531-WA0005-300x169.jpg\" alt=\"\" width=\"300\" height=\"169\" srcset=\"https:\/\/agora.xtec.cat\/ceipsorianomontagut\/wp-content\/uploads\/usu1929\/2023\/06\/IMG-20230531-WA0005-300x169.jpg 300w, https:\/\/agora.xtec.cat\/ceipsorianomontagut\/wp-content\/uploads\/usu1929\/2023\/06\/IMG-20230531-WA0005-1024x576.jpg 1024w, https:\/\/agora.xtec.cat\/ceipsorianomontagut\/wp-content\/uploads\/usu1929\/2023\/06\/IMG-20230531-WA0005-768x432.jpg 768w, https:\/\/agora.xtec.cat\/ceipsorianomontagut\/wp-content\/uploads\/usu1929\/2023\/06\/IMG-20230531-WA0005-1536x864.jpg 1536w, https:\/\/agora.xtec.cat\/ceipsorianomontagut\/wp-content\/uploads\/usu1929\/2023\/06\/IMG-20230531-WA0005.jpg 1599w\" sizes=\"auto, (max-width: 300px) 100vw, 300px\" \/> <img loading=\"lazy\" decoding=\"async\" class=\"aligncenter size-medium wp-image-8123\" src=\"https:\/\/agora.xtec.cat\/ceipsorianomontagut\/wp-content\/uploads\/usu1929\/2023\/06\/IMG-20230531-WA0013-169x300.jpg\" alt=\"\" width=\"169\" height=\"300\" srcset=\"https:\/\/agora.xtec.cat\/ceipsorianomontagut\/wp-content\/uploads\/usu1929\/2023\/06\/IMG-20230531-WA0013-169x300.jpg 169w, https:\/\/agora.xtec.cat\/ceipsorianomontagut\/wp-content\/uploads\/usu1929\/2023\/06\/IMG-20230531-WA0013-576x1024.jpg 576w, https:\/\/agora.xtec.cat\/ceipsorianomontagut\/wp-content\/uploads\/usu1929\/2023\/06\/IMG-20230531-WA0013-768x1365.jpg 768w, https:\/\/agora.xtec.cat\/ceipsorianomontagut\/wp-content\/uploads\/usu1929\/2023\/06\/IMG-20230531-WA0013-864x1536.jpg 864w, https:\/\/agora.xtec.cat\/ceipsorianomontagut\/wp-content\/uploads\/usu1929\/2023\/06\/IMG-20230531-WA0013.jpg 1152w\" sizes=\"auto, (max-width: 169px) 100vw, 169px\" \/><\/p>\n","protected":false},"excerpt":{"rendered":"<p>Avui 5 mestres de l&#8217;escola hem participat de la jornada de tancament de la Xarxa de transformaci\u00f3 educativa. Hem presentat el nostre projecte de centre &#8220;Arrels i Ales&#8221;, projecte que treballa el Benestar emocional. Per nosaltres ha estat una gran experi\u00e8ncia. Gr\u00e0cies a tots els membres organizadors de la Xarxa per oferir-nos aquesta oportunitat. Ens [&hellip;]<\/p>\n","protected":false},"author":1,"featured_media":0,"comment_status":"open","ping_status":"closed","sticky":false,"template":"","format":"standard","meta":{"_bbp_topic_count":0,"_bbp_reply_count":0,"_bbp_total_topic_count":0,"_bbp_total_reply_count":0,"_bbp_voice_count":0,"_bbp_anonymous_reply_count":0,"_bbp_topic_count_hidden":0,"_bbp_reply_count_hidden":0,"_bbp_forum_subforum_count":0,"site-sidebar-layout":"default","site-content-layout":"","ast-site-content-layout":"","site-content-style":"default","site-sidebar-style":"default","ast-global-header-display":"","ast-banner-title-visibility":"","ast-main-header-display":"","ast-hfb-above-header-display":"","ast-hfb-below-header-display":"","ast-hfb-mobile-header-display":"","site-post-title":"","ast-breadcrumbs-content":"","ast-featured-img":"","footer-sml-layout":"","theme-transparent-header-meta":"","adv-header-id-meta":"","stick-header-meta":"","header-above-stick-meta":"","header-main-stick-meta":"","header-below-stick-meta":"","astra-migrate-meta-layouts":"default","ast-page-background-enabled":"default","ast-page-background-meta":{"desktop":{"background-color":"var(--ast-global-color-4)","background-image":"","background-repeat":"repeat","background-position":"center center","background-size":"auto","background-attachment":"scroll","background-type":"","background-media":"","overlay-type":"","overlay-color":"","overlay-opacity":"","overlay-gradient":""},"tablet":{"background-color":"","background-image":"","background-repeat":"repeat","background-position":"center center","background-size":"auto","background-attachment":"scroll","background-type":"","background-media":"","overlay-type":"","overlay-color":"","overlay-opacity":"","overlay-gradient":""},"mobile":{"background-color":"","background-image":"","background-repeat":"repeat","background-position":"center center","background-size":"auto","background-attachment":"scroll","background-type":"","background-media":"","overlay-type":"","overlay-color":"","overlay-opacity":"","overlay-gradient":""}},"ast-content-background-meta":{"desktop":{"background-color":"var(--ast-global-color-5)","background-image":"","background-repeat":"repeat","background-position":"center center","background-size":"auto","background-attachment":"scroll","background-type":"","background-media":"","overlay-type":"","overlay-color":"","overlay-opacity":"","overlay-gradient":""},"tablet":{"background-color":"var(--ast-global-color-5)","background-image":"","background-repeat":"repeat","background-position":"center center","background-size":"auto","background-attachment":"scroll","background-type":"","background-media":"","overlay-type":"","overlay-color":"","overlay-opacity":"","overlay-gradient":""},"mobile":{"background-color":"var(--ast-global-color-5)","background-image":"","background-repeat":"repeat","background-position":"center center","background-size":"auto","background-attachment":"scroll","background-type":"","background-media":"","overlay-type":"","overlay-color":"","overlay-opacity":"","overlay-gradient":""}},"footnotes":""},"categories":[136,4],"tags":[],"class_list":["post-8121","post","type-post","status-publish","format-standard","hentry","category-pacte","category-portada"],"post_mailing_queue_ids":[],"_links":{"self":[{"href":"https:\/\/agora.xtec.cat\/ceipsorianomontagut\/wp-json\/wp\/v2\/posts\/8121","targetHints":{"allow":["GET"]}}],"collection":[{"href":"https:\/\/agora.xtec.cat\/ceipsorianomontagut\/wp-json\/wp\/v2\/posts"}],"about":[{"href":"https:\/\/agora.xtec.cat\/ceipsorianomontagut\/wp-json\/wp\/v2\/types\/post"}],"author":[{"embeddable":true,"href":"https:\/\/agora.xtec.cat\/ceipsorianomontagut\/wp-json\/wp\/v2\/users\/1"}],"replies":[{"embeddable":true,"href":"https:\/\/agora.xtec.cat\/ceipsorianomontagut\/wp-json\/wp\/v2\/comments?post=8121"}],"version-history":[{"count":1,"href":"https:\/\/agora.xtec.cat\/ceipsorianomontagut\/wp-json\/wp\/v2\/posts\/8121\/revisions"}],"predecessor-version":[{"id":8124,"href":"https:\/\/agora.xtec.cat\/ceipsorianomontagut\/wp-json\/wp\/v2\/posts\/8121\/revisions\/8124"}],"wp:attachment":[{"href":"https:\/\/agora.xtec.cat\/ceipsorianomontagut\/wp-json\/wp\/v2\/media?parent=8121"}],"wp:term":[{"taxonomy":"category","embeddable":true,"href":"https:\/\/agora.xtec.cat\/ceipsorianomontagut\/wp-json\/wp\/v2\/categories?post=8121"},{"taxonomy":"post_tag","embeddable":true,"href":"https:\/\/agora.xtec.cat\/ceipsorianomontagut\/wp-json\/wp\/v2\/tags?post=8121"}],"curies":[{"name":"wp","href":"https:\/\/api.w.org\/{rel}","templated":true}]}}