{"id":7904,"date":"2023-03-22T10:07:27","date_gmt":"2023-03-22T09:07:27","guid":{"rendered":"https:\/\/agora.xtec.cat\/ceipsorianomontagut\/?p=7904"},"modified":"2023-03-22T10:07:27","modified_gmt":"2023-03-22T09:07:27","slug":"preinscripcio-23-24","status":"publish","type":"post","link":"https:\/\/agora.xtec.cat\/ceipsorianomontagut\/portada\/preinscripcio-23-24\/","title":{"rendered":"Preinscripci\u00f3 23-24"},"content":{"rendered":"<h4><b>Portes obertes i visites personalitzades 2023<\/b><\/h4>\n<h5 style=\"text-align: center;\"><a href=\"https:\/\/agora.xtec.cat\/ceipsorianomontagut\/wp-content\/uploads\/usu1929\/2023\/02\/Tripticinformatiu_2023-.pdf\">Tripticinformatiu_2023<\/a><\/h5>\n<p><span style=\"font-weight: 400;\">Les<\/span><b> portes obertes <\/b><span style=\"font-weight: 400;\">es faran el <\/span><b>dijous 2 de mar\u00e7 a les 15h,<\/b><span style=\"font-weight: 400;\"> consisteixen en una visita per l\u2019escola en ple funcionament (en horari lectiu) on veureu al nostre alumnat treballant les diferents propostes i on tamb\u00e9 us explicarem la nostra mirada educativa.<\/span><\/p>\n<p><span style=\"font-weight: 400;\">Tamb\u00e9 pots demanar una<strong> visita personalitzada<\/strong> al 977702014.<\/span><\/p>\n<h4><b>Qu\u00e8 \u00e9s la preinscripci\u00f3 i com es far\u00e0?<\/b><\/h4>\n<p><span style=\"font-weight: 400;\">La preinscripci\u00f3 escolar \u00e9s un procediment administratiu per assignar una pla\u00e7a a cadascun dels infants o joves que s\u2019escolaritzen per primera vegada en un centre educatiu determinat, de forma ordenada i transparent.<\/span><\/p>\n<p><span style=\"font-weight: 400;\">Cal dirigir-se a al web <\/span><a href=\"https:\/\/preinscripcio.gencat.cat\/\"><span style=\"font-weight: 400;\">preinscripcio.gencat.cat<\/span><\/a><span style=\"font-weight: 400;\">, en el termini establert. Una vegada enviada la sol\u00b7licitud, es rep, per correu electr\u00f2nic, el resguard de la presentaci\u00f3, on s\u2019especifica si cal adjuntar alguna documentaci\u00f3 fotografiada o escanejada.<\/span><\/p>\n<p><b>El proc\u00e9s \u00e9s completament telem\u00e0tic<\/b><span style=\"font-weight: 400;\">. \u00c9s molt important, doncs, que entenguis b\u00e9 alguns aspectes fonamentals: el termini de presentaci\u00f3 de les sol\u00b7licituds, qu\u00e8 necessites per fer-ho i quin \u00e9s el procediment que has de seguir.\u00a0<\/span><\/p>\n<p><b>Si tens qualsevol dubte o no disposes d\u2019un ordinador o terminal per poder realitzar la preinscripci\u00f3, pots posar-te en contacte telef\u00f2nic amb nosaltres al n\u00famero 977702014, demanar cita i t\u2019ajudarem a fer-la.<\/b><\/p>\n<h4><b>Dates importants<\/b><\/h4>\n<p><b>Per\u00edode de preinscripcions<\/b><span style=\"font-weight: 400;\"> del 6 al 20 de mar\u00e7.<\/span><\/p>\n<p><b>Dates de matr\u00edcula<\/b><span style=\"font-weight: 400;\"> del 20 al 28 de juny.<\/span><\/p>\n<h4><b>Qu\u00e8 necessiteu per a fer la preinscripci\u00f3?<\/b><\/h4>\n<ul>\n<li style=\"font-weight: 400;\" aria-level=\"1\"><span style=\"font-weight: 400;\">Ordinador, tauleta o tel\u00e8fon m\u00f2bil amb connexi\u00f3 a Internet.<\/span><\/li>\n<li style=\"font-weight: 400;\" aria-level=\"1\"><span style=\"font-weight: 400;\">El codis del centres (llistats al final d\u2019aquesta secci\u00f3) que voleu indicar a la preinscripci\u00f3 en ordre de prefer\u00e8ncia (primera opci\u00f3, segona opci\u00f3\u2026).<\/span><\/li>\n<li style=\"font-weight: 400;\" aria-level=\"1\"><span style=\"font-weight: 400;\">Tenir fotografiada o escanejada la documentaci\u00f3 detallada a la seg\u00fcent secci\u00f3 en el mateix dispositiu des d\u2019on es far\u00e0 la sol\u00b7licitud.<\/span><\/li>\n<\/ul>\n<p><b>Quan la sol\u00b7licitud de preinscripci\u00f3 es fa per un infant que ha estat matriculat en una llar d\u2019infants o en una escola bressol a Catalunya o per demanar un canvi de centre, \u00e9s a dir, per a alumnes que ja estan escolaritzats a infantil o prim\u00e0ria a Catalunya<\/b><span style=\"font-weight: 400;\">: el codi identificador (IDALU) del Registre d\u2019alumnes de Catalunya (RALC) de l\u2019alumne o alumna.\u00a0 En aquest cas a l\u2019hora de fer la sol\u00b7licitud de preinscripci\u00f3 has de tenir preparat el codi identificador de l\u2019alumne o l\u2019alumna. \u00c9s molt important verificar tamb\u00e9 que tota la informaci\u00f3 que hi apareix \u00e9s correcta. En cas contrari, has de sol\u00b7licitar una rectificaci\u00f3 de les dades, adjuntant la documentaci\u00f3 que correspongui.<\/span><\/p>\n<pre>43006186 Escola Soriano Montagut Amposta\r\n\r\n43000275 Escola Miquel Granell Amposta \r\n\r\n43013099 Institut Escola Agust\u00ed Barber\u00e0 Amposta\r\n\r\n43010773 Escola Consol Ferr\u00e9 Amposta\r\n\r\n43000299 Sagrat Cor Amposta\r\n\r\n<\/pre>\n<h4 class=\"vc_custom_heading\">Com es fa la preinscripci\u00f3?<\/h4>\n<div class=\"wpb_text_column wpb_content_element vc_custom_1646403283100\">\n<div class=\"wpb_wrapper\">\n<p>Accedint al web\u00a0<a href=\"https:\/\/preinscripcio.gencat.cat\/\">preinscripcio.gencat.cat<\/a>.<\/p>\n<p>Cal que el pare, la mare o el tutor o tutora legal que faci el tr\u00e0mit tingui una eina d\u2019identificaci\u00f3 digital, com pot ser la T-CAT, el DNI electr\u00f2nic, el sistema Cl@ve o l\u2019IdCAT M\u00f2bil.<\/p>\n<p><strong>Entre totes les opcions d\u2019identificaci\u00f3 la m\u00e9s f\u00e0cil \u00e9s el sistema d\u2019IdCAT M\u00f2bil<\/strong>. El pot obtenir qualsevol persona m\u00e9s gran de 16 anys amb nacionalitat espanyola o persones estrangeres amb NIE, targeta d\u2019identitat d\u2019estrangeria, passaport, document identificador d\u2019un pa\u00eds de la Uni\u00f3 Europea o targeta de resid\u00e8ncia comunit\u00e0ria. Per aix\u00f2 recomanem que abans que s\u2019obri el proc\u00e9s de preinscripcions ja us doneu d\u2019alta. Podeu fer-ho <a href=\"https:\/\/idcatmobil.seu.cat\/\">aqu\u00ed<\/a>\u00a0i nom\u00e9s necessitareu tenir a m\u00e0:<\/p>\n<ul>\n<li>DNI o TIE (no nom\u00e9s el NIE)<\/li>\n<li>TSI: Targeta Sanit\u00e0ria Individual del CatSalut (Servei Catal\u00e0 de la Salut) o ser titular\/beneficiari de Muface<\/li>\n<li>Tel\u00e8fon m\u00f2bil<\/li>\n<\/ul>\n<h4 class=\"vc_custom_heading\">V\u00eddeos explicatius<\/h4>\n<p><iframe loading=\"lazy\" title=\"YouTube video player\" src=\"https:\/\/www.youtube.com\/embed\/5DvAVUSNLCQ\" width=\"560\" height=\"315\" frameborder=\"0\" allowfullscreen=\"allowfullscreen\" data-mce-fragment=\"1\"><\/iframe><\/p>\n<\/div>\n<\/div>\n","protected":false},"excerpt":{"rendered":"<p>Portes obertes i visites personalitzades 2023 Tripticinformatiu_2023 Les portes obertes es faran el dijous 2 de mar\u00e7 a les 15h, consisteixen en una visita per l\u2019escola en ple funcionament (en horari lectiu) on veureu al nostre alumnat treballant les diferents propostes i on tamb\u00e9 us explicarem la nostra mirada educativa. Tamb\u00e9 pots demanar una visita [&hellip;]<\/p>\n","protected":false},"author":1,"featured_media":7905,"comment_status":"open","ping_status":"closed","sticky":false,"template":"","format":"standard","meta":{"_bbp_topic_count":0,"_bbp_reply_count":0,"_bbp_total_topic_count":0,"_bbp_total_reply_count":0,"_bbp_voice_count":0,"_bbp_anonymous_reply_count":0,"_bbp_topic_count_hidden":0,"_bbp_reply_count_hidden":0,"_bbp_forum_subforum_count":0,"site-sidebar-layout":"default","site-content-layout":"","ast-site-content-layout":"","site-content-style":"default","site-sidebar-style":"default","ast-global-header-display":"","ast-banner-title-visibility":"","ast-main-header-display":"","ast-hfb-above-header-display":"","ast-hfb-below-header-display":"","ast-hfb-mobile-header-display":"","site-post-title":"","ast-breadcrumbs-content":"","ast-featured-img":"","footer-sml-layout":"","theme-transparent-header-meta":"","adv-header-id-meta":"","stick-header-meta":"","header-above-stick-meta":"","header-main-stick-meta":"","header-below-stick-meta":"","astra-migrate-meta-layouts":"default","ast-page-background-enabled":"default","ast-page-background-meta":{"desktop":{"background-color":"var(--ast-global-color-4)","background-image":"","background-repeat":"repeat","background-position":"center center","background-size":"auto","background-attachment":"scroll","background-type":"","background-media":"","overlay-type":"","overlay-color":"","overlay-opacity":"","overlay-gradient":""},"tablet":{"background-color":"","background-image":"","background-repeat":"repeat","background-position":"center center","background-size":"auto","background-attachment":"scroll","background-type":"","background-media":"","overlay-type":"","overlay-color":"","overlay-opacity":"","overlay-gradient":""},"mobile":{"background-color":"","background-image":"","background-repeat":"repeat","background-position":"center center","background-size":"auto","background-attachment":"scroll","background-type":"","background-media":"","overlay-type":"","overlay-color":"","overlay-opacity":"","overlay-gradient":""}},"ast-content-background-meta":{"desktop":{"background-color":"var(--ast-global-color-5)","background-image":"","background-repeat":"repeat","background-position":"center center","background-size":"auto","background-attachment":"scroll","background-type":"","background-media":"","overlay-type":"","overlay-color":"","overlay-opacity":"","overlay-gradient":""},"tablet":{"background-color":"var(--ast-global-color-5)","background-image":"","background-repeat":"repeat","background-position":"center center","background-size":"auto","background-attachment":"scroll","background-type":"","background-media":"","overlay-type":"","overlay-color":"","overlay-opacity":"","overlay-gradient":""},"mobile":{"background-color":"var(--ast-global-color-5)","background-image":"","background-repeat":"repeat","background-position":"center center","background-size":"auto","background-attachment":"scroll","background-type":"","background-media":"","overlay-type":"","overlay-color":"","overlay-opacity":"","overlay-gradient":""}},"footnotes":""},"categories":[4],"tags":[],"class_list":["post-7904","post","type-post","status-publish","format-standard","has-post-thumbnail","hentry","category-portada"],"post_mailing_queue_ids":[],"_links":{"self":[{"href":"https:\/\/agora.xtec.cat\/ceipsorianomontagut\/wp-json\/wp\/v2\/posts\/7904","targetHints":{"allow":["GET"]}}],"collection":[{"href":"https:\/\/agora.xtec.cat\/ceipsorianomontagut\/wp-json\/wp\/v2\/posts"}],"about":[{"href":"https:\/\/agora.xtec.cat\/ceipsorianomontagut\/wp-json\/wp\/v2\/types\/post"}],"author":[{"embeddable":true,"href":"https:\/\/agora.xtec.cat\/ceipsorianomontagut\/wp-json\/wp\/v2\/users\/1"}],"replies":[{"embeddable":true,"href":"https:\/\/agora.xtec.cat\/ceipsorianomontagut\/wp-json\/wp\/v2\/comments?post=7904"}],"version-history":[{"count":1,"href":"https:\/\/agora.xtec.cat\/ceipsorianomontagut\/wp-json\/wp\/v2\/posts\/7904\/revisions"}],"predecessor-version":[{"id":7906,"href":"https:\/\/agora.xtec.cat\/ceipsorianomontagut\/wp-json\/wp\/v2\/posts\/7904\/revisions\/7906"}],"wp:featuredmedia":[{"embeddable":true,"href":"https:\/\/agora.xtec.cat\/ceipsorianomontagut\/wp-json\/wp\/v2\/media\/7905"}],"wp:attachment":[{"href":"https:\/\/agora.xtec.cat\/ceipsorianomontagut\/wp-json\/wp\/v2\/media?parent=7904"}],"wp:term":[{"taxonomy":"category","embeddable":true,"href":"https:\/\/agora.xtec.cat\/ceipsorianomontagut\/wp-json\/wp\/v2\/categories?post=7904"},{"taxonomy":"post_tag","embeddable":true,"href":"https:\/\/agora.xtec.cat\/ceipsorianomontagut\/wp-json\/wp\/v2\/tags?post=7904"}],"curies":[{"name":"wp","href":"https:\/\/api.w.org\/{rel}","templated":true}]}}