{"id":7654,"date":"2022-11-06T12:58:08","date_gmt":"2022-11-06T11:58:08","guid":{"rendered":"https:\/\/agora.xtec.cat\/ceipsorianomontagut\/?p=7654"},"modified":"2022-11-06T13:02:07","modified_gmt":"2022-11-06T12:02:07","slug":"grup-impulsor-pacte","status":"publish","type":"post","link":"https:\/\/agora.xtec.cat\/ceipsorianomontagut\/general\/grup-impulsor-pacte\/","title":{"rendered":"Grup impulsor PACTE"},"content":{"rendered":"<p>El 24 d&#8217;octubre vam fer la primera sessi\u00f3 de la segona fase de la formaci\u00f3 PACTE per la transformaci\u00f3 i millora educativa de l&#8217;escola.<\/p>\n<p>Vam fer una din\u00e0mica\u00a0 sobre els 6 vectors i els descriptors del nou curr\u00edculum.<\/p>\n<p style=\"text-align: right;\">Tamb\u00e9 vam crear el logo del grup impulsor amb objectes personals que representaven el Soriano-Montagut per a nosaltres<\/p>\n<p><img loading=\"lazy\" decoding=\"async\" class=\"aligncenter size-full wp-image-7658\" src=\"https:\/\/agora.xtec.cat\/ceipsorianomontagut\/wp-content\/uploads\/usu1929\/2022\/11\/20221024_180132-1-scaled.jpg\" alt=\"\" width=\"2560\" height=\"1920\" srcset=\"https:\/\/agora.xtec.cat\/ceipsorianomontagut\/wp-content\/uploads\/usu1929\/2022\/11\/20221024_180132-1-scaled.jpg 2560w, https:\/\/agora.xtec.cat\/ceipsorianomontagut\/wp-content\/uploads\/usu1929\/2022\/11\/20221024_180132-1-300x225.jpg 300w, https:\/\/agora.xtec.cat\/ceipsorianomontagut\/wp-content\/uploads\/usu1929\/2022\/11\/20221024_180132-1-1024x768.jpg 1024w, https:\/\/agora.xtec.cat\/ceipsorianomontagut\/wp-content\/uploads\/usu1929\/2022\/11\/20221024_180132-1-768x576.jpg 768w, https:\/\/agora.xtec.cat\/ceipsorianomontagut\/wp-content\/uploads\/usu1929\/2022\/11\/20221024_180132-1-1536x1152.jpg 1536w, https:\/\/agora.xtec.cat\/ceipsorianomontagut\/wp-content\/uploads\/usu1929\/2022\/11\/20221024_180132-1-2048x1536.jpg 2048w, https:\/\/agora.xtec.cat\/ceipsorianomontagut\/wp-content\/uploads\/usu1929\/2022\/11\/20221024_180132-1-200x150.jpg 200w\" sizes=\"auto, (max-width: 2560px) 100vw, 2560px\" \/><img loading=\"lazy\" decoding=\"async\" class=\"aligncenter size-full wp-image-7656\" src=\"https:\/\/agora.xtec.cat\/ceipsorianomontagut\/wp-content\/uploads\/usu1929\/2022\/11\/logo-equip-impulsor-2-scaled.jpg\" alt=\"\" width=\"2560\" height=\"2362\" srcset=\"https:\/\/agora.xtec.cat\/ceipsorianomontagut\/wp-content\/uploads\/usu1929\/2022\/11\/logo-equip-impulsor-2-scaled.jpg 2560w, https:\/\/agora.xtec.cat\/ceipsorianomontagut\/wp-content\/uploads\/usu1929\/2022\/11\/logo-equip-impulsor-2-300x277.jpg 300w, https:\/\/agora.xtec.cat\/ceipsorianomontagut\/wp-content\/uploads\/usu1929\/2022\/11\/logo-equip-impulsor-2-1024x945.jpg 1024w, https:\/\/agora.xtec.cat\/ceipsorianomontagut\/wp-content\/uploads\/usu1929\/2022\/11\/logo-equip-impulsor-2-768x709.jpg 768w, https:\/\/agora.xtec.cat\/ceipsorianomontagut\/wp-content\/uploads\/usu1929\/2022\/11\/logo-equip-impulsor-2-1536x1417.jpg 1536w, https:\/\/agora.xtec.cat\/ceipsorianomontagut\/wp-content\/uploads\/usu1929\/2022\/11\/logo-equip-impulsor-2-2048x1890.jpg 2048w\" sizes=\"auto, (max-width: 2560px) 100vw, 2560px\" \/><img loading=\"lazy\" decoding=\"async\" class=\"aligncenter size-full wp-image-7655\" src=\"https:\/\/agora.xtec.cat\/ceipsorianomontagut\/wp-content\/uploads\/usu1929\/2022\/11\/infografia-6-vectors.png\" alt=\"\" width=\"709\" height=\"1024\" srcset=\"https:\/\/agora.xtec.cat\/ceipsorianomontagut\/wp-content\/uploads\/usu1929\/2022\/11\/infografia-6-vectors.png 709w, https:\/\/agora.xtec.cat\/ceipsorianomontagut\/wp-content\/uploads\/usu1929\/2022\/11\/infografia-6-vectors-208x300.png 208w\" sizes=\"auto, (max-width: 709px) 100vw, 709px\" \/><\/p>\n<p style=\"text-align: left;\">\n","protected":false},"excerpt":{"rendered":"<p>El 24 d&#8217;octubre vam fer la primera sessi\u00f3 de la segona fase de la formaci\u00f3 PACTE per la transformaci\u00f3 i millora educativa de l&#8217;escola. Vam fer una din\u00e0mica\u00a0 sobre els 6 vectors i els descriptors del nou curr\u00edculum. Tamb\u00e9 vam crear el logo del grup impulsor amb objectes personals que representaven el Soriano-Montagut per a [&hellip;]<\/p>\n","protected":false},"author":1,"featured_media":0,"comment_status":"open","ping_status":"closed","sticky":false,"template":"","format":"standard","meta":{"_bbp_topic_count":0,"_bbp_reply_count":0,"_bbp_total_topic_count":0,"_bbp_total_reply_count":0,"_bbp_voice_count":0,"_bbp_anonymous_reply_count":0,"_bbp_topic_count_hidden":0,"_bbp_reply_count_hidden":0,"_bbp_forum_subforum_count":0,"site-sidebar-layout":"default","site-content-layout":"","ast-site-content-layout":"","site-content-style":"default","site-sidebar-style":"default","ast-global-header-display":"","ast-banner-title-visibility":"","ast-main-header-display":"","ast-hfb-above-header-display":"","ast-hfb-below-header-display":"","ast-hfb-mobile-header-display":"","site-post-title":"","ast-breadcrumbs-content":"","ast-featured-img":"","footer-sml-layout":"","theme-transparent-header-meta":"","adv-header-id-meta":"","stick-header-meta":"","header-above-stick-meta":"","header-main-stick-meta":"","header-below-stick-meta":"","astra-migrate-meta-layouts":"default","ast-page-background-enabled":"default","ast-page-background-meta":{"desktop":{"background-color":"var(--ast-global-color-4)","background-image":"","background-repeat":"repeat","background-position":"center center","background-size":"auto","background-attachment":"scroll","background-type":"","background-media":"","overlay-type":"","overlay-color":"","overlay-opacity":"","overlay-gradient":""},"tablet":{"background-color":"","background-image":"","background-repeat":"repeat","background-position":"center center","background-size":"auto","background-attachment":"scroll","background-type":"","background-media":"","overlay-type":"","overlay-color":"","overlay-opacity":"","overlay-gradient":""},"mobile":{"background-color":"","background-image":"","background-repeat":"repeat","background-position":"center center","background-size":"auto","background-attachment":"scroll","background-type":"","background-media":"","overlay-type":"","overlay-color":"","overlay-opacity":"","overlay-gradient":""}},"ast-content-background-meta":{"desktop":{"background-color":"var(--ast-global-color-5)","background-image":"","background-repeat":"repeat","background-position":"center center","background-size":"auto","background-attachment":"scroll","background-type":"","background-media":"","overlay-type":"","overlay-color":"","overlay-opacity":"","overlay-gradient":""},"tablet":{"background-color":"var(--ast-global-color-5)","background-image":"","background-repeat":"repeat","background-position":"center center","background-size":"auto","background-attachment":"scroll","background-type":"","background-media":"","overlay-type":"","overlay-color":"","overlay-opacity":"","overlay-gradient":""},"mobile":{"background-color":"var(--ast-global-color-5)","background-image":"","background-repeat":"repeat","background-position":"center center","background-size":"auto","background-attachment":"scroll","background-type":"","background-media":"","overlay-type":"","overlay-color":"","overlay-opacity":"","overlay-gradient":""}},"footnotes":""},"categories":[1,136,4],"tags":[107],"class_list":["post-7654","post","type-post","status-publish","format-standard","hentry","category-general","category-pacte","category-portada","tag-pacte-exc"],"post_mailing_queue_ids":[],"_links":{"self":[{"href":"https:\/\/agora.xtec.cat\/ceipsorianomontagut\/wp-json\/wp\/v2\/posts\/7654","targetHints":{"allow":["GET"]}}],"collection":[{"href":"https:\/\/agora.xtec.cat\/ceipsorianomontagut\/wp-json\/wp\/v2\/posts"}],"about":[{"href":"https:\/\/agora.xtec.cat\/ceipsorianomontagut\/wp-json\/wp\/v2\/types\/post"}],"author":[{"embeddable":true,"href":"https:\/\/agora.xtec.cat\/ceipsorianomontagut\/wp-json\/wp\/v2\/users\/1"}],"replies":[{"embeddable":true,"href":"https:\/\/agora.xtec.cat\/ceipsorianomontagut\/wp-json\/wp\/v2\/comments?post=7654"}],"version-history":[{"count":3,"href":"https:\/\/agora.xtec.cat\/ceipsorianomontagut\/wp-json\/wp\/v2\/posts\/7654\/revisions"}],"predecessor-version":[{"id":7662,"href":"https:\/\/agora.xtec.cat\/ceipsorianomontagut\/wp-json\/wp\/v2\/posts\/7654\/revisions\/7662"}],"wp:attachment":[{"href":"https:\/\/agora.xtec.cat\/ceipsorianomontagut\/wp-json\/wp\/v2\/media?parent=7654"}],"wp:term":[{"taxonomy":"category","embeddable":true,"href":"https:\/\/agora.xtec.cat\/ceipsorianomontagut\/wp-json\/wp\/v2\/categories?post=7654"},{"taxonomy":"post_tag","embeddable":true,"href":"https:\/\/agora.xtec.cat\/ceipsorianomontagut\/wp-json\/wp\/v2\/tags?post=7654"}],"curies":[{"name":"wp","href":"https:\/\/api.w.org\/{rel}","templated":true}]}}