{"id":7508,"date":"2022-09-22T21:34:58","date_gmt":"2022-09-22T19:34:58","guid":{"rendered":"https:\/\/agora.xtec.cat\/ceipsorianomontagut\/?p=7508"},"modified":"2022-09-22T21:35:28","modified_gmt":"2022-09-22T19:35:28","slug":"espais-comunitat-dels-grans","status":"publish","type":"post","link":"https:\/\/agora.xtec.cat\/ceipsorianomontagut\/general\/espais-comunitat-dels-grans\/","title":{"rendered":"ESPAIS COMUNITAT DELS GRANS."},"content":{"rendered":"<p>Un curs m\u00e9s comencem amb els espais. Aquest curs hem pogut tornar als agrupaments que ten\u00edem abans de la pand\u00e8mia. Els dijous a la tarda, l&#8217;alumnat de la comunitat dels grans (4t, 5\u00e8 i 6\u00e8) fem grups internivells i l&#8217;alumnat fem els espais amb companys\/es dels altres cursos.<\/p>\n<p>Aquest curs comptem amb els seg\u00fcents espais:<\/p>\n<ul style=\"list-style-type: circle;\">\n<li>Angl\u00e8s<\/li>\n<li>Artistes<\/li>\n<li>Connecta&#8217;t<\/li>\n<li>Entorn i natura<\/li>\n<li>Esport i salut<\/li>\n<li>Logical mate<\/li>\n<li>Musiquem<\/li>\n<li>Parauleja<\/li>\n<li>Steam<\/li>\n<\/ul>\n<p>Cadascun d&#8217;aquests espais ens ajuden a desenvolupar i treballar les intel\u00b7lig\u00e8ncies m\u00faltiples amb una metodologia motivadora i l\u00fadica.<\/p>\n<p>Us deixem amb un breu v\u00eddeo del primer dia.<\/p>\n<div class=\"ast-oembed-container \" style=\"height: 100%;\"><iframe loading=\"lazy\" title=\"Espais comunitat dels grans\" width=\"500\" height=\"281\" src=\"https:\/\/www.youtube.com\/embed\/4hPlu4nme9M?feature=oembed\" frameborder=\"0\" allow=\"accelerometer; autoplay; clipboard-write; encrypted-media; gyroscope; picture-in-picture; web-share\" referrerpolicy=\"strict-origin-when-cross-origin\" allowfullscreen><\/iframe><\/div>\n","protected":false},"excerpt":{"rendered":"<p>Un curs m\u00e9s comencem amb els espais. Aquest curs hem pogut tornar als agrupaments que ten\u00edem abans de la pand\u00e8mia. Els dijous a la tarda, l&#8217;alumnat de la comunitat dels grans (4t, 5\u00e8 i 6\u00e8) fem grups internivells i l&#8217;alumnat fem els espais amb companys\/es dels altres cursos. Aquest curs comptem amb els seg\u00fcents espais: [&hellip;]<\/p>\n","protected":false},"author":1,"featured_media":7509,"comment_status":"open","ping_status":"closed","sticky":false,"template":"","format":"standard","meta":{"_bbp_topic_count":0,"_bbp_reply_count":0,"_bbp_total_topic_count":0,"_bbp_total_reply_count":0,"_bbp_voice_count":0,"_bbp_anonymous_reply_count":0,"_bbp_topic_count_hidden":0,"_bbp_reply_count_hidden":0,"_bbp_forum_subforum_count":0,"site-sidebar-layout":"default","site-content-layout":"","ast-site-content-layout":"","site-content-style":"default","site-sidebar-style":"default","ast-global-header-display":"","ast-banner-title-visibility":"","ast-main-header-display":"","ast-hfb-above-header-display":"","ast-hfb-below-header-display":"","ast-hfb-mobile-header-display":"","site-post-title":"","ast-breadcrumbs-content":"","ast-featured-img":"","footer-sml-layout":"","theme-transparent-header-meta":"","adv-header-id-meta":"","stick-header-meta":"","header-above-stick-meta":"","header-main-stick-meta":"","header-below-stick-meta":"","astra-migrate-meta-layouts":"default","ast-page-background-enabled":"default","ast-page-background-meta":{"desktop":{"background-color":"var(--ast-global-color-4)","background-image":"","background-repeat":"repeat","background-position":"center center","background-size":"auto","background-attachment":"scroll","background-type":"","background-media":"","overlay-type":"","overlay-color":"","overlay-opacity":"","overlay-gradient":""},"tablet":{"background-color":"","background-image":"","background-repeat":"repeat","background-position":"center center","background-size":"auto","background-attachment":"scroll","background-type":"","background-media":"","overlay-type":"","overlay-color":"","overlay-opacity":"","overlay-gradient":""},"mobile":{"background-color":"","background-image":"","background-repeat":"repeat","background-position":"center center","background-size":"auto","background-attachment":"scroll","background-type":"","background-media":"","overlay-type":"","overlay-color":"","overlay-opacity":"","overlay-gradient":""}},"ast-content-background-meta":{"desktop":{"background-color":"var(--ast-global-color-5)","background-image":"","background-repeat":"repeat","background-position":"center center","background-size":"auto","background-attachment":"scroll","background-type":"","background-media":"","overlay-type":"","overlay-color":"","overlay-opacity":"","overlay-gradient":""},"tablet":{"background-color":"var(--ast-global-color-5)","background-image":"","background-repeat":"repeat","background-position":"center center","background-size":"auto","background-attachment":"scroll","background-type":"","background-media":"","overlay-type":"","overlay-color":"","overlay-opacity":"","overlay-gradient":""},"mobile":{"background-color":"var(--ast-global-color-5)","background-image":"","background-repeat":"repeat","background-position":"center center","background-size":"auto","background-attachment":"scroll","background-type":"","background-media":"","overlay-type":"","overlay-color":"","overlay-opacity":"","overlay-gradient":""}},"footnotes":""},"categories":[13,14,103,15,70,71,139,1,4],"tags":[],"class_list":["post-7508","post","type-post","status-publish","format-standard","has-post-thumbnail","hentry","category-4t","category-5e","category-103","category-6e","category-cicle-mitja","category-cicle-superior","category-espais","category-general","category-portada"],"post_mailing_queue_ids":[],"_links":{"self":[{"href":"https:\/\/agora.xtec.cat\/ceipsorianomontagut\/wp-json\/wp\/v2\/posts\/7508","targetHints":{"allow":["GET"]}}],"collection":[{"href":"https:\/\/agora.xtec.cat\/ceipsorianomontagut\/wp-json\/wp\/v2\/posts"}],"about":[{"href":"https:\/\/agora.xtec.cat\/ceipsorianomontagut\/wp-json\/wp\/v2\/types\/post"}],"author":[{"embeddable":true,"href":"https:\/\/agora.xtec.cat\/ceipsorianomontagut\/wp-json\/wp\/v2\/users\/1"}],"replies":[{"embeddable":true,"href":"https:\/\/agora.xtec.cat\/ceipsorianomontagut\/wp-json\/wp\/v2\/comments?post=7508"}],"version-history":[{"count":1,"href":"https:\/\/agora.xtec.cat\/ceipsorianomontagut\/wp-json\/wp\/v2\/posts\/7508\/revisions"}],"predecessor-version":[{"id":7510,"href":"https:\/\/agora.xtec.cat\/ceipsorianomontagut\/wp-json\/wp\/v2\/posts\/7508\/revisions\/7510"}],"wp:featuredmedia":[{"embeddable":true,"href":"https:\/\/agora.xtec.cat\/ceipsorianomontagut\/wp-json\/wp\/v2\/media\/7509"}],"wp:attachment":[{"href":"https:\/\/agora.xtec.cat\/ceipsorianomontagut\/wp-json\/wp\/v2\/media?parent=7508"}],"wp:term":[{"taxonomy":"category","embeddable":true,"href":"https:\/\/agora.xtec.cat\/ceipsorianomontagut\/wp-json\/wp\/v2\/categories?post=7508"},{"taxonomy":"post_tag","embeddable":true,"href":"https:\/\/agora.xtec.cat\/ceipsorianomontagut\/wp-json\/wp\/v2\/tags?post=7508"}],"curies":[{"name":"wp","href":"https:\/\/api.w.org\/{rel}","templated":true}]}}