{"id":7025,"date":"2022-04-07T14:15:12","date_gmt":"2022-04-07T12:15:12","guid":{"rendered":"https:\/\/agora.xtec.cat\/ceipsorianomontagut\/?p=7025"},"modified":"2022-04-07T23:05:17","modified_gmt":"2022-04-07T21:05:17","slug":"reimaginem-lescola","status":"publish","type":"post","link":"https:\/\/agora.xtec.cat\/ceipsorianomontagut\/general\/reimaginem-lescola\/","title":{"rendered":"Reimaginem l&#8217;escola"},"content":{"rendered":"<p>&nbsp;<\/p>\n<p style=\"font-family: 'Helvetica Neue', Helvetica, Helvetica, Arial, sans-serif; font-size: 16px;\"><img loading=\"lazy\" decoding=\"async\" class=\" wp-image-7027 alignright\" src=\"https:\/\/agora.xtec.cat\/ceipsorianomontagut\/wp-content\/uploads\/usu1929\/2022\/04\/p.png\" alt=\"\" width=\"672\" height=\"276\" srcset=\"https:\/\/agora.xtec.cat\/ceipsorianomontagut\/wp-content\/uploads\/usu1929\/2022\/04\/p.png 592w, https:\/\/agora.xtec.cat\/ceipsorianomontagut\/wp-content\/uploads\/usu1929\/2022\/04\/p-300x124.png 300w\" sizes=\"auto, (max-width: 672px) 100vw, 672px\" \/>Aquest mes de mar\u00e7 el claustre de l\u2019escola ens hem trobat en reunions pedag\u00f2giques per poder reflexionar sobre quina \u00e9s l\u2019escola que volem. La primera sessi\u00f3 es va centrar en els 4 pilars de l\u2019aprenentatge: Aprendre a con\u00e8ixer, aprendre a fer, aprendre a conviure i a prendre a ser. A partir de la din\u00e0mica \u201cReimaginem l\u2019escola\u201d, on es proposen dos preguntes, els\/les mestres i personal del PAE enganxen, en un post-it, les seves idees al mural dels 4 pilars de l\u2019aprenentatge. A partir d\u2019aqui veiem que a la nostra escola donem molta import\u00e0ncia al saber ser i conviure, i els altres dos pilars del saber fer i con\u00e8ixer queden m\u00e9s en un segon pla. Aquest fet ens fa adonar de la\u00a0<span style=\"font-family: inherit; font-size: 1em;\">import\u00e0ncia de refor\u00e7ar l\u2019autoestima, l\u2019esfor\u00e7, l\u2019autonomia i la const\u00e0ncia.<\/span><\/p>\n<p>La segona sessi\u00f3 va ser la din\u00e0mica de \u201cl\u2019hora del pica-pica metodol\u00f2gic\u201d organitza<img loading=\"lazy\" decoding=\"async\" class=\"wp-image-7028 alignright\" src=\"https:\/\/agora.xtec.cat\/ceipsorianomontagut\/wp-content\/uploads\/usu1929\/2022\/04\/pactem.png\" alt=\"\" width=\"153\" height=\"188\" srcset=\"https:\/\/agora.xtec.cat\/ceipsorianomontagut\/wp-content\/uploads\/usu1929\/2022\/04\/pactem.png 270w, https:\/\/agora.xtec.cat\/ceipsorianomontagut\/wp-content\/uploads\/usu1929\/2022\/04\/pactem-245x300.png 245w\" sizes=\"auto, (max-width: 153px) 100vw, 153px\" \/>t en 3 aules amb una pregu<span style=\"font-family: inherit; font-size: 1em;\">nta per reflexionar sobre les pr\u00e0<\/span><span style=\"font-family: inherit; font-size: 1em;\">ctique<\/span><span style=\"font-family: inherit; font-size: 1em;\">s d\u2019ap<\/span><span style=\"font-family: inherit; font-size: 1em;\">renen<\/span><span style=\"font-family: inherit; font-size: 1em;\">tatge, l\u2019avaluaci\u00f3 i l\u2019organitzaci\u00f3 del temps i l\u2019espai. Coincidim en qu\u00e8 l\u2019escola que volem s\u2019ha de basar en l\u2019aprenentatge significatiu i competencial, respectant els interessos i motivacions de l\u2019alumnat, afavorint el treball emocional i cooperatiu. Necessitem repensar l\u2019avaluaci\u00f3, una avaluaci\u00f3 m\u00e9s competencial i participativa per part de l\u2019alumnat. Volem que sigui un espai funcional i flexible tant en horaris com en agrupaments d\u2019infants oberta a les diferents situacions d\u2019aprenentatge que ens ofereix el nostre entorn proper.<\/span><\/p>\n<p>&nbsp;<\/p>\n<p><img loading=\"lazy\" decoding=\"async\" class=\"alignnone wp-image-7026\" src=\"https:\/\/agora.xtec.cat\/ceipsorianomontagut\/wp-content\/uploads\/usu1929\/2022\/04\/ppp.png\" alt=\"\" width=\"361\" height=\"240\" \/><img loading=\"lazy\" decoding=\"async\" class=\"alignnone wp-image-7029\" src=\"https:\/\/agora.xtec.cat\/ceipsorianomontagut\/wp-content\/uploads\/usu1929\/2022\/04\/pacte.png\" alt=\"\" width=\"448\" height=\"329\" srcset=\"https:\/\/agora.xtec.cat\/ceipsorianomontagut\/wp-content\/uploads\/usu1929\/2022\/04\/pacte.png 488w, https:\/\/agora.xtec.cat\/ceipsorianomontagut\/wp-content\/uploads\/usu1929\/2022\/04\/pacte-300x220.png 300w\" sizes=\"auto, (max-width: 448px) 100vw, 448px\" \/><\/p>\n","protected":false},"excerpt":{"rendered":"<p>&nbsp; Aquest mes de mar\u00e7 el claustre de l\u2019escola ens hem trobat en reunions pedag\u00f2giques per poder reflexionar sobre quina \u00e9s l\u2019escola que volem. La primera sessi\u00f3 es va centrar en els 4 pilars de l\u2019aprenentatge: Aprendre a con\u00e8ixer, aprendre a fer, aprendre a conviure i a prendre a ser. A partir de la din\u00e0mica [&hellip;]<\/p>\n","protected":false},"author":1,"featured_media":7027,"comment_status":"open","ping_status":"closed","sticky":false,"template":"","format":"standard","meta":{"_bbp_topic_count":0,"_bbp_reply_count":0,"_bbp_total_topic_count":0,"_bbp_total_reply_count":0,"_bbp_voice_count":0,"_bbp_anonymous_reply_count":0,"_bbp_topic_count_hidden":0,"_bbp_reply_count_hidden":0,"_bbp_forum_subforum_count":0,"site-sidebar-layout":"default","site-content-layout":"","ast-site-content-layout":"","site-content-style":"default","site-sidebar-style":"default","ast-global-header-display":"","ast-banner-title-visibility":"","ast-main-header-display":"","ast-hfb-above-header-display":"","ast-hfb-below-header-display":"","ast-hfb-mobile-header-display":"","site-post-title":"","ast-breadcrumbs-content":"","ast-featured-img":"","footer-sml-layout":"","theme-transparent-header-meta":"","adv-header-id-meta":"","stick-header-meta":"","header-above-stick-meta":"","header-main-stick-meta":"","header-below-stick-meta":"","astra-migrate-meta-layouts":"default","ast-page-background-enabled":"default","ast-page-background-meta":{"desktop":{"background-color":"var(--ast-global-color-4)","background-image":"","background-repeat":"repeat","background-position":"center center","background-size":"auto","background-attachment":"scroll","background-type":"","background-media":"","overlay-type":"","overlay-color":"","overlay-opacity":"","overlay-gradient":""},"tablet":{"background-color":"","background-image":"","background-repeat":"repeat","background-position":"center center","background-size":"auto","background-attachment":"scroll","background-type":"","background-media":"","overlay-type":"","overlay-color":"","overlay-opacity":"","overlay-gradient":""},"mobile":{"background-color":"","background-image":"","background-repeat":"repeat","background-position":"center center","background-size":"auto","background-attachment":"scroll","background-type":"","background-media":"","overlay-type":"","overlay-color":"","overlay-opacity":"","overlay-gradient":""}},"ast-content-background-meta":{"desktop":{"background-color":"var(--ast-global-color-5)","background-image":"","background-repeat":"repeat","background-position":"center center","background-size":"auto","background-attachment":"scroll","background-type":"","background-media":"","overlay-type":"","overlay-color":"","overlay-opacity":"","overlay-gradient":""},"tablet":{"background-color":"var(--ast-global-color-5)","background-image":"","background-repeat":"repeat","background-position":"center center","background-size":"auto","background-attachment":"scroll","background-type":"","background-media":"","overlay-type":"","overlay-color":"","overlay-opacity":"","overlay-gradient":""},"mobile":{"background-color":"var(--ast-global-color-5)","background-image":"","background-repeat":"repeat","background-position":"center center","background-size":"auto","background-attachment":"scroll","background-type":"","background-media":"","overlay-type":"","overlay-color":"","overlay-opacity":"","overlay-gradient":""}},"footnotes":""},"categories":[1,4,5],"tags":[],"class_list":["post-7025","post","type-post","status-publish","format-standard","has-post-thumbnail","hentry","category-general","category-portada","category-primaria"],"post_mailing_queue_ids":[],"_links":{"self":[{"href":"https:\/\/agora.xtec.cat\/ceipsorianomontagut\/wp-json\/wp\/v2\/posts\/7025","targetHints":{"allow":["GET"]}}],"collection":[{"href":"https:\/\/agora.xtec.cat\/ceipsorianomontagut\/wp-json\/wp\/v2\/posts"}],"about":[{"href":"https:\/\/agora.xtec.cat\/ceipsorianomontagut\/wp-json\/wp\/v2\/types\/post"}],"author":[{"embeddable":true,"href":"https:\/\/agora.xtec.cat\/ceipsorianomontagut\/wp-json\/wp\/v2\/users\/1"}],"replies":[{"embeddable":true,"href":"https:\/\/agora.xtec.cat\/ceipsorianomontagut\/wp-json\/wp\/v2\/comments?post=7025"}],"version-history":[{"count":2,"href":"https:\/\/agora.xtec.cat\/ceipsorianomontagut\/wp-json\/wp\/v2\/posts\/7025\/revisions"}],"predecessor-version":[{"id":7053,"href":"https:\/\/agora.xtec.cat\/ceipsorianomontagut\/wp-json\/wp\/v2\/posts\/7025\/revisions\/7053"}],"wp:featuredmedia":[{"embeddable":true,"href":"https:\/\/agora.xtec.cat\/ceipsorianomontagut\/wp-json\/wp\/v2\/media\/7027"}],"wp:attachment":[{"href":"https:\/\/agora.xtec.cat\/ceipsorianomontagut\/wp-json\/wp\/v2\/media?parent=7025"}],"wp:term":[{"taxonomy":"category","embeddable":true,"href":"https:\/\/agora.xtec.cat\/ceipsorianomontagut\/wp-json\/wp\/v2\/categories?post=7025"},{"taxonomy":"post_tag","embeddable":true,"href":"https:\/\/agora.xtec.cat\/ceipsorianomontagut\/wp-json\/wp\/v2\/tags?post=7025"}],"curies":[{"name":"wp","href":"https:\/\/api.w.org\/{rel}","templated":true}]}}