{"id":6759,"date":"2021-12-21T12:09:58","date_gmt":"2021-12-21T11:09:58","guid":{"rendered":"https:\/\/agora.xtec.cat\/ceipsorianomontagut\/?p=6759"},"modified":"2022-06-04T19:43:58","modified_gmt":"2022-06-04T17:43:58","slug":"ultima-sessio-de-lany-de-facilitacio-al-grup-impulsor-del-pacte","status":"publish","type":"post","link":"https:\/\/agora.xtec.cat\/ceipsorianomontagut\/general\/ultima-sessio-de-lany-de-facilitacio-al-grup-impulsor-del-pacte\/","title":{"rendered":"\u00daLTIMA SESSI\u00d3 DE L\u2019ANY DE FACILITACI\u00d3 AL GRUP IMPULSOR DEL PACTE"},"content":{"rendered":"<p><span style=\"font-family: inherit; font-size: 1em;\">El 17 de desembre el grup impulsor del PACTE ens vam reunir amb la \u00a0M\u00f2nica, la nostra facilitadora. Vam reflexionar sobre els nostres valors com a equip: donem molta import\u00e0ncia a la motivaci\u00f3 i la passi\u00f3 per la nostra tasca, el lideratge, el creixement per anar fent cam\u00ed i sobretot el sentiment de pertinen\u00e7a, tenir molt clar les nostres caracter\u00edstiques i singularitats com a centre.<\/span><\/p>\n<p><a name=\"_GoBack\"><\/a>La facilitadora ens va proporcionar idees de com fer el trasp\u00e0s d\u2019informaci\u00f3 a la resta de claustre i ens va encomanar la tasca a fer per seguir endavant amb la nostra transformaci\u00f3. I per acabar la sessi\u00f3 vam reflexionar sobre quina escola volem que sigui el Soriano-Montagut: \u201cUNA ESCOLA PER A TOTHOM\u201d<\/p>\n<p>&nbsp;<\/p>\n<p class=\"s3\"><span class=\"s2\"><span class=\"bumpedFont15\">#LabReferent #<\/span><\/span><span class=\"s2\"><span class=\"bumpedFont15\">PAcTE<\/span><\/span><span class=\"s2\"><span class=\"bumpedFont15\">\/<\/span><\/span><span class=\"s2\"><span class=\"bumpedFont15\">ExC #<\/span><\/span><span class=\"s2\"><span class=\"bumpedFont15\">XTTE<\/span><\/span><\/p>\n","protected":false},"excerpt":{"rendered":"<p>El 17 de desembre el grup impulsor del PACTE ens vam reunir amb la \u00a0M\u00f2nica, la nostra facilitadora. Vam reflexionar sobre els nostres valors com a equip: donem molta import\u00e0ncia a la motivaci\u00f3 i la passi\u00f3 per la nostra tasca, el lideratge, el creixement per anar fent cam\u00ed i sobretot el sentiment de pertinen\u00e7a, tenir [&hellip;]<\/p>\n","protected":false},"author":1,"featured_media":6760,"comment_status":"open","ping_status":"closed","sticky":false,"template":"","format":"standard","meta":{"_bbp_topic_count":0,"_bbp_reply_count":0,"_bbp_total_topic_count":0,"_bbp_total_reply_count":0,"_bbp_voice_count":0,"_bbp_anonymous_reply_count":0,"_bbp_topic_count_hidden":0,"_bbp_reply_count_hidden":0,"_bbp_forum_subforum_count":0,"site-sidebar-layout":"default","site-content-layout":"","ast-site-content-layout":"","site-content-style":"default","site-sidebar-style":"default","ast-global-header-display":"","ast-banner-title-visibility":"","ast-main-header-display":"","ast-hfb-above-header-display":"","ast-hfb-below-header-display":"","ast-hfb-mobile-header-display":"","site-post-title":"","ast-breadcrumbs-content":"","ast-featured-img":"","footer-sml-layout":"","theme-transparent-header-meta":"","adv-header-id-meta":"","stick-header-meta":"","header-above-stick-meta":"","header-main-stick-meta":"","header-below-stick-meta":"","astra-migrate-meta-layouts":"default","ast-page-background-enabled":"default","ast-page-background-meta":{"desktop":{"background-color":"var(--ast-global-color-4)","background-image":"","background-repeat":"repeat","background-position":"center center","background-size":"auto","background-attachment":"scroll","background-type":"","background-media":"","overlay-type":"","overlay-color":"","overlay-opacity":"","overlay-gradient":""},"tablet":{"background-color":"","background-image":"","background-repeat":"repeat","background-position":"center center","background-size":"auto","background-attachment":"scroll","background-type":"","background-media":"","overlay-type":"","overlay-color":"","overlay-opacity":"","overlay-gradient":""},"mobile":{"background-color":"","background-image":"","background-repeat":"repeat","background-position":"center center","background-size":"auto","background-attachment":"scroll","background-type":"","background-media":"","overlay-type":"","overlay-color":"","overlay-opacity":"","overlay-gradient":""}},"ast-content-background-meta":{"desktop":{"background-color":"var(--ast-global-color-5)","background-image":"","background-repeat":"repeat","background-position":"center center","background-size":"auto","background-attachment":"scroll","background-type":"","background-media":"","overlay-type":"","overlay-color":"","overlay-opacity":"","overlay-gradient":""},"tablet":{"background-color":"var(--ast-global-color-5)","background-image":"","background-repeat":"repeat","background-position":"center center","background-size":"auto","background-attachment":"scroll","background-type":"","background-media":"","overlay-type":"","overlay-color":"","overlay-opacity":"","overlay-gradient":""},"mobile":{"background-color":"var(--ast-global-color-5)","background-image":"","background-repeat":"repeat","background-position":"center center","background-size":"auto","background-attachment":"scroll","background-type":"","background-media":"","overlay-type":"","overlay-color":"","overlay-opacity":"","overlay-gradient":""}},"footnotes":""},"categories":[1,136,4,5],"tags":[],"class_list":["post-6759","post","type-post","status-publish","format-standard","has-post-thumbnail","hentry","category-general","category-pacte","category-portada","category-primaria"],"post_mailing_queue_ids":[],"_links":{"self":[{"href":"https:\/\/agora.xtec.cat\/ceipsorianomontagut\/wp-json\/wp\/v2\/posts\/6759","targetHints":{"allow":["GET"]}}],"collection":[{"href":"https:\/\/agora.xtec.cat\/ceipsorianomontagut\/wp-json\/wp\/v2\/posts"}],"about":[{"href":"https:\/\/agora.xtec.cat\/ceipsorianomontagut\/wp-json\/wp\/v2\/types\/post"}],"author":[{"embeddable":true,"href":"https:\/\/agora.xtec.cat\/ceipsorianomontagut\/wp-json\/wp\/v2\/users\/1"}],"replies":[{"embeddable":true,"href":"https:\/\/agora.xtec.cat\/ceipsorianomontagut\/wp-json\/wp\/v2\/comments?post=6759"}],"version-history":[{"count":1,"href":"https:\/\/agora.xtec.cat\/ceipsorianomontagut\/wp-json\/wp\/v2\/posts\/6759\/revisions"}],"predecessor-version":[{"id":6761,"href":"https:\/\/agora.xtec.cat\/ceipsorianomontagut\/wp-json\/wp\/v2\/posts\/6759\/revisions\/6761"}],"wp:featuredmedia":[{"embeddable":true,"href":"https:\/\/agora.xtec.cat\/ceipsorianomontagut\/wp-json\/wp\/v2\/media\/6760"}],"wp:attachment":[{"href":"https:\/\/agora.xtec.cat\/ceipsorianomontagut\/wp-json\/wp\/v2\/media?parent=6759"}],"wp:term":[{"taxonomy":"category","embeddable":true,"href":"https:\/\/agora.xtec.cat\/ceipsorianomontagut\/wp-json\/wp\/v2\/categories?post=6759"},{"taxonomy":"post_tag","embeddable":true,"href":"https:\/\/agora.xtec.cat\/ceipsorianomontagut\/wp-json\/wp\/v2\/tags?post=6759"}],"curies":[{"name":"wp","href":"https:\/\/api.w.org\/{rel}","templated":true}]}}