{"id":6595,"date":"2021-11-12T19:23:51","date_gmt":"2021-11-12T18:23:51","guid":{"rendered":"https:\/\/agora.xtec.cat\/ceipsorianomontagut\/?p=6595"},"modified":"2021-11-12T19:23:51","modified_gmt":"2021-11-12T18:23:51","slug":"benvinguts-a-laula-de-plastica","status":"publish","type":"post","link":"https:\/\/agora.xtec.cat\/ceipsorianomontagut\/portada\/benvinguts-a-laula-de-plastica\/","title":{"rendered":"Benvinguts a l\u2019aula de pl\u00e0stica"},"content":{"rendered":"<p class=\"s3\"><span class=\"s2\"><span class=\"bumpedFont15\">Des de <\/span><\/span><span class=\"s2\"><span class=\"bumpedFont15\">l<\/span><\/span><span class=\"s2\"><span class=\"bumpedFont15\">\u00b4\u00e0rea<\/span><\/span> <span class=\"s2\"><span class=\"bumpedFont15\">d\u00b4Educaci\u00f3<\/span><\/span><span class=\"s2\"><span class=\"bumpedFont15\"> Visual i P<\/span><\/span><span class=\"s2\"><span class=\"bumpedFont15\">l\u00e0stica, volem compartir les activitats que <\/span><\/span><span class=\"s2\"><span class=\"bumpedFont15\">hem fet i <\/span><\/span><span class=\"s2\"><span class=\"bumpedFont15\">estem fent a <\/span><\/span><span class=\"s2\"><span class=\"bumpedFont15\">tots els cursos de <\/span><\/span><span class=\"s2\"><span class=\"bumpedFont15\">Prim\u00e0ria.<\/span><\/span><span class=\"s2\"><span class=\"bumpedFont15\"> A m\u00e9s, reforcem <\/span><\/span><span class=\"s2\"><span class=\"bumpedFont15\">l\u00b4expressi\u00f3<\/span><\/span><span class=\"s2\"><span class=\"bumpedFont15\"> oral en llengua anglesa dins <\/span><\/span><span class=\"s2\"><span class=\"bumpedFont15\">l\u00b4aula<\/span><\/span><span class=\"s2\"><span class=\"bumpedFont15\"> de Pl\u00e0stica. <\/span><\/span><span class=\"s2\"><span class=\"bumpedFont15\">L\u00b4\u00e0rea<\/span><\/span><span class=\"s2\"><span class=\"bumpedFont15\"> est\u00e0 dirigida per la \u201c<\/span><\/span><span class=\"s2\"><span class=\"bumpedFont15\">Teacher<\/span><\/span> <span class=\"s2\"><span class=\"bumpedFont15\">M.Pau<\/span><\/span><span class=\"s2\"><span class=\"bumpedFont15\">\u201d, t\u00e8cnic<\/span><\/span><span class=\"s2\"><span class=\"bumpedFont15\">a<\/span><\/span> <span class=\"s2\"><span class=\"bumpedFont15\">gradua<\/span><\/span><span class=\"s2\"><span class=\"bumpedFont15\">da en Belles Arts, i el \u201c<\/span><\/span><span class=\"s2\"><span class=\"bumpedFont15\">Teacher<\/span><\/span><span class=\"s2\"><span class=\"bumpedFont15\"> Fernando\u201d, mestre <\/span><\/span><span class=\"s2\"><span class=\"bumpedFont15\">d\u00b4angl\u00e8s<\/span><\/span><span class=\"s2\"><span class=\"bumpedFont15\">.<\/span><\/span><\/p>\n<p class=\"s3\"><span class=\"s2\"><span class=\"bumpedFont15\">Hem comen\u00e7at aprenent algunes t\u00e8cniques que ens serviran<\/span><\/span><span class=\"s2\"><span class=\"bumpedFont15\">,<\/span><\/span><span class=\"s2\"><span class=\"bumpedFont15\"> posteriorment<\/span><\/span><span class=\"s2\"><span class=\"bumpedFont15\">,<\/span><\/span><span class=\"s2\"><span class=\"bumpedFont15\"> per <\/span><\/span><span class=\"s2\"><span class=\"bumpedFont15\">a la <\/span><\/span><span class=\"s2\"><span class=\"bumpedFont15\">millora<\/span><\/span><span class=\"s2\"><span class=\"bumpedFont15\"> de <\/span><\/span><span class=\"s2\"><span class=\"bumpedFont15\">les nostres obres <\/span><\/span><span class=\"s2\"><span class=\"bumpedFont15\">d\u00b4art<\/span><\/span><span class=\"s2\"><span class=\"bumpedFont15\">.<\/span><\/span><span class=\"s2\"><span class=\"bumpedFont15\"> Hem tre<\/span><\/span><span class=\"s2\"><span class=\"bumpedFont15\">ballat <\/span><\/span><span class=\"s2\"><span class=\"bumpedFont15\">partint de la lectura <\/span><\/span><span class=\"s2\"><span class=\"bumpedFont15\">d\u00b4un<\/span><\/span><span class=\"s2\"><span class=\"bumpedFont15\"> conte. H<\/span><\/span><span class=\"s2\"><span class=\"bumpedFont15\">em inspirat a un pintor catal\u00e0 fam\u00f3s<\/span><\/span><span class=\"s2\"><span class=\"bumpedFont15\"> que ens ha pintat un mural a <\/span><\/span><span class=\"s2\"><span class=\"bumpedFont15\">l\u00b4escola<\/span><\/span><span class=\"s2\"><span class=\"bumpedFont15\">. H<\/span><\/span><span class=\"s2\"><span class=\"bumpedFont15\">em fet servir elements que podem trobar a la natura<\/span><\/span><span class=\"s2\"><span class=\"bumpedFont15\">. I<\/span><\/span><span class=\"s2\"><span class=\"bumpedFont15\">, molt aviat, <\/span><\/span><span class=\"s2\"><span class=\"bumpedFont15\">ens endinsarem en el m\u00f3n de la tecnologia per tal <\/span><\/span><span class=\"s2\"><span class=\"bumpedFont15\">d\u00b4ajudar-nos<\/span><\/span><span class=\"s2\"><span class=\"bumpedFont15\"> amb les nostres creacions.<\/span><\/span><\/p>\n<div class=\"ast-oembed-container \" style=\"height: 100%;\"><iframe loading=\"lazy\" title=\"Art Class\" width=\"500\" height=\"281\" src=\"https:\/\/www.youtube.com\/embed\/dOvhymPY1-g?feature=oembed\" frameborder=\"0\" allow=\"accelerometer; autoplay; clipboard-write; encrypted-media; gyroscope; picture-in-picture; web-share\" referrerpolicy=\"strict-origin-when-cross-origin\" allowfullscreen><\/iframe><\/div>\n","protected":false},"excerpt":{"rendered":"<p>Des de l\u00b4\u00e0rea d\u00b4Educaci\u00f3 Visual i Pl\u00e0stica, volem compartir les activitats que hem fet i estem fent a tots els cursos de Prim\u00e0ria. A m\u00e9s, reforcem l\u00b4expressi\u00f3 oral en llengua anglesa dins l\u00b4aula de Pl\u00e0stica. L\u00b4\u00e0rea est\u00e0 dirigida per la \u201cTeacher M.Pau\u201d, t\u00e8cnica graduada en Belles Arts, i el \u201cTeacher Fernando\u201d, mestre d\u00b4angl\u00e8s. Hem comen\u00e7at [&hellip;]<\/p>\n","protected":false},"author":1,"featured_media":6596,"comment_status":"open","ping_status":"closed","sticky":false,"template":"","format":"standard","meta":{"_bbp_topic_count":0,"_bbp_reply_count":0,"_bbp_total_topic_count":0,"_bbp_total_reply_count":0,"_bbp_voice_count":0,"_bbp_anonymous_reply_count":0,"_bbp_topic_count_hidden":0,"_bbp_reply_count_hidden":0,"_bbp_forum_subforum_count":0,"site-sidebar-layout":"default","site-content-layout":"","ast-site-content-layout":"","site-content-style":"default","site-sidebar-style":"default","ast-global-header-display":"","ast-banner-title-visibility":"","ast-main-header-display":"","ast-hfb-above-header-display":"","ast-hfb-below-header-display":"","ast-hfb-mobile-header-display":"","site-post-title":"","ast-breadcrumbs-content":"","ast-featured-img":"","footer-sml-layout":"","theme-transparent-header-meta":"","adv-header-id-meta":"","stick-header-meta":"","header-above-stick-meta":"","header-main-stick-meta":"","header-below-stick-meta":"","astra-migrate-meta-layouts":"default","ast-page-background-enabled":"default","ast-page-background-meta":{"desktop":{"background-color":"var(--ast-global-color-4)","background-image":"","background-repeat":"repeat","background-position":"center center","background-size":"auto","background-attachment":"scroll","background-type":"","background-media":"","overlay-type":"","overlay-color":"","overlay-opacity":"","overlay-gradient":""},"tablet":{"background-color":"","background-image":"","background-repeat":"repeat","background-position":"center center","background-size":"auto","background-attachment":"scroll","background-type":"","background-media":"","overlay-type":"","overlay-color":"","overlay-opacity":"","overlay-gradient":""},"mobile":{"background-color":"","background-image":"","background-repeat":"repeat","background-position":"center center","background-size":"auto","background-attachment":"scroll","background-type":"","background-media":"","overlay-type":"","overlay-color":"","overlay-opacity":"","overlay-gradient":""}},"ast-content-background-meta":{"desktop":{"background-color":"var(--ast-global-color-5)","background-image":"","background-repeat":"repeat","background-position":"center center","background-size":"auto","background-attachment":"scroll","background-type":"","background-media":"","overlay-type":"","overlay-color":"","overlay-opacity":"","overlay-gradient":""},"tablet":{"background-color":"var(--ast-global-color-5)","background-image":"","background-repeat":"repeat","background-position":"center center","background-size":"auto","background-attachment":"scroll","background-type":"","background-media":"","overlay-type":"","overlay-color":"","overlay-opacity":"","overlay-gradient":""},"mobile":{"background-color":"var(--ast-global-color-5)","background-image":"","background-repeat":"repeat","background-position":"center center","background-size":"auto","background-attachment":"scroll","background-type":"","background-media":"","overlay-type":"","overlay-color":"","overlay-opacity":"","overlay-gradient":""}},"footnotes":""},"categories":[74,4,5],"tags":[],"class_list":["post-6595","post","type-post","status-publish","format-standard","has-post-thumbnail","hentry","category-arts-crafts","category-portada","category-primaria"],"post_mailing_queue_ids":[],"_links":{"self":[{"href":"https:\/\/agora.xtec.cat\/ceipsorianomontagut\/wp-json\/wp\/v2\/posts\/6595","targetHints":{"allow":["GET"]}}],"collection":[{"href":"https:\/\/agora.xtec.cat\/ceipsorianomontagut\/wp-json\/wp\/v2\/posts"}],"about":[{"href":"https:\/\/agora.xtec.cat\/ceipsorianomontagut\/wp-json\/wp\/v2\/types\/post"}],"author":[{"embeddable":true,"href":"https:\/\/agora.xtec.cat\/ceipsorianomontagut\/wp-json\/wp\/v2\/users\/1"}],"replies":[{"embeddable":true,"href":"https:\/\/agora.xtec.cat\/ceipsorianomontagut\/wp-json\/wp\/v2\/comments?post=6595"}],"version-history":[{"count":1,"href":"https:\/\/agora.xtec.cat\/ceipsorianomontagut\/wp-json\/wp\/v2\/posts\/6595\/revisions"}],"predecessor-version":[{"id":6597,"href":"https:\/\/agora.xtec.cat\/ceipsorianomontagut\/wp-json\/wp\/v2\/posts\/6595\/revisions\/6597"}],"wp:featuredmedia":[{"embeddable":true,"href":"https:\/\/agora.xtec.cat\/ceipsorianomontagut\/wp-json\/wp\/v2\/media\/6596"}],"wp:attachment":[{"href":"https:\/\/agora.xtec.cat\/ceipsorianomontagut\/wp-json\/wp\/v2\/media?parent=6595"}],"wp:term":[{"taxonomy":"category","embeddable":true,"href":"https:\/\/agora.xtec.cat\/ceipsorianomontagut\/wp-json\/wp\/v2\/categories?post=6595"},{"taxonomy":"post_tag","embeddable":true,"href":"https:\/\/agora.xtec.cat\/ceipsorianomontagut\/wp-json\/wp\/v2\/tags?post=6595"}],"curies":[{"name":"wp","href":"https:\/\/api.w.org\/{rel}","templated":true}]}}