{"id":6072,"date":"2021-05-16T20:23:21","date_gmt":"2021-05-16T18:23:21","guid":{"rendered":"https:\/\/agora.xtec.cat\/ceipsorianomontagut\/?p=6072"},"modified":"2021-05-16T20:47:15","modified_gmt":"2021-05-16T18:47:15","slug":"eleccions-escolars","status":"publish","type":"post","link":"https:\/\/agora.xtec.cat\/ceipsorianomontagut\/general\/eleccions-escolars\/","title":{"rendered":"ELECCIONS ESCOLARS!"},"content":{"rendered":"<p>L&#8217;alumnat de 4t hem estat treballant a les classes de medi social l&#8217;organitzaci\u00f3 territorial i pol\u00edtica del nostre pa\u00eds.<\/p>\n<p>Tamb\u00e9 hem treballat la import\u00e0ncia de l&#8217;ajuntament com a govern de la poblaci\u00f3. A partir d&#8217;aqu\u00ed, hem preparat amb grups cooperatius una campanya pol\u00edtica. L&#8217;objectiu era fer propostes de millora per millorar la nostra escola mitjan\u00e7ant la representaci\u00f3 de partits pol\u00edtics.\u00a0Hem treballat l&#8217;esl\u00f2gan, les sigles, l&#8217;anagrama, el nom del partit, els objectius, etc.<\/p>\n<p>Tamb\u00e9 hem fet la penjada de cartells pels passadissos de l&#8217;escola!\u00a0Ara nom\u00e9s ens queda donar-ho a con\u00e8ixer a la resta de companys de l&#8217;escola mitjan\u00e7ant els m\u00edtings d&#8217;aquest v\u00eddeo.<\/p>\n<p>El proper cap de setmana ser\u00e0 la jornada de reflexi\u00f3&#8230; <strong>I el dimarts 25 de maig el dia de les eleccions<\/strong>! <strong>L&#8217;alumnat de la comunitat dels grans sortir\u00e0 a les urnes a dipositar el seu vot democr\u00e0ticament!\u00a0<\/strong><\/p>\n<p>La proposta guanyadora ser\u00e0 presentada a l&#8217;ajuntament d&#8217;Amposta.<\/p>\n<p><strong>Som-hi!\u00a0<\/strong><\/p>\n<p>&nbsp;<\/p>\n<div class=\"ast-oembed-container \" style=\"height: 100%;\"><iframe loading=\"lazy\" title=\"Eleccions escolars\" width=\"500\" height=\"281\" src=\"https:\/\/www.youtube.com\/embed\/7wyAkv26oe8?feature=oembed\" frameborder=\"0\" allow=\"accelerometer; autoplay; clipboard-write; encrypted-media; gyroscope; picture-in-picture; web-share\" referrerpolicy=\"strict-origin-when-cross-origin\" allowfullscreen><\/iframe><\/div>\n","protected":false},"excerpt":{"rendered":"<p>L&#8217;alumnat de 4t hem estat treballant a les classes de medi social l&#8217;organitzaci\u00f3 territorial i pol\u00edtica del nostre pa\u00eds. Tamb\u00e9 hem treballat la import\u00e0ncia de l&#8217;ajuntament com a govern de la poblaci\u00f3. A partir d&#8217;aqu\u00ed, hem preparat amb grups cooperatius una campanya pol\u00edtica. L&#8217;objectiu era fer propostes de millora per millorar la nostra escola mitjan\u00e7ant [&hellip;]<\/p>\n","protected":false},"author":1,"featured_media":6073,"comment_status":"open","ping_status":"closed","sticky":false,"template":"","format":"standard","meta":{"_bbp_topic_count":0,"_bbp_reply_count":0,"_bbp_total_topic_count":0,"_bbp_total_reply_count":0,"_bbp_voice_count":0,"_bbp_anonymous_reply_count":0,"_bbp_topic_count_hidden":0,"_bbp_reply_count_hidden":0,"_bbp_forum_subforum_count":0,"site-sidebar-layout":"default","site-content-layout":"","ast-site-content-layout":"","site-content-style":"default","site-sidebar-style":"default","ast-global-header-display":"","ast-banner-title-visibility":"","ast-main-header-display":"","ast-hfb-above-header-display":"","ast-hfb-below-header-display":"","ast-hfb-mobile-header-display":"","site-post-title":"","ast-breadcrumbs-content":"","ast-featured-img":"","footer-sml-layout":"","theme-transparent-header-meta":"","adv-header-id-meta":"","stick-header-meta":"","header-above-stick-meta":"","header-main-stick-meta":"","header-below-stick-meta":"","astra-migrate-meta-layouts":"default","ast-page-background-enabled":"default","ast-page-background-meta":{"desktop":{"background-color":"var(--ast-global-color-4)","background-image":"","background-repeat":"repeat","background-position":"center center","background-size":"auto","background-attachment":"scroll","background-type":"","background-media":"","overlay-type":"","overlay-color":"","overlay-opacity":"","overlay-gradient":""},"tablet":{"background-color":"","background-image":"","background-repeat":"repeat","background-position":"center center","background-size":"auto","background-attachment":"scroll","background-type":"","background-media":"","overlay-type":"","overlay-color":"","overlay-opacity":"","overlay-gradient":""},"mobile":{"background-color":"","background-image":"","background-repeat":"repeat","background-position":"center center","background-size":"auto","background-attachment":"scroll","background-type":"","background-media":"","overlay-type":"","overlay-color":"","overlay-opacity":"","overlay-gradient":""}},"ast-content-background-meta":{"desktop":{"background-color":"var(--ast-global-color-5)","background-image":"","background-repeat":"repeat","background-position":"center center","background-size":"auto","background-attachment":"scroll","background-type":"","background-media":"","overlay-type":"","overlay-color":"","overlay-opacity":"","overlay-gradient":""},"tablet":{"background-color":"var(--ast-global-color-5)","background-image":"","background-repeat":"repeat","background-position":"center center","background-size":"auto","background-attachment":"scroll","background-type":"","background-media":"","overlay-type":"","overlay-color":"","overlay-opacity":"","overlay-gradient":""},"mobile":{"background-color":"var(--ast-global-color-5)","background-image":"","background-repeat":"repeat","background-position":"center center","background-size":"auto","background-attachment":"scroll","background-type":"","background-media":"","overlay-type":"","overlay-color":"","overlay-opacity":"","overlay-gradient":""}},"footnotes":""},"categories":[13,70,1,4,5],"tags":[],"class_list":["post-6072","post","type-post","status-publish","format-standard","has-post-thumbnail","hentry","category-4t","category-cicle-mitja","category-general","category-portada","category-primaria"],"post_mailing_queue_ids":[],"_links":{"self":[{"href":"https:\/\/agora.xtec.cat\/ceipsorianomontagut\/wp-json\/wp\/v2\/posts\/6072","targetHints":{"allow":["GET"]}}],"collection":[{"href":"https:\/\/agora.xtec.cat\/ceipsorianomontagut\/wp-json\/wp\/v2\/posts"}],"about":[{"href":"https:\/\/agora.xtec.cat\/ceipsorianomontagut\/wp-json\/wp\/v2\/types\/post"}],"author":[{"embeddable":true,"href":"https:\/\/agora.xtec.cat\/ceipsorianomontagut\/wp-json\/wp\/v2\/users\/1"}],"replies":[{"embeddable":true,"href":"https:\/\/agora.xtec.cat\/ceipsorianomontagut\/wp-json\/wp\/v2\/comments?post=6072"}],"version-history":[{"count":2,"href":"https:\/\/agora.xtec.cat\/ceipsorianomontagut\/wp-json\/wp\/v2\/posts\/6072\/revisions"}],"predecessor-version":[{"id":6075,"href":"https:\/\/agora.xtec.cat\/ceipsorianomontagut\/wp-json\/wp\/v2\/posts\/6072\/revisions\/6075"}],"wp:featuredmedia":[{"embeddable":true,"href":"https:\/\/agora.xtec.cat\/ceipsorianomontagut\/wp-json\/wp\/v2\/media\/6073"}],"wp:attachment":[{"href":"https:\/\/agora.xtec.cat\/ceipsorianomontagut\/wp-json\/wp\/v2\/media?parent=6072"}],"wp:term":[{"taxonomy":"category","embeddable":true,"href":"https:\/\/agora.xtec.cat\/ceipsorianomontagut\/wp-json\/wp\/v2\/categories?post=6072"},{"taxonomy":"post_tag","embeddable":true,"href":"https:\/\/agora.xtec.cat\/ceipsorianomontagut\/wp-json\/wp\/v2\/tags?post=6072"}],"curies":[{"name":"wp","href":"https:\/\/api.w.org\/{rel}","templated":true}]}}