{"id":5866,"date":"2021-04-22T18:02:54","date_gmt":"2021-04-22T16:02:54","guid":{"rendered":"https:\/\/agora.xtec.cat\/ceipsorianomontagut\/?p=5866"},"modified":"2021-04-22T20:35:34","modified_gmt":"2021-04-22T18:35:34","slug":"certamen-de-lectura-en-veu-alta-de-sise","status":"publish","type":"post","link":"https:\/\/agora.xtec.cat\/ceipsorianomontagut\/portada\/certamen-de-lectura-en-veu-alta-de-sise\/","title":{"rendered":"CERTAMEN DE LECTURA EN VEU ALTA DE SIS\u00c8"},"content":{"rendered":"<p><img loading=\"lazy\" decoding=\"async\" class=\"size-medium wp-image-5867 aligncenter\" src=\"https:\/\/agora.xtec.cat\/ceipsorianomontagut\/wp-content\/uploads\/usu1929\/2021\/04\/20210422_154817-300x225.jpg\" alt=\"\" width=\"300\" height=\"225\" srcset=\"https:\/\/agora.xtec.cat\/ceipsorianomontagut\/wp-content\/uploads\/usu1929\/2021\/04\/20210422_154817-300x225.jpg 300w, https:\/\/agora.xtec.cat\/ceipsorianomontagut\/wp-content\/uploads\/usu1929\/2021\/04\/20210422_154817-768x576.jpg 768w, https:\/\/agora.xtec.cat\/ceipsorianomontagut\/wp-content\/uploads\/usu1929\/2021\/04\/20210422_154817-1024x768.jpg 1024w, https:\/\/agora.xtec.cat\/ceipsorianomontagut\/wp-content\/uploads\/usu1929\/2021\/04\/20210422_154817-200x150.jpg 200w\" sizes=\"auto, (max-width: 300px) 100vw, 300px\" \/><\/p>\n<p>Aquesta tarda els alumnes de sis\u00e8 de l&#8217;escola han participat al certamen de lectura en veu alta. Els finalistes eren l&#8217;Aroa, el Marc, l&#8217; \u00c8rica, el V\u00edctor, la Janet i el Sergi.<\/p>\n<p>El jurat, compost per In\u00e9s Mart\u00ed i Ramon Gallart, han comentat la dificultat que han tingut per escollir guanyador, ja que el nivell lector era for\u00e7a alt.<\/p>\n<p>Al final, la guanyadora ha estat Aroa Dom\u00ednguez. Moltes felicitats bonica.<\/p>\n<p>I a continuar llegint!<\/p>\n","protected":false},"excerpt":{"rendered":"<p>Aquesta tarda els alumnes de sis\u00e8 de l&#8217;escola han participat al certamen de lectura en veu alta. Els finalistes eren l&#8217;Aroa, el Marc, l&#8217; \u00c8rica, el V\u00edctor, la Janet i el Sergi. El jurat, compost per In\u00e9s Mart\u00ed i Ramon Gallart, han comentat la dificultat que han tingut per escollir guanyador, ja que el nivell [&hellip;]<\/p>\n","protected":false},"author":1,"featured_media":5867,"comment_status":"open","ping_status":"closed","sticky":false,"template":"","format":"standard","meta":{"_bbp_topic_count":0,"_bbp_reply_count":0,"_bbp_total_topic_count":0,"_bbp_total_reply_count":0,"_bbp_voice_count":0,"_bbp_anonymous_reply_count":0,"_bbp_topic_count_hidden":0,"_bbp_reply_count_hidden":0,"_bbp_forum_subforum_count":0,"site-sidebar-layout":"default","site-content-layout":"","ast-site-content-layout":"","site-content-style":"default","site-sidebar-style":"default","ast-global-header-display":"","ast-banner-title-visibility":"","ast-main-header-display":"","ast-hfb-above-header-display":"","ast-hfb-below-header-display":"","ast-hfb-mobile-header-display":"","site-post-title":"","ast-breadcrumbs-content":"","ast-featured-img":"","footer-sml-layout":"","theme-transparent-header-meta":"","adv-header-id-meta":"","stick-header-meta":"","header-above-stick-meta":"","header-main-stick-meta":"","header-below-stick-meta":"","astra-migrate-meta-layouts":"default","ast-page-background-enabled":"default","ast-page-background-meta":{"desktop":{"background-color":"var(--ast-global-color-4)","background-image":"","background-repeat":"repeat","background-position":"center center","background-size":"auto","background-attachment":"scroll","background-type":"","background-media":"","overlay-type":"","overlay-color":"","overlay-opacity":"","overlay-gradient":""},"tablet":{"background-color":"","background-image":"","background-repeat":"repeat","background-position":"center center","background-size":"auto","background-attachment":"scroll","background-type":"","background-media":"","overlay-type":"","overlay-color":"","overlay-opacity":"","overlay-gradient":""},"mobile":{"background-color":"","background-image":"","background-repeat":"repeat","background-position":"center center","background-size":"auto","background-attachment":"scroll","background-type":"","background-media":"","overlay-type":"","overlay-color":"","overlay-opacity":"","overlay-gradient":""}},"ast-content-background-meta":{"desktop":{"background-color":"var(--ast-global-color-5)","background-image":"","background-repeat":"repeat","background-position":"center center","background-size":"auto","background-attachment":"scroll","background-type":"","background-media":"","overlay-type":"","overlay-color":"","overlay-opacity":"","overlay-gradient":""},"tablet":{"background-color":"var(--ast-global-color-5)","background-image":"","background-repeat":"repeat","background-position":"center center","background-size":"auto","background-attachment":"scroll","background-type":"","background-media":"","overlay-type":"","overlay-color":"","overlay-opacity":"","overlay-gradient":""},"mobile":{"background-color":"var(--ast-global-color-5)","background-image":"","background-repeat":"repeat","background-position":"center center","background-size":"auto","background-attachment":"scroll","background-type":"","background-media":"","overlay-type":"","overlay-color":"","overlay-opacity":"","overlay-gradient":""}},"footnotes":""},"categories":[15,71,4],"tags":[],"class_list":["post-5866","post","type-post","status-publish","format-standard","has-post-thumbnail","hentry","category-6e","category-cicle-superior","category-portada"],"post_mailing_queue_ids":[],"_links":{"self":[{"href":"https:\/\/agora.xtec.cat\/ceipsorianomontagut\/wp-json\/wp\/v2\/posts\/5866","targetHints":{"allow":["GET"]}}],"collection":[{"href":"https:\/\/agora.xtec.cat\/ceipsorianomontagut\/wp-json\/wp\/v2\/posts"}],"about":[{"href":"https:\/\/agora.xtec.cat\/ceipsorianomontagut\/wp-json\/wp\/v2\/types\/post"}],"author":[{"embeddable":true,"href":"https:\/\/agora.xtec.cat\/ceipsorianomontagut\/wp-json\/wp\/v2\/users\/1"}],"replies":[{"embeddable":true,"href":"https:\/\/agora.xtec.cat\/ceipsorianomontagut\/wp-json\/wp\/v2\/comments?post=5866"}],"version-history":[{"count":2,"href":"https:\/\/agora.xtec.cat\/ceipsorianomontagut\/wp-json\/wp\/v2\/posts\/5866\/revisions"}],"predecessor-version":[{"id":5874,"href":"https:\/\/agora.xtec.cat\/ceipsorianomontagut\/wp-json\/wp\/v2\/posts\/5866\/revisions\/5874"}],"wp:featuredmedia":[{"embeddable":true,"href":"https:\/\/agora.xtec.cat\/ceipsorianomontagut\/wp-json\/wp\/v2\/media\/5867"}],"wp:attachment":[{"href":"https:\/\/agora.xtec.cat\/ceipsorianomontagut\/wp-json\/wp\/v2\/media?parent=5866"}],"wp:term":[{"taxonomy":"category","embeddable":true,"href":"https:\/\/agora.xtec.cat\/ceipsorianomontagut\/wp-json\/wp\/v2\/categories?post=5866"},{"taxonomy":"post_tag","embeddable":true,"href":"https:\/\/agora.xtec.cat\/ceipsorianomontagut\/wp-json\/wp\/v2\/tags?post=5866"}],"curies":[{"name":"wp","href":"https:\/\/api.w.org\/{rel}","templated":true}]}}