{"id":5726,"date":"2021-03-13T19:32:49","date_gmt":"2021-03-13T18:32:49","guid":{"rendered":"https:\/\/agora.xtec.cat\/ceipsorianomontagut\/?p=5726"},"modified":"2021-03-13T19:33:15","modified_gmt":"2021-03-13T18:33:15","slug":"8-de-marc-dia-internacional-de-les-dones","status":"publish","type":"post","link":"https:\/\/agora.xtec.cat\/ceipsorianomontagut\/general\/8-de-marc-dia-internacional-de-les-dones\/","title":{"rendered":"8 DE MAR\u00c7, DIA INTERNACIONAL DE LES DONES!"},"content":{"rendered":"<div class=\"ast-oembed-container \" style=\"height: 100%;\"><iframe loading=\"lazy\" title=\"8 de mar\u00e7, Dia internacional de les dones\" width=\"500\" height=\"281\" src=\"https:\/\/www.youtube.com\/embed\/59IJjkt9J3I?feature=oembed\" frameborder=\"0\" allow=\"accelerometer; autoplay; clipboard-write; encrypted-media; gyroscope; picture-in-picture; web-share\" referrerpolicy=\"strict-origin-when-cross-origin\" allowfullscreen><\/iframe><\/div>\n<p>Al llarg d&#8217;aquesta setmana, l&#8217;alumnat de 4t hem treballat el Dia Internacional de les Dones (8 de mar\u00e7).<\/p>\n<p>Ho hem fet a partir de petites biografies de les 10 dones que hem seleccionat per treballar al llarg de la setmana. S\u00f3n nom\u00e9s una petita representaci\u00f3 de dones meravelloses que s\u00f3n importants per diferents motius.<\/p>\n<ul>\n<li>Frida Kahlo, pintora.<\/li>\n<li>Amelia Earhart, aviadora.<\/li>\n<li>Grace O&#8217;Malley, pirata.<\/li>\n<li>Lella Lombardi, pilot de f\u00f2rmula 1.<\/li>\n<li>Maria Montessori, metgessa i educadora.<\/li>\n<li>Mary Kom, boxejadora.<\/li>\n<li>Serena Williams, tenista.<\/li>\n<li>Maria Callas, cantant d&#8217;\u00f2pera.<\/li>\n<li>Cleopatra, faraona.<\/li>\n<li>Coco Chanel, dissenyadora de modes.<\/li>\n<\/ul>\n<p>A partir de les biografies d&#8217;aquestes dones, hem fet diferents activitats: textos de comprensi\u00f3 lectora, raonament matem\u00e0tic, geografia, m\u00fasica i una banderola sobre &#8220;La dona de la meua vida&#8221;.<\/p>\n","protected":false},"excerpt":{"rendered":"<p>Al llarg d&#8217;aquesta setmana, l&#8217;alumnat de 4t hem treballat el Dia Internacional de les Dones (8 de mar\u00e7). Ho hem fet a partir de petites biografies de les 10 dones que hem seleccionat per treballar al llarg de la setmana. S\u00f3n nom\u00e9s una petita representaci\u00f3 de dones meravelloses que s\u00f3n importants per diferents motius. Frida [&hellip;]<\/p>\n","protected":false},"author":1,"featured_media":5729,"comment_status":"open","ping_status":"closed","sticky":false,"template":"","format":"standard","meta":{"_bbp_topic_count":0,"_bbp_reply_count":0,"_bbp_total_topic_count":0,"_bbp_total_reply_count":0,"_bbp_voice_count":0,"_bbp_anonymous_reply_count":0,"_bbp_topic_count_hidden":0,"_bbp_reply_count_hidden":0,"_bbp_forum_subforum_count":0,"site-sidebar-layout":"default","site-content-layout":"","ast-site-content-layout":"","site-content-style":"default","site-sidebar-style":"default","ast-global-header-display":"","ast-banner-title-visibility":"","ast-main-header-display":"","ast-hfb-above-header-display":"","ast-hfb-below-header-display":"","ast-hfb-mobile-header-display":"","site-post-title":"","ast-breadcrumbs-content":"","ast-featured-img":"","footer-sml-layout":"","theme-transparent-header-meta":"","adv-header-id-meta":"","stick-header-meta":"","header-above-stick-meta":"","header-main-stick-meta":"","header-below-stick-meta":"","astra-migrate-meta-layouts":"default","ast-page-background-enabled":"default","ast-page-background-meta":{"desktop":{"background-color":"var(--ast-global-color-4)","background-image":"","background-repeat":"repeat","background-position":"center center","background-size":"auto","background-attachment":"scroll","background-type":"","background-media":"","overlay-type":"","overlay-color":"","overlay-opacity":"","overlay-gradient":""},"tablet":{"background-color":"","background-image":"","background-repeat":"repeat","background-position":"center center","background-size":"auto","background-attachment":"scroll","background-type":"","background-media":"","overlay-type":"","overlay-color":"","overlay-opacity":"","overlay-gradient":""},"mobile":{"background-color":"","background-image":"","background-repeat":"repeat","background-position":"center center","background-size":"auto","background-attachment":"scroll","background-type":"","background-media":"","overlay-type":"","overlay-color":"","overlay-opacity":"","overlay-gradient":""}},"ast-content-background-meta":{"desktop":{"background-color":"var(--ast-global-color-5)","background-image":"","background-repeat":"repeat","background-position":"center center","background-size":"auto","background-attachment":"scroll","background-type":"","background-media":"","overlay-type":"","overlay-color":"","overlay-opacity":"","overlay-gradient":""},"tablet":{"background-color":"var(--ast-global-color-5)","background-image":"","background-repeat":"repeat","background-position":"center center","background-size":"auto","background-attachment":"scroll","background-type":"","background-media":"","overlay-type":"","overlay-color":"","overlay-opacity":"","overlay-gradient":""},"mobile":{"background-color":"var(--ast-global-color-5)","background-image":"","background-repeat":"repeat","background-position":"center center","background-size":"auto","background-attachment":"scroll","background-type":"","background-media":"","overlay-type":"","overlay-color":"","overlay-opacity":"","overlay-gradient":""}},"footnotes":""},"categories":[13,70,1,4,5],"tags":[],"class_list":["post-5726","post","type-post","status-publish","format-standard","has-post-thumbnail","hentry","category-4t","category-cicle-mitja","category-general","category-portada","category-primaria"],"post_mailing_queue_ids":[],"_links":{"self":[{"href":"https:\/\/agora.xtec.cat\/ceipsorianomontagut\/wp-json\/wp\/v2\/posts\/5726","targetHints":{"allow":["GET"]}}],"collection":[{"href":"https:\/\/agora.xtec.cat\/ceipsorianomontagut\/wp-json\/wp\/v2\/posts"}],"about":[{"href":"https:\/\/agora.xtec.cat\/ceipsorianomontagut\/wp-json\/wp\/v2\/types\/post"}],"author":[{"embeddable":true,"href":"https:\/\/agora.xtec.cat\/ceipsorianomontagut\/wp-json\/wp\/v2\/users\/1"}],"replies":[{"embeddable":true,"href":"https:\/\/agora.xtec.cat\/ceipsorianomontagut\/wp-json\/wp\/v2\/comments?post=5726"}],"version-history":[{"count":1,"href":"https:\/\/agora.xtec.cat\/ceipsorianomontagut\/wp-json\/wp\/v2\/posts\/5726\/revisions"}],"predecessor-version":[{"id":5730,"href":"https:\/\/agora.xtec.cat\/ceipsorianomontagut\/wp-json\/wp\/v2\/posts\/5726\/revisions\/5730"}],"wp:featuredmedia":[{"embeddable":true,"href":"https:\/\/agora.xtec.cat\/ceipsorianomontagut\/wp-json\/wp\/v2\/media\/5729"}],"wp:attachment":[{"href":"https:\/\/agora.xtec.cat\/ceipsorianomontagut\/wp-json\/wp\/v2\/media?parent=5726"}],"wp:term":[{"taxonomy":"category","embeddable":true,"href":"https:\/\/agora.xtec.cat\/ceipsorianomontagut\/wp-json\/wp\/v2\/categories?post=5726"},{"taxonomy":"post_tag","embeddable":true,"href":"https:\/\/agora.xtec.cat\/ceipsorianomontagut\/wp-json\/wp\/v2\/tags?post=5726"}],"curies":[{"name":"wp","href":"https:\/\/api.w.org\/{rel}","templated":true}]}}